{"id":15987,"date":"2021-01-04T16:43:09","date_gmt":"2021-01-04T14:43:09","guid":{"rendered":"http:\/\/bisbalpenedes.com\/web\/?p=15987"},"modified":"2021-01-04T16:43:09","modified_gmt":"2021-01-04T14:43:09","slug":"noves-mesures-contra-la-covid-19-a-partir-del-7-de-gener","status":"publish","type":"post","link":"https:\/\/bisbalpenedes.com\/web\/2021\/01\/04\/noves-mesures-contra-la-covid-19-a-partir-del-7-de-gener\/","title":{"rendered":"Noves mesures contra la COVID-19 a partir del 7 de gener"},"content":{"rendered":"<p><span style=\"color: #000000;\">Aquestes s\u00f3n les mesures que ha anunciat avui la Generalitat de Catalunya. Entraran en vigor el dia 7 de gener.<\/span><\/p>\n<p><span style=\"color: #000000;\">M\u00e9s informaci\u00f3 al Canal Salut:<\/span>\u00a0<a href=\"http:\/\/ow.ly\/cYf250CZiZB\" target=\"_blank\">http:\/\/ow.ly\/cYf250CZiZB<\/a><\/p>\n<hr \/>\n<p><span style=\"color: #000000;\">Estas son las medidas que ha anunciado hoy la Generalitat de Catalunya. Entrar\u00e1n en vigor el 7 de enero.<\/span><\/p>\n<p><span style=\"color: #000000;\">M\u00e1s informaci\u00f3n en el Canal Salut:\u00a0<\/span><a href=\"http:\/\/ow.ly\/cYf250CZiZB\" target=\"_blank\">http:\/\/ow.ly\/cYf250CZiZB<\/a><\/p>\n<p><a href=\"http:\/\/bisbalpenedes.com\/web\/2021\/01\/04\/noves-mesures-contra-la-covid-19-a-partir-del-7-de-gener\/mesures-a-partir-7-gener-21-gencat\/\" rel=\"attachment wp-att-15988\"><img loading=\"lazy\" class=\"aligncenter size-full wp-image-15988\" src=\"http:\/\/bisbalpenedes.com\/web\/wp-content\/uploads\/2021\/01\/MESURES-A-PARTIR-7-GENER-21-GENCAT.jpg\" alt=\"MESURES A PARTIR 7 GENER 21 GENCAT\" width=\"1452\" height=\"2048\" srcset=\"https:\/\/bisbalpenedes.com\/web\/wp-content\/uploads\/2021\/01\/MESURES-A-PARTIR-7-GENER-21-GENCAT.jpg 1452w, https:\/\/bisbalpenedes.com\/web\/wp-content\/uploads\/2021\/01\/MESURES-A-PARTIR-7-GENER-21-GENCAT-600x846.jpg 600w, https:\/\/bisbalpenedes.com\/web\/wp-content\/uploads\/2021\/01\/MESURES-A-PARTIR-7-GENER-21-GENCAT-213x300.jpg 213w, https:\/\/bisbalpenedes.com\/web\/wp-content\/uploads\/2021\/01\/MESURES-A-PARTIR-7-GENER-21-GENCAT-768x1083.jpg 768w, https:\/\/bisbalpenedes.com\/web\/wp-content\/uploads\/2021\/01\/MESURES-A-PARTIR-7-GENER-21-GENCAT-726x1024.jpg 726w\" sizes=\"(max-width: 1452px) 100vw, 1452px\" \/><\/a><a href=\"http:\/\/bisbalpenedes.com\/web\/2021\/01\/04\/noves-mesures-contra-la-covid-19-a-partir-del-7-de-gener\/mesures-a-partir-7-gener-21-gencat\/\" rel=\"attachment wp-att-15988\"><br \/>\n<\/a><\/p>\n","protected":false},"excerpt":{"rendered":"<p>Aquestes s\u00f3n les mesures que ha anunciat avui la Generalitat de Catalunya. Entraran en vigor el dia 7 de gener. M\u00e9s informaci\u00f3 al Canal Salut:\u00a0http:\/\/ow.ly\/cYf250CZiZB Estas son las medidas que &hellip; <a href=\"https:\/\/bisbalpenedes.com\/web\/2021\/01\/04\/noves-mesures-contra-la-covid-19-a-partir-del-7-de-gener\/\" class=\"more-link\">Read More<\/a><\/p>\n","protected":false},"author":4,"featured_media":15988,"comment_status":"closed","ping_status":"closed","sticky":false,"template":"","format":"standard","meta":[],"categories":[8,14],"tags":[3550,3559,4295,82,145],"_links":{"self":[{"href":"https:\/\/bisbalpenedes.com\/web\/wp-json\/wp\/v2\/posts\/15987"}],"collection":[{"href":"https:\/\/bisbalpenedes.com\/web\/wp-json\/wp\/v2\/posts"}],"about":[{"href":"https:\/\/bisbalpenedes.com\/web\/wp-json\/wp\/v2\/types\/post"}],"author":[{"embeddable":true,"href":"https:\/\/bisbalpenedes.com\/web\/wp-json\/wp\/v2\/users\/4"}],"replies":[{"embeddable":true,"href":"https:\/\/bisbalpenedes.com\/web\/wp-json\/wp\/v2\/comments?post=15987"}],"version-history":[{"count":2,"href":"https:\/\/bisbalpenedes.com\/web\/wp-json\/wp\/v2\/posts\/15987\/revisions"}],"predecessor-version":[{"id":15990,"href":"https:\/\/bisbalpenedes.com\/web\/wp-json\/wp\/v2\/posts\/15987\/revisions\/15990"}],"wp:featuredmedia":[{"embeddable":true,"href":"https:\/\/bisbalpenedes.com\/web\/wp-json\/wp\/v2\/media\/15988"}],"wp:attachment":[{"href":"https:\/\/bisbalpenedes.com\/web\/wp-json\/wp\/v2\/media?parent=15987"}],"wp:term":[{"taxonomy":"category","embeddable":true,"href":"https:\/\/bisbalpenedes.com\/web\/wp-json\/wp\/v2\/categories?post=15987"},{"taxonomy":"post_tag","embeddable":true,"href":"https:\/\/bisbalpenedes.com\/web\/wp-json\/wp\/v2\/tags?post=15987"}],"curies":[{"name":"wp","href":"https:\/\/api.w.org\/{rel}","templated":true}]}}