{"id":15971,"date":"2020-12-30T14:00:44","date_gmt":"2020-12-30T12:00:44","guid":{"rendered":"http:\/\/bisbalpenedes.com\/web\/?p=15971"},"modified":"2021-01-27T13:40:35","modified_gmt":"2021-01-27T11:40:35","slug":"saprova-el-compte-de-liquidacio-definitiva-de-lincrement-de-potencia-electrica-dels-poligons-industrials","status":"publish","type":"post","link":"https:\/\/bisbalpenedes.com\/web\/2020\/12\/30\/saprova-el-compte-de-liquidacio-definitiva-de-lincrement-de-potencia-electrica-dels-poligons-industrials\/","title":{"rendered":"S\u2019aprova el compte de liquidaci\u00f3 definitiva de l\u2019increment de pot\u00e8ncia el\u00e8ctrica dels pol\u00edgons industrials"},"content":{"rendered":"<p style=\"font-weight: 400; text-align: justify;\"><span style=\"color: #000000;\">La Junta de govern del 29 de desembre ha aprovat, provisionalment, el compte de liquidaci\u00f3 definitiva de l\u2019operaci\u00f3 jur\u00eddica complement\u00e0ria de la reparcel\u00b7laci\u00f3 del pol\u00edgon de Les Planes i s\u2019ha obert el per\u00edode d\u2019informaci\u00f3 p\u00fablica.<\/span><\/p>\n<p style=\"font-weight: 400; text-align: justify;\"><span style=\"color: #000000;\">El setembre de 2020 va acabar l\u2019obra per a l\u2019increment de pot\u00e8ncia el\u00e8ctrica als pol\u00edgons industrials i, per aquest motiu, ara es procedeix a fer la liquidaci\u00f3 final i el tancament de l\u2019obra. El cost total d\u2019aquesta obra, corresponent a les parcel\u00b7les del pol\u00edgon industrial Les Planes, es va valorar en 724.396,01\u20ac (IVA incl\u00f2s) i el pagament de les quotes ha anat a c\u00e0rrec dels propietaris de les parcel\u00b7les del pol\u00edgon industrial. El cost definitiu ha ascendit a 749.922,75\u20ac (IVA incl\u00f2s) i, per tant, s\u2019ha aprovat el pagament de la difer\u00e8ncia, que \u00e9s de 24.626,74\u20ac. Mitjan\u00e7ant l\u2019aprovaci\u00f3 del compte de liquidaci\u00f3 definitiu es regularitzaran les liquidacions provisionals practicades pels propietaris de les parcel\u00b7les.<\/span><\/p>\n<hr \/>\n<p style=\"font-weight: 400; text-align: justify;\"><span style=\"color: #000000;\"><b><strong>CASTELLANO |<\/strong><\/b>\u00a0La Junta de gobierno del 29 de diciembre ha aprobado, provisionalmente, la cuanta de liquidaci\u00f3n definitiva de la operaci\u00f3n jur\u00eddica complementaria de la reparcelaci\u00f3n del pol\u00edgono de Les Planes y se ha abierto el periodo de informaci\u00f3n p\u00fablica.<\/span><\/p>\n<p style=\"font-weight: 400; text-align: justify;\"><span style=\"color: #000000;\">En septiembre de 2020 se termin\u00f3 la obra para el incremento de potencia el\u00e9ctrica en los pol\u00edgonos industriales y, por este motivo, ahora se procede a hacer la liquidaci\u00f3n final y el cierre de la obra. El coste total de esta obra, correspondiente a las parcelas del pol\u00edgono industrial de Les Planes, se valor\u00f3 en 724.396,01\u20ac (IVA incluido) y el pago de cuotas ha ido a cargo de los propietarios de las parcelas del pol\u00edgono industrial. El coste definitivo ha ascendido a 749.922,75\u20ac (IVA incluido) y, por tanto, se ha aprobado el pago de la diferencia, que es de 24.626,74\u20ac. Mediante la aprobaci\u00f3n de la cuenta de liquidaci\u00f3n definitiva, se regularizar\u00e1n las liquidaciones provisionales practicadas por los propietarios de las parcelas.<\/span><\/p>\n<p style=\"text-align: justify;\">\n","protected":false},"excerpt":{"rendered":"<p>La Junta de govern del 29 de desembre ha aprovat, provisionalment, el compte de liquidaci\u00f3 definitiva de l\u2019operaci\u00f3 jur\u00eddica complement\u00e0ria de la reparcel\u00b7laci\u00f3 del pol\u00edgon de Les Planes i s\u2019ha &hellip; <a href=\"https:\/\/bisbalpenedes.com\/web\/2020\/12\/30\/saprova-el-compte-de-liquidacio-definitiva-de-lincrement-de-potencia-electrica-dels-poligons-industrials\/\" class=\"more-link\">Read More<\/a><\/p>\n","protected":false},"author":4,"featured_media":10400,"comment_status":"closed","ping_status":"closed","sticky":false,"template":"","format":"standard","meta":[],"categories":[8,15],"tags":[443,2623,4292,199],"_links":{"self":[{"href":"https:\/\/bisbalpenedes.com\/web\/wp-json\/wp\/v2\/posts\/15971"}],"collection":[{"href":"https:\/\/bisbalpenedes.com\/web\/wp-json\/wp\/v2\/posts"}],"about":[{"href":"https:\/\/bisbalpenedes.com\/web\/wp-json\/wp\/v2\/types\/post"}],"author":[{"embeddable":true,"href":"https:\/\/bisbalpenedes.com\/web\/wp-json\/wp\/v2\/users\/4"}],"replies":[{"embeddable":true,"href":"https:\/\/bisbalpenedes.com\/web\/wp-json\/wp\/v2\/comments?post=15971"}],"version-history":[{"count":4,"href":"https:\/\/bisbalpenedes.com\/web\/wp-json\/wp\/v2\/posts\/15971\/revisions"}],"predecessor-version":[{"id":16225,"href":"https:\/\/bisbalpenedes.com\/web\/wp-json\/wp\/v2\/posts\/15971\/revisions\/16225"}],"wp:featuredmedia":[{"embeddable":true,"href":"https:\/\/bisbalpenedes.com\/web\/wp-json\/wp\/v2\/media\/10400"}],"wp:attachment":[{"href":"https:\/\/bisbalpenedes.com\/web\/wp-json\/wp\/v2\/media?parent=15971"}],"wp:term":[{"taxonomy":"category","embeddable":true,"href":"https:\/\/bisbalpenedes.com\/web\/wp-json\/wp\/v2\/categories?post=15971"},{"taxonomy":"post_tag","embeddable":true,"href":"https:\/\/bisbalpenedes.com\/web\/wp-json\/wp\/v2\/tags?post=15971"}],"curies":[{"name":"wp","href":"https:\/\/api.w.org\/{rel}","templated":true}]}}