{"id":15969,"date":"2020-12-30T15:12:34","date_gmt":"2020-12-30T13:12:34","guid":{"rendered":"http:\/\/bisbalpenedes.com\/web\/?p=15969"},"modified":"2020-12-30T15:21:11","modified_gmt":"2020-12-30T13:21:11","slug":"saprova-la-darrera-certificacio-de-les-obres-de-rehabilitacio-dels-dos-habitatges-socials-de-les-cases-dels-mestres","status":"publish","type":"post","link":"https:\/\/bisbalpenedes.com\/web\/2020\/12\/30\/saprova-la-darrera-certificacio-de-les-obres-de-rehabilitacio-dels-dos-habitatges-socials-de-les-cases-dels-mestres\/","title":{"rendered":"S\u2019aprova la darrera certificaci\u00f3 de les obres de rehabilitaci\u00f3 dels dos habitatges socials de les cases dels mestres"},"content":{"rendered":"<p style=\"text-align: justify;\"><a href=\"http:\/\/bisbalpenedes.com\/web\/wp-content\/uploads\/2020\/12\/CASES-DELS-MESTRES.jpg\"><img loading=\"lazy\" class=\"aligncenter size-large wp-image-15977\" src=\"http:\/\/bisbalpenedes.com\/web\/wp-content\/uploads\/2020\/12\/CASES-DELS-MESTRES-1024x768.jpg\" alt=\"CASES DELS MESTRES\" width=\"630\" height=\"473\" srcset=\"https:\/\/bisbalpenedes.com\/web\/wp-content\/uploads\/2020\/12\/CASES-DELS-MESTRES-1024x768.jpg 1024w, https:\/\/bisbalpenedes.com\/web\/wp-content\/uploads\/2020\/12\/CASES-DELS-MESTRES-600x450.jpg 600w, https:\/\/bisbalpenedes.com\/web\/wp-content\/uploads\/2020\/12\/CASES-DELS-MESTRES-300x225.jpg 300w, https:\/\/bisbalpenedes.com\/web\/wp-content\/uploads\/2020\/12\/CASES-DELS-MESTRES-768x576.jpg 768w\" sizes=\"(max-width: 630px) 100vw, 630px\" \/><\/a><\/p>\n<p style=\"text-align: justify;\"><span style=\"color: #000000;\">La Junta de govern del 29 de desembre de 2020 ha aprovat la quarta i darrera certificaci\u00f3 de les obres de rehabilitaci\u00f3 dels dos habitatges socials, ubicats a les antigues cases dels mestres, per un import de 17.256,12\u20ac. El pas seg\u00fcent a aquesta aprovaci\u00f3 ser\u00e0 la recepci\u00f3 de les obres.<\/span><\/p>\n<p style=\"text-align: justify;\"><span style=\"color: #000000;\">Paral\u00b7lelament, la Junta de govern ha aprovat la licitaci\u00f3 de mobles i maquin\u00e0ria, que inclou el mobiliari i electrodom\u00e8stics per aquests dos habitatges. Est\u00e0 previst que la setmana vinent s\u2019obri el per\u00edode de licitaci\u00f3.<\/span><\/p>\n<p style=\"text-align: justify;\"><span style=\"color: #000000;\">Una vegada s\u2019hagin recepcionat les obres i les dues cases s\u2019hagin equipat, l\u2019Ajuntament de la Bisbal del Pened\u00e8s haur\u00e0 d\u2019aprovar les bases per accedir als habitatges socials.<\/span><\/p>\n<p style=\"text-align: justify;\"><span style=\"color: #000000;\">Les obres de rehabilitaci\u00f3 de les cases dels mestres han tingut un cost de 73.676,27\u20ac (IVA incl\u00f2s) i aquest projecte compta amb una subvenci\u00f3 de la Diputaci\u00f3 de Tarragona per un import de 20.000\u20ac.<\/span><\/p>\n<hr \/>\n<p style=\"text-align: justify;\"><span style=\"color: #000000;\"><strong>CASTELLANO |<\/strong> La Junta de gobierno del 29 de diciembre de 2020 aprob\u00f3 la cuarta y \u00faltima certificaci\u00f3n de las obras de rehabilitaci\u00f3n de las dos viviendas sociales, ubicadas en las antiguas casas de los maestros, por un importe de 17.256,12\u20ac. El paso siguiente a esta aprobaci\u00f3n ser\u00e1 la recepci\u00f3n de las obras.<\/span><\/p>\n<p style=\"text-align: justify;\"><span style=\"color: #000000;\">Paralelamente, la Junta de gobierno ha aprobado la licitaci\u00f3n de muebles y maquinaria, que incluye el mobiliario y electrodom\u00e9sticos para estas dos viviendas. Est\u00e1 previsto que la semana que viene se abra el periodo de licitaci\u00f3n.<\/span><\/p>\n<p style=\"text-align: justify;\"><span style=\"color: #000000;\">Una vez se hayan recepcionado las obras y las dos casas se hayan equipado, el Ayuntamiento de la Bisbal del Pened\u00e8s tendr\u00e1 que aprobar las bases para acceder a las dos viviendas sociales.<\/span><\/p>\n<p style=\"text-align: justify;\"><span style=\"color: #000000;\">Las obras de rehabilitaci\u00f3n de las casas de los maestros han tenido un coste de 73.676,27\u20ac (IVA incluido) y este proyecto cuenta con una subvenci\u00f3n de la Diputaci\u00f3n de Tarragona por un importe de 20.000\u20ac.<\/span><\/p>\n","protected":false},"excerpt":{"rendered":"<p>La Junta de govern del 29 de desembre de 2020 ha aprovat la quarta i darrera certificaci\u00f3 de les obres de rehabilitaci\u00f3 dels dos habitatges socials, ubicats a les antigues &hellip; <a href=\"https:\/\/bisbalpenedes.com\/web\/2020\/12\/30\/saprova-la-darrera-certificacio-de-les-obres-de-rehabilitacio-dels-dos-habitatges-socials-de-les-cases-dels-mestres\/\" class=\"more-link\">Read More<\/a><\/p>\n","protected":false},"author":4,"featured_media":15977,"comment_status":"closed","ping_status":"closed","sticky":false,"template":"","format":"standard","meta":[],"categories":[8,17,15],"tags":[384,385,268,3285],"_links":{"self":[{"href":"https:\/\/bisbalpenedes.com\/web\/wp-json\/wp\/v2\/posts\/15969"}],"collection":[{"href":"https:\/\/bisbalpenedes.com\/web\/wp-json\/wp\/v2\/posts"}],"about":[{"href":"https:\/\/bisbalpenedes.com\/web\/wp-json\/wp\/v2\/types\/post"}],"author":[{"embeddable":true,"href":"https:\/\/bisbalpenedes.com\/web\/wp-json\/wp\/v2\/users\/4"}],"replies":[{"embeddable":true,"href":"https:\/\/bisbalpenedes.com\/web\/wp-json\/wp\/v2\/comments?post=15969"}],"version-history":[{"count":3,"href":"https:\/\/bisbalpenedes.com\/web\/wp-json\/wp\/v2\/posts\/15969\/revisions"}],"predecessor-version":[{"id":15982,"href":"https:\/\/bisbalpenedes.com\/web\/wp-json\/wp\/v2\/posts\/15969\/revisions\/15982"}],"wp:featuredmedia":[{"embeddable":true,"href":"https:\/\/bisbalpenedes.com\/web\/wp-json\/wp\/v2\/media\/15977"}],"wp:attachment":[{"href":"https:\/\/bisbalpenedes.com\/web\/wp-json\/wp\/v2\/media?parent=15969"}],"wp:term":[{"taxonomy":"category","embeddable":true,"href":"https:\/\/bisbalpenedes.com\/web\/wp-json\/wp\/v2\/categories?post=15969"},{"taxonomy":"post_tag","embeddable":true,"href":"https:\/\/bisbalpenedes.com\/web\/wp-json\/wp\/v2\/tags?post=15969"}],"curies":[{"name":"wp","href":"https:\/\/api.w.org\/{rel}","templated":true}]}}