{"id":15953,"date":"2020-12-30T12:36:47","date_gmt":"2020-12-30T10:36:47","guid":{"rendered":"http:\/\/bisbalpenedes.com\/web\/?p=15953"},"modified":"2021-01-27T13:40:37","modified_gmt":"2021-01-27T11:40:37","slug":"les-families-beneficiaries-del-xec-nado-ja-han-passat-a-recollir-els-10-vals-de-10e-que-es-podran-bescanviar-als-establiments-bisbalencs-adherits-a-la-iniciativa","status":"publish","type":"post","link":"https:\/\/bisbalpenedes.com\/web\/2020\/12\/30\/les-families-beneficiaries-del-xec-nado-ja-han-passat-a-recollir-els-10-vals-de-10e-que-es-podran-bescanviar-als-establiments-bisbalencs-adherits-a-la-iniciativa\/","title":{"rendered":"Les fam\u00edlies benefici\u00e0ries del \u2018Xec nad\u00f3\u2019 ja han passat a recollir els 10 vals de 10\u20ac que podran bescanviar als establiments bisbalencs adherits a la iniciativa"},"content":{"rendered":"<div class=\"kvgmc6g5 cxmmr5t8 oygrvhab hcukyx3x c1et5uql ii04i59q\">\n<div dir=\"auto\" style=\"text-align: justify;\"><span style=\"color: #000000;\">Les fam\u00edlies benefici\u00e0ries del \u2018Xec nad\u00f3\u2019 ja han passat a recollir el talonari de 100\u20ac (10 vals de 10\u20ac) que es podran bescanviar als establiments bisbalencs adherits a la iniciativa de la Regidoria de Comer\u00e7.<\/span><\/div>\n<div dir=\"auto\" style=\"text-align: justify;\"><\/div>\n<div dir=\"auto\" style=\"text-align: justify;\"><span style=\"color: #000000;\">L\u2019alcaldessa Agn\u00e8s Ferr\u00e9 i la regidora de Comer\u00e7, Judith Vidal, han entregat els talonaris a les set fam\u00edlies benefici\u00e0ries.<\/span><\/div>\n<\/div>\n<div class=\"o9v6fnle cxmmr5t8 oygrvhab hcukyx3x c1et5uql ii04i59q\" style=\"text-align: justify;\">\n<div dir=\"auto\">\n<hr \/>\n<\/div>\n<\/div>\n<div class=\"o9v6fnle cxmmr5t8 oygrvhab hcukyx3x c1et5uql ii04i59q\">\n<div dir=\"auto\" style=\"text-align: justify;\"><span style=\"color: #000000;\"><strong>CASTELLANO |<\/strong> Las familias beneficiarias del \u2018Xec nad\u00f3\u2019 ya han pasado a recoger el talonario de 100\u20ac\u00a0(10 vales de 10\u20ac) que se podr\u00e1n canjear en los establecimientos adheridos en la iniciativa de la Concejal\u00eda de Comercio.<\/span><\/div>\n<div dir=\"auto\" style=\"text-align: justify;\"><\/div>\n<div dir=\"auto\" style=\"text-align: justify;\"><span style=\"color: #000000;\">La alcaldesa Agn\u00e8s Ferr\u00e9 y la concejala de Comercio, Judith Vidal, han entregado los talonarios a las siete familias beneficiarias.<\/span><\/div>\n<\/div>\n<div dir=\"auto\" style=\"text-align: justify;\"><a href=\"http:\/\/bisbalpenedes.com\/web\/wp-content\/uploads\/2020\/12\/COLLAGE-XEC-NADO.jpeg\"><img loading=\"lazy\" class=\"aligncenter size-large wp-image-15954\" src=\"http:\/\/bisbalpenedes.com\/web\/wp-content\/uploads\/2020\/12\/COLLAGE-XEC-NADO-1024x1024.jpeg\" alt=\"COLLAGE XEC NADO\" width=\"630\" height=\"630\" srcset=\"https:\/\/bisbalpenedes.com\/web\/wp-content\/uploads\/2020\/12\/COLLAGE-XEC-NADO-1024x1024.jpeg 1024w, https:\/\/bisbalpenedes.com\/web\/wp-content\/uploads\/2020\/12\/COLLAGE-XEC-NADO-300x300.jpeg 300w, https:\/\/bisbalpenedes.com\/web\/wp-content\/uploads\/2020\/12\/COLLAGE-XEC-NADO-100x100.jpeg 100w, https:\/\/bisbalpenedes.com\/web\/wp-content\/uploads\/2020\/12\/COLLAGE-XEC-NADO-600x600.jpeg 600w, https:\/\/bisbalpenedes.com\/web\/wp-content\/uploads\/2020\/12\/COLLAGE-XEC-NADO-150x150.jpeg 150w, https:\/\/bisbalpenedes.com\/web\/wp-content\/uploads\/2020\/12\/COLLAGE-XEC-NADO-768x768.jpeg 768w, https:\/\/bisbalpenedes.com\/web\/wp-content\/uploads\/2020\/12\/COLLAGE-XEC-NADO.jpeg 1600w\" sizes=\"(max-width: 630px) 100vw, 630px\" \/><\/a><\/div>\n","protected":false},"excerpt":{"rendered":"<p>Les fam\u00edlies benefici\u00e0ries del \u2018Xec nad\u00f3\u2019 ja han passat a recollir el talonari de 100\u20ac (10 vals de 10\u20ac) que es podran bescanviar als establiments bisbalencs adherits a la iniciativa &hellip; <a href=\"https:\/\/bisbalpenedes.com\/web\/2020\/12\/30\/les-families-beneficiaries-del-xec-nado-ja-han-passat-a-recollir-els-10-vals-de-10e-que-es-podran-bescanviar-als-establiments-bisbalencs-adherits-a-la-iniciativa\/\" class=\"more-link\">Read More<\/a><\/p>\n","protected":false},"author":4,"featured_media":15954,"comment_status":"closed","ping_status":"closed","sticky":false,"template":"","format":"standard","meta":[],"categories":[3860,8],"tags":[1015,329,1491,4289,415,99,240],"_links":{"self":[{"href":"https:\/\/bisbalpenedes.com\/web\/wp-json\/wp\/v2\/posts\/15953"}],"collection":[{"href":"https:\/\/bisbalpenedes.com\/web\/wp-json\/wp\/v2\/posts"}],"about":[{"href":"https:\/\/bisbalpenedes.com\/web\/wp-json\/wp\/v2\/types\/post"}],"author":[{"embeddable":true,"href":"https:\/\/bisbalpenedes.com\/web\/wp-json\/wp\/v2\/users\/4"}],"replies":[{"embeddable":true,"href":"https:\/\/bisbalpenedes.com\/web\/wp-json\/wp\/v2\/comments?post=15953"}],"version-history":[{"count":5,"href":"https:\/\/bisbalpenedes.com\/web\/wp-json\/wp\/v2\/posts\/15953\/revisions"}],"predecessor-version":[{"id":16227,"href":"https:\/\/bisbalpenedes.com\/web\/wp-json\/wp\/v2\/posts\/15953\/revisions\/16227"}],"wp:featuredmedia":[{"embeddable":true,"href":"https:\/\/bisbalpenedes.com\/web\/wp-json\/wp\/v2\/media\/15954"}],"wp:attachment":[{"href":"https:\/\/bisbalpenedes.com\/web\/wp-json\/wp\/v2\/media?parent=15953"}],"wp:term":[{"taxonomy":"category","embeddable":true,"href":"https:\/\/bisbalpenedes.com\/web\/wp-json\/wp\/v2\/categories?post=15953"},{"taxonomy":"post_tag","embeddable":true,"href":"https:\/\/bisbalpenedes.com\/web\/wp-json\/wp\/v2\/tags?post=15953"}],"curies":[{"name":"wp","href":"https:\/\/api.w.org\/{rel}","templated":true}]}}