{"id":15949,"date":"2021-01-04T14:43:15","date_gmt":"2021-01-04T12:43:15","guid":{"rendered":"http:\/\/bisbalpenedes.com\/web\/?p=15949"},"modified":"2021-01-04T14:44:06","modified_gmt":"2021-01-04T12:44:06","slug":"sobre-la-licitacio-per-a-la-compra-de-mobiliari-i-maquinaria-per-a-diversos-equipaments-municipals","status":"publish","type":"post","link":"https:\/\/bisbalpenedes.com\/web\/2021\/01\/04\/sobre-la-licitacio-per-a-la-compra-de-mobiliari-i-maquinaria-per-a-diversos-equipaments-municipals\/","title":{"rendered":"S\u2019obre la licitaci\u00f3 per a la compra de mobiliari i maquin\u00e0ria per a diversos equipaments municipals"},"content":{"rendered":"<p style=\"text-align: justify;\"><span style=\"color: #000000;\">La Junta de Govern local ha aprovat iniciar l\u2019expedient de la licitaci\u00f3 i aprovar els plecs de cl\u00e0usules administratives i prescripcions t\u00e8cniques de la licitaci\u00f3 per a la compra de mobiliari i maquin\u00e0ria per als dos habitatges socials (antigues cases dels mestres), el local social de La Miralba, el local social de Can Gordei i la Sala de Plens per un import de 22.548,11\u20ac (IVA incl\u00f2s). La licitaci\u00f3 compr\u00e8n dos lots:<\/span><\/p>\n<p style=\"padding-left: 30px; text-align: justify;\"><span style=\"color: #000000;\"><strong>Lot 1:<\/strong> mobiliari, per un total de 13.405,35\u20ac (IVA incl\u00f2s)<\/span><\/p>\n<p style=\"padding-left: 30px; text-align: justify;\"><span style=\"color: #000000;\"><strong>Lot 2:<\/strong> maquin\u00e0ria i electrodom\u00e8stics, per un total de 9.142,76\u20ac (IVA incl\u00f2s)<\/span><\/p>\n<p style=\"text-align: justify;\"><span style=\"color: #000000;\">En aquesta licitaci\u00f3 s\u2019inclou:<\/span><\/p>\n<p style=\"padding-left: 30px; text-align: justify;\"><span style=\"color: #000000;\"><u>Per als dos habitatges socials (antigues cases dels mestres):<\/u> dos llits complets, dues lliteres completes, sis tauletes de nit, quatre armaris, dues taules de menjador, vuit cadires de menjador, dues rentadores, dos frigor\u00edfics, dos microones.<\/span><\/p>\n<p style=\"padding-left: 30px; text-align: justify;\"><span style=\"color: #000000;\"><u>Per a la sala de Plens:<\/u> 11 cadires per als membres del Consistori.<\/span><\/p>\n<p style=\"padding-left: 30px; text-align: justify;\"><span style=\"color: #000000;\"><u>Local social de La Miralba: <\/u><\/span><\/p>\n<p style=\"padding-left: 60px; text-align: justify;\"><span style=\"color: #000000;\">-Bar: cinc taules, vint cadires, quatre tamborets, refredador d\u2019ampolles, rentagots frontal industrial, moble cafeter, dos mobles contramostrador, descalcificador, microones semiindustrial, fregidora, sandvitxera, congelador vertical amb calaixos, TV.<\/span><\/p>\n<p style=\"padding-left: 60px; text-align: justify;\"><span style=\"color: #000000;\">-Despatx: taula d\u2019oficina, buc amb tres calaixos, dos armaris, tres cadires<\/span><\/p>\n<p style=\"padding-left: 60px; text-align: justify;\"><span style=\"color: #000000;\">-Sala de reunions: taula per reunions, vuit cadires, armari, cortina per la porta exterior<\/span><\/p>\n<p style=\"padding-left: 30px; text-align: justify;\"><span style=\"color: #000000;\">L<u>ocal social de Can Gordei<\/u>: fregidora, renta gots industrial, vitrina refrigeradora pel bar, vitrina per la botiga<\/span><\/p>\n<p style=\"text-align: justify;\"><span style=\"color: #000000;\"><strong>Termini de presentaci\u00f3 d\u2019ofertes<\/strong>: del 5 de gener al 19 de gener de 2021 a les 14h.<\/span><\/p>\n<p><span style=\"color: #000000;\"><strong>Enlla\u00e7 al perfil de contractant:\u00a0<\/strong><\/span><a href=\"https:\/\/contractaciopublica.gencat.cat\/ecofin_pscp\/AppJava\/notice.pscp?reqCode=viewCn&amp;idDoc=74575824&amp;lawType=\">https:\/\/contractaciopublica.gencat.cat\/ecofin_pscp\/AppJava\/notice.pscp?reqCode=viewCn&amp;idDoc=74575824&amp;lawType=<\/a><\/p>\n<hr \/>\n<p style=\"text-align: justify;\"><span style=\"color: #000000;\"><strong>CASTELLANO |<\/strong> La Junta de Gobierno local ha aprobado iniciar el expediente de la licitaci\u00f3n y aprobar los pliegos de cl\u00e1usulas administrativas y prescripciones t\u00e9cnicas de la licitaci\u00f3n para la compra de mobiliario y maquinaria para las dos viviendas sociales (antiguas casas de los maestros), el local social de La Miralba, el local social de Can Gordei y la Sala de Plenos por un importe de 22.548,11\u20ac (IVA incluido). La licitaci\u00f3n comprende dos lotes:<\/span><\/p>\n<p style=\"padding-left: 30px; text-align: justify;\"><span style=\"color: #000000;\"><strong>Lote 1:<\/strong> mobiliario, por un total de 13.405,35\u20ac (IVA incluido)<\/span><\/p>\n<p style=\"padding-left: 30px; text-align: justify;\"><span style=\"color: #000000;\"><strong>Lote 2:<\/strong> maquinaria y electrodom\u00e9sticos, por un total de 9.142,76\u20ac (IVA incluido)<\/span><\/p>\n<p style=\"text-align: justify;\"><span style=\"color: #000000;\">En esta licitaci\u00f3n se incluye:<\/span><\/p>\n<p style=\"padding-left: 30px; text-align: justify;\"><span style=\"color: #000000;\"><u>Para las dos viviendas sociales (antiguas casas de los maestros):<\/u> dos camas completas, dos literas completas, seis mesitas de noche, cuatro armarios, dos mesas de comedor, ocho sillas de comedor, dos lavadoras, dos frigor\u00edficos, dos microondas.<\/span><\/p>\n<p style=\"padding-left: 30px; text-align: justify;\"><span style=\"color: #000000;\"><u>Para la sala de Plenos:<\/u> 11 sillas para los miembros del Consistorio.<\/span><\/p>\n<p style=\"padding-left: 30px; text-align: justify;\"><span style=\"color: #000000;\"><u>Local social de La Miralba:<\/u><\/span><\/p>\n<p style=\"padding-left: 60px; text-align: justify;\"><span style=\"color: #000000;\">-Bar: cinco mesas, veinte sillas, cuatro taburetes, enfriador de obtellas, lava vasos frontal industrial, mueble cafetero, dos muebles contra mostrador, descalcificador, microondas semi industrial, freidora, sandwitchera, congelador vertical con cajones, TV.<\/span><\/p>\n<p style=\"padding-left: 60px; text-align: justify;\"><span style=\"color: #000000;\">-Despacho: mesa de oficina, mueble con tres cajones, dos armarios, tres sillas.<\/span><\/p>\n<p style=\"padding-left: 60px; text-align: justify;\"><span style=\"color: #000000;\">-Sala de reuniones: mesa para reuniones, ocho sillas, armario, cortina para la puerta exterior.<\/span><\/p>\n<p style=\"padding-left: 30px; text-align: justify;\"><span style=\"color: #000000;\"><u>Local social de Can Gordei:<\/u> freidora, lava vasos industrial, vitrina refrigeradora para el bar, vitrina para la tienda.<\/span><\/p>\n<p style=\"text-align: justify;\"><span style=\"color: #000000;\"><strong>Plazo de presentaci\u00f3n de ofertas: <\/strong>del 5 de enero al 21 de enero de 2021 a las 14h<\/span><\/p>\n<p style=\"text-align: left;\"><strong><span style=\"color: #000000;\">Enlace al perfil del contratante:<\/span><\/strong>\u00a0<a href=\"https:\/\/contractaciopublica.gencat.cat\/ecofin_pscp\/AppJava\/notice.pscp?reqCode=viewCn&amp;idDoc=74575824&amp;lawType=\" target=\"_blank\">https:\/\/contractaciopublica.gencat.cat\/ecofin_pscp\/AppJava\/notice.pscp?reqCode=viewCn&amp;idDoc=74575824&amp;lawType=<\/a><\/p>\n<p style=\"text-align: justify;\">\n","protected":false},"excerpt":{"rendered":"<p>La Junta de Govern local ha aprovat iniciar l\u2019expedient de la licitaci\u00f3 i aprovar els plecs de cl\u00e0usules administratives i prescripcions t\u00e8cniques de la licitaci\u00f3 per a la compra de &hellip; <a href=\"https:\/\/bisbalpenedes.com\/web\/2021\/01\/04\/sobre-la-licitacio-per-a-la-compra-de-mobiliari-i-maquinaria-per-a-diversos-equipaments-municipals\/\" class=\"more-link\">Read More<\/a><\/p>\n","protected":false},"author":4,"featured_media":7089,"comment_status":"closed","ping_status":"closed","sticky":false,"template":"","format":"standard","meta":[],"categories":[4287,8],"tags":[198,384,4288,246],"_links":{"self":[{"href":"https:\/\/bisbalpenedes.com\/web\/wp-json\/wp\/v2\/posts\/15949"}],"collection":[{"href":"https:\/\/bisbalpenedes.com\/web\/wp-json\/wp\/v2\/posts"}],"about":[{"href":"https:\/\/bisbalpenedes.com\/web\/wp-json\/wp\/v2\/types\/post"}],"author":[{"embeddable":true,"href":"https:\/\/bisbalpenedes.com\/web\/wp-json\/wp\/v2\/users\/4"}],"replies":[{"embeddable":true,"href":"https:\/\/bisbalpenedes.com\/web\/wp-json\/wp\/v2\/comments?post=15949"}],"version-history":[{"count":4,"href":"https:\/\/bisbalpenedes.com\/web\/wp-json\/wp\/v2\/posts\/15949\/revisions"}],"predecessor-version":[{"id":15985,"href":"https:\/\/bisbalpenedes.com\/web\/wp-json\/wp\/v2\/posts\/15949\/revisions\/15985"}],"wp:featuredmedia":[{"embeddable":true,"href":"https:\/\/bisbalpenedes.com\/web\/wp-json\/wp\/v2\/media\/7089"}],"wp:attachment":[{"href":"https:\/\/bisbalpenedes.com\/web\/wp-json\/wp\/v2\/media?parent=15949"}],"wp:term":[{"taxonomy":"category","embeddable":true,"href":"https:\/\/bisbalpenedes.com\/web\/wp-json\/wp\/v2\/categories?post=15949"},{"taxonomy":"post_tag","embeddable":true,"href":"https:\/\/bisbalpenedes.com\/web\/wp-json\/wp\/v2\/tags?post=15949"}],"curies":[{"name":"wp","href":"https:\/\/api.w.org\/{rel}","templated":true}]}}