{"id":15945,"date":"2020-12-29T14:44:26","date_gmt":"2020-12-29T12:44:26","guid":{"rendered":"http:\/\/bisbalpenedes.com\/web\/?p=15945"},"modified":"2022-06-15T10:35:26","modified_gmt":"2022-06-15T08:35:26","slug":"lajuntament-de-la-bisbal-del-penedes-contracta-un-jove-en-practiques-en-el-marc-del-programa-de-garantia-juvenil","status":"publish","type":"post","link":"https:\/\/bisbalpenedes.com\/web\/2020\/12\/29\/lajuntament-de-la-bisbal-del-penedes-contracta-un-jove-en-practiques-en-el-marc-del-programa-de-garantia-juvenil\/","title":{"rendered":"L\u2019Ajuntament de la Bisbal del Pened\u00e8s contracta un jove en pr\u00e0ctiques en el marc del programa de Garantia Juvenil"},"content":{"rendered":"<p style=\"text-align: justify;\"><a href=\"http:\/\/bisbalpenedes.com\/web\/wp-content\/uploads\/2020\/12\/PHOTO-2020-12-29-09-41-51-2.jpg\"><img loading=\"lazy\" class=\"aligncenter size-large wp-image-15946\" src=\"http:\/\/bisbalpenedes.com\/web\/wp-content\/uploads\/2020\/12\/PHOTO-2020-12-29-09-41-51-2-1024x768.jpg\" alt=\"garantia juvenil signatura\" width=\"630\" height=\"473\" srcset=\"https:\/\/bisbalpenedes.com\/web\/wp-content\/uploads\/2020\/12\/PHOTO-2020-12-29-09-41-51-2.jpg 1024w, https:\/\/bisbalpenedes.com\/web\/wp-content\/uploads\/2020\/12\/PHOTO-2020-12-29-09-41-51-2-600x450.jpg 600w, https:\/\/bisbalpenedes.com\/web\/wp-content\/uploads\/2020\/12\/PHOTO-2020-12-29-09-41-51-2-300x225.jpg 300w, https:\/\/bisbalpenedes.com\/web\/wp-content\/uploads\/2020\/12\/PHOTO-2020-12-29-09-41-51-2-768x576.jpg 768w\" sizes=\"(max-width: 630px) 100vw, 630px\" \/><\/a><\/p>\n<p style=\"text-align: justify;\"><span style=\"color: #000000;\">L\u2019Ajuntament de la Bisbal del Pened\u00e8s ha contractat el jove bisbalenc Jordi Padr\u00f3 en el marc del programa de Garantia Juvenil. Avui 29 de desembre de 2020 ha signat el contracte en pr\u00e0ctiques amb una durada de 6 mesos. Padr\u00f3 dur\u00e0 a terme tasques d\u2019atenci\u00f3 al p\u00fablic, administraci\u00f3 i de l\u2019\u00e0mbit de la transpar\u00e8ncia del 30 de desembre de 2020 al 29 de juny de 2021. Dels quatre candidats i candidates que es van presentar a la convocat\u00f2ria, el Jordi \u00e9s el que ha obtingut la m\u00e0xima puntuaci\u00f3 en el proc\u00e9s de selecci\u00f3.<\/span><\/p>\n<p style=\"text-align: justify;\"><span style=\"color: #000000;\">L\u2019alcaldessa Ang\u00e8s Ferr\u00e9 ha explicat que \u201cl\u2019Ajuntament de la Bisbal del Pened\u00e8s ja fa anys que aposta pel programa de Garantia Juvenil amb l\u2019objectiu de promoure la formaci\u00f3 i la millora de l\u2019ocupabilitat de la poblaci\u00f3 jove de La Bisbal del Pened\u00e8s. Aquesta subvenci\u00f3 permet, a difer\u00e8ncia d\u2019altres convocat\u00f2ries, arribar a un col\u00b7lectiu que habitualment t\u00e9 problemes per trobar feina, com s\u00f3n els joves qualificats que necessiten un impuls en el seu proc\u00e9s d\u2019inserci\u00f3 laboral\u201d. Ferr\u00e9 ha explicat que \u201cel 3 de novembre es va sol\u00b7licitar la subvenci\u00f3 al SOC i que l\u201911 de desembre es va rebre la resoluci\u00f3 amb l\u2019atorgament de la subvenci\u00f3. El 17 de desembre el SOM Bisbal va publicar l\u2019oferta i la va compartir a Facebook. Tamb\u00e9 es va compartir la publicaci\u00f3 des del Facebook de l\u2019Ajuntament. S\u2019hi van presentar 4 joves i el Jordi Padr\u00f3 ha estat el que ha obtingut la m\u00e0xima puntuaci\u00f3\u201d. Ferr\u00e9 ha afegit que \u201ca banda de l\u2019entrevista, en aquest proc\u00e9s de selecci\u00f3 tamb\u00e9 es puntua l\u2019experi\u00e8ncia laboral i la formaci\u00f3 extraordin\u00e0ria\u201d.<\/span><\/p>\n<p style=\"text-align: justify;\"><span style=\"color: #000000;\">El programa de Garantia Juvenil \u00e9s una iniciativa que promou la Generalitat de Catalunya i t\u00e9 com a objectiu incentivar la contractaci\u00f3 laboral en pr\u00e0ctiques de joves amb formaci\u00f3, beneficiaris del programa de Garantia Juvenil de Catalunya, amb la finalitat de millorar la seva ocupabilitat amb l\u2019adquisici\u00f3 d\u2019aptituds i compet\u00e8ncies derivades de la pr\u00e0ctica laboral, de manera que sigui possible la seva incorporaci\u00f3 al mercat laboral de forma estable i duradora en el temps. El Servei d\u2019Ocupaci\u00f3 de Catalunya subvenciona els contractes de treball en pr\u00e0ctiques, durant 6 mesos, a jornada completa. Els joves que formen part d\u2019aquest programa han de tenir entre 16 i 29 anys, han de tenir en possessi\u00f3 d\u2019un t\u00edtol universitari o de formaci\u00f3 professional de grau mig o superior -o t\u00edtol oficialment reconegut com a equivalent- o han de comptar amb un certificat de professionalitat que habiliti els joves a l\u2019exercici professional, aix\u00ed com per complir els requisits que exigeixi la modalitat del contracte de treball en pr\u00e0ctiques.<\/span><\/p>\n<hr>\n<p style=\"text-align: justify;\"><span style=\"color: #000000;\"><strong>CASTELLANO |<\/strong> El Ayuntamiento de la Bisbal del Pened\u00e8s ha contratado al joven bisbalense Jordi Padr\u00f3 en el marco del programa de Garant\u00eda Juvenil. Hoy 29 de diciembre de 2020 ha firmado el contrato en pr\u00e1cticas con una duraci\u00f3n de 6 meses. Padr\u00f3 llevar\u00e1 a cabo tareas de atenci\u00f3n al p\u00fablico, administraci\u00f3n y del \u00e1mbito de la transparencia del 30 de diciembre de 2020 al 29 de junio de 2021. De los cuatro candidatos y candidatas que se presentaron a la convocatoria, Jordi es el que ha obtenido la m\u00e1xima puntuaci\u00f3n en el proceso de selecci\u00f3n.<\/span><\/p>\n<p style=\"text-align: justify;\"><span style=\"color: #000000;\">La alcaldesa Agn\u00e8s Ferr\u00e9 ha explicado que \u201cel Ayuntamiento de la Bisbal del Pened\u00e8s ya hace a\u00f1os que apuesta por el programa de Garant\u00eda Juvenil con el objetivo de promover la formaci\u00f3n y la mejora de la ocupabilidad de la poblaci\u00f3n joven de La Bisbal del Pened\u00e8s. Esta subvenci\u00f3n permite, a diferencia de otras convocatorias, llegar a un colectivo que habitualmente tiene problemas para encontrar trabajo, como son los j\u00f3venes cualificados que necesitan un impulso en su proceso de inserci\u00f3n laboral\u201d. Ferr\u00e9 ha explicado que \u201cEl 3 de noviembre se solicit\u00f3 la n al SOC y que el 11 de diciembre se recibi\u00f3 la resoluci\u00f3n con el otorgamiento de la subvenci\u00f3n. El 17 de diciembre el SOM Bisbal public\u00f3 la oferta y la comparti\u00f3 en Facebook. Tambi\u00e9n se comparti\u00f3 la publicaci\u00f3n des del Facebook del Ayuntamiento. Se presentaron 4 j\u00f3venes y Jordi Padr\u00f3 ha sido el que ha obtenido la m\u00e1xima puntuaci\u00f3n\u201d. Ferr\u00e9 ha a\u00f1adido que \u201ca parte de la entrevista, en este proceso de selecci\u00f3n tambi\u00e9n se punt\u00faa la experiencia laboral y la formaci\u00f3n extraordinaria\u201d.<\/span><\/p>\n<p style=\"text-align: justify;\"><span style=\"color: #000000;\">El programa de Garant\u00eda Juvenil es una iniciativa que promueve la Generalitat de Catalunya y que tiene como objetivo incentivar la contrataci\u00f3n laboral en pr\u00e1cticas de j\u00f3venes con formaci\u00f3n, beneficiarios del programa de Garant\u00eda Juvenil de Catalunya, con la finalidad de mejorar su ocupabilidad con la adquisici\u00f3n de aptitudes y competencias derivadas de la pr\u00e1ctica laboral, de forma que sea posible su incorporaci\u00f3n al mercado laboral de forma estable y duradera en el tiempo. El Servicio de Ocupaci\u00f3n de Catalunya subvenciona los contratos de trabajo en pr\u00e1cticas, durante 6 meses, a jornada completa. Los j\u00f3venes que forman parte de este programa tienen que tener entre 16 y 29 a\u00f1os, deben tener en posesi\u00f3n de un t\u00edtulo universitario o de formaci\u00f3n profesional de grado medio o superior \u2013o t\u00edtulo oficialmente reconocido como equivalente- o tienen que contar con un certificado de profesionalidad que habilite a los j\u00f3venes al ejercicio profesional, as\u00ed como para cumplir los requisitos que exija la modalidad del contrato de trabajo en pr\u00e1cticas.<\/span><\/p>\n\n\n<figure class=\"wp-block-image size-full\"><img loading=\"lazy\" width=\"1007\" height=\"104\" src=\"https:\/\/bisbalpenedes.com\/web\/wp-content\/uploads\/2022\/06\/soclogo.jpg\" alt=\"\" class=\"wp-image-22213\" srcset=\"https:\/\/bisbalpenedes.com\/web\/wp-content\/uploads\/2022\/06\/soclogo.jpg 1007w, https:\/\/bisbalpenedes.com\/web\/wp-content\/uploads\/2022\/06\/soclogo-300x31.jpg 300w, https:\/\/bisbalpenedes.com\/web\/wp-content\/uploads\/2022\/06\/soclogo-768x79.jpg 768w, https:\/\/bisbalpenedes.com\/web\/wp-content\/uploads\/2022\/06\/soclogo-600x62.jpg 600w\" sizes=\"(max-width: 1007px) 100vw, 1007px\" \/><\/figure>\n","protected":false},"excerpt":{"rendered":"<p>L\u2019Ajuntament de la Bisbal del Pened\u00e8s ha contractat el jove bisbalenc Jordi Padr\u00f3 en el marc del programa de Garantia Juvenil. Avui 29 de desembre de 2020 ha signat el &hellip; <a href=\"https:\/\/bisbalpenedes.com\/web\/2020\/12\/29\/lajuntament-de-la-bisbal-del-penedes-contracta-un-jove-en-practiques-en-el-marc-del-programa-de-garantia-juvenil\/\" class=\"more-link\">Read More<\/a><\/p>\n","protected":false},"author":4,"featured_media":15947,"comment_status":"closed","ping_status":"closed","sticky":false,"template":"","format":"standard","meta":[],"categories":[8,9],"tags":[317,41,1067,4286,505,10],"_links":{"self":[{"href":"https:\/\/bisbalpenedes.com\/web\/wp-json\/wp\/v2\/posts\/15945"}],"collection":[{"href":"https:\/\/bisbalpenedes.com\/web\/wp-json\/wp\/v2\/posts"}],"about":[{"href":"https:\/\/bisbalpenedes.com\/web\/wp-json\/wp\/v2\/types\/post"}],"author":[{"embeddable":true,"href":"https:\/\/bisbalpenedes.com\/web\/wp-json\/wp\/v2\/users\/4"}],"replies":[{"embeddable":true,"href":"https:\/\/bisbalpenedes.com\/web\/wp-json\/wp\/v2\/comments?post=15945"}],"version-history":[{"count":3,"href":"https:\/\/bisbalpenedes.com\/web\/wp-json\/wp\/v2\/posts\/15945\/revisions"}],"predecessor-version":[{"id":22217,"href":"https:\/\/bisbalpenedes.com\/web\/wp-json\/wp\/v2\/posts\/15945\/revisions\/22217"}],"wp:featuredmedia":[{"embeddable":true,"href":"https:\/\/bisbalpenedes.com\/web\/wp-json\/wp\/v2\/media\/15947"}],"wp:attachment":[{"href":"https:\/\/bisbalpenedes.com\/web\/wp-json\/wp\/v2\/media?parent=15945"}],"wp:term":[{"taxonomy":"category","embeddable":true,"href":"https:\/\/bisbalpenedes.com\/web\/wp-json\/wp\/v2\/categories?post=15945"},{"taxonomy":"post_tag","embeddable":true,"href":"https:\/\/bisbalpenedes.com\/web\/wp-json\/wp\/v2\/tags?post=15945"}],"curies":[{"name":"wp","href":"https:\/\/api.w.org\/{rel}","templated":true}]}}