{"id":15930,"date":"2020-12-28T09:56:15","date_gmt":"2020-12-28T07:56:15","guid":{"rendered":"http:\/\/bisbalpenedes.com\/web\/?p=15930"},"modified":"2020-12-28T09:56:15","modified_gmt":"2020-12-28T07:56:15","slug":"des-davui-i-fins-dimecres-podeu-portar-les-cartes-per-ssmm-els-reis-dorient-a-lajuntament","status":"publish","type":"post","link":"https:\/\/bisbalpenedes.com\/web\/2020\/12\/28\/des-davui-i-fins-dimecres-podeu-portar-les-cartes-per-ssmm-els-reis-dorient-a-lajuntament\/","title":{"rendered":"Des d&#8217;avui i fins dimecres podeu portar les cartes per SSMM els Reis d&#8217;Orient a l&#8217;Ajuntament"},"content":{"rendered":"<div class=\"\" data-block=\"true\" data-editor=\"bg032\" data-offset-key=\"b61vh-0-0\">\n<div class=\"_1mf _1mj\" style=\"text-align: justify;\" data-offset-key=\"b61vh-0-0\">\n<div class=\"\" data-block=\"true\" data-editor=\"bg032\" data-offset-key=\"b61vh-0-0\">\n<div class=\"_1mf _1mj\" data-offset-key=\"b61vh-0-0\"><span style=\"color: #000000;\">El dilluns 28, el dimarts 29 i el dimecres 30 de desembre -en horari d&#8217;oficines, \u00e9s a dir, el dilluns al mat\u00ed i a la tarda, el dimarts i el dimecres al mat\u00ed- podeu venir a portar les vostres cartes als Reis a l&#8217;Ajuntament de la Bisbal del Pened\u00e8s.<\/span><\/div>\n<div class=\"_1mf _1mj\" data-offset-key=\"b61vh-0-0\"><span style=\"color: #000000;\">La Comissi\u00f3 de Festes de Can Gordei ha decorat la zona de la B\u00fastia Reial de l&#8217;Ajuntament per enc\u00e0rrec del Patge Reial.<\/span><\/div>\n<div class=\"_1mf _1mj\" data-offset-key=\"b61vh-0-0\"><span style=\"color: #000000;\"><span data-offset-key=\"b61vh-1-0\">Si voleu, podeu publicar les vostres fotos -dipositant les cartes- a les xarxes socials, amb l&#8217;etiqueta\u00a0<\/span><span class=\"diy96o5h\">#PatgeLaBisbal<\/span><\/span><\/div>\n<div class=\"_1mf _1mj\" data-offset-key=\"b61vh-0-0\"><\/div>\n<div class=\"_1mf _1mj\" data-offset-key=\"b61vh-0-0\"><span style=\"color: #000000;\"><span class=\"diy96o5h\">Recollida d&#8217;enc\u00e0rrecs reials: els dies 29, 30 i 31 de desembre de 18 a 20h i el dissabte 2 de gener de 10 a 12h.<\/span><\/span><\/div>\n<\/div>\n<div class=\"\" data-block=\"true\" data-editor=\"bg032\" data-offset-key=\"b73f-0-0\">\n<div class=\"_1mf _1mj\" data-offset-key=\"b73f-0-0\">\n<hr \/>\n<\/div>\n<\/div>\n<div class=\"\" data-block=\"true\" data-editor=\"bg032\" data-offset-key=\"27q1-0-0\">\n<div class=\"_1mf _1mj\" style=\"text-align: justify;\" data-offset-key=\"27q1-0-0\"><span style=\"color: #000000;\">El lunes 28, el martes 29 y el mi\u00e9rcoles 30 de diciembre -en horario de oficinas, es decir, el lunes por la ma\u00f1ana y por la tarde, el martes y el mi\u00e9rcoles por la ma\u00f1ana- pod\u00e9is venir a traer vuestras cartas a los Reyes al Ayuntamiento de la Bisbal del Pened\u00e8s.<\/span><\/div>\n<div class=\"_1mf _1mj\" style=\"text-align: justify;\" data-offset-key=\"27q1-0-0\"><span style=\"color: #000000;\">La Comisi\u00f3n de Fiestas de Can Gordei ha decorado la zona del Buz\u00f3n Real del Ayuntamiento por encargo del Paje Real.<\/span><\/div>\n<div class=\"_1mf _1mj\" style=\"text-align: justify;\" data-offset-key=\"27q1-0-0\"><span style=\"color: #000000;\"><span data-offset-key=\"27q1-0-0\">Si quer\u00e9is, pod\u00e9is publicar vuestras fotos -depositando las cartas- en las redes sociales con la etiqueta\u00a0<\/span><span class=\"diy96o5h\">#PatgeLaBisbal<\/span><\/span><\/div>\n<div class=\"_1mf _1mj\" style=\"text-align: justify;\" data-offset-key=\"27q1-0-0\"><\/div>\n<div class=\"_1mf _1mj\" style=\"text-align: justify;\" data-offset-key=\"27q1-0-0\"><span style=\"color: #000000;\">Recogida de encargos reales: los d\u00edas 29, 30 y 31 de diciembre de 18h a 20h y el s\u00e1bado 2 de enero de 10 a 12h.<\/span><\/div>\n<div class=\"_1mf _1mj\" style=\"text-align: justify;\" data-offset-key=\"27q1-0-0\"><\/div>\n<\/div>\n<div class=\"_1mf _1mj\" style=\"text-align: justify;\" data-offset-key=\"27q1-0-0\"><a href=\"http:\/\/bisbalpenedes.com\/web\/2020\/12\/23\/informacio-sobre-lentrega-de-las-cartes-per-als-reis-mags-a-la-bustia-reial\/patge-reial-2\/\" rel=\"attachment wp-att-15910\"><img loading=\"lazy\" class=\"aligncenter size-large wp-image-15910\" src=\"http:\/\/bisbalpenedes.com\/web\/wp-content\/uploads\/2020\/12\/PATGE-REIAL-1024x768.jpg\" alt=\"PATGE REIAL\" width=\"630\" height=\"473\" srcset=\"https:\/\/bisbalpenedes.com\/web\/wp-content\/uploads\/2020\/12\/PATGE-REIAL-1024x768.jpg 1024w, https:\/\/bisbalpenedes.com\/web\/wp-content\/uploads\/2020\/12\/PATGE-REIAL-600x450.jpg 600w, https:\/\/bisbalpenedes.com\/web\/wp-content\/uploads\/2020\/12\/PATGE-REIAL-300x225.jpg 300w, https:\/\/bisbalpenedes.com\/web\/wp-content\/uploads\/2020\/12\/PATGE-REIAL-768x576.jpg 768w\" sizes=\"(max-width: 630px) 100vw, 630px\" \/><\/a><\/div>\n<\/div>\n<\/div>\n","protected":false},"excerpt":{"rendered":"<p>El dilluns 28, el dimarts 29 i el dimecres 30 de desembre -en horari d&#8217;oficines, \u00e9s a dir, el dilluns al mat\u00ed i a la tarda, el dimarts i el &hellip; <a href=\"https:\/\/bisbalpenedes.com\/web\/2020\/12\/28\/des-davui-i-fins-dimecres-podeu-portar-les-cartes-per-ssmm-els-reis-dorient-a-lajuntament\/\" class=\"more-link\">Read More<\/a><\/p>\n","protected":false},"author":4,"featured_media":15910,"comment_status":"closed","ping_status":"closed","sticky":false,"template":"","format":"standard","meta":[],"categories":[13,8],"tags":[4285,2699,1084,984,4272],"_links":{"self":[{"href":"https:\/\/bisbalpenedes.com\/web\/wp-json\/wp\/v2\/posts\/15930"}],"collection":[{"href":"https:\/\/bisbalpenedes.com\/web\/wp-json\/wp\/v2\/posts"}],"about":[{"href":"https:\/\/bisbalpenedes.com\/web\/wp-json\/wp\/v2\/types\/post"}],"author":[{"embeddable":true,"href":"https:\/\/bisbalpenedes.com\/web\/wp-json\/wp\/v2\/users\/4"}],"replies":[{"embeddable":true,"href":"https:\/\/bisbalpenedes.com\/web\/wp-json\/wp\/v2\/comments?post=15930"}],"version-history":[{"count":1,"href":"https:\/\/bisbalpenedes.com\/web\/wp-json\/wp\/v2\/posts\/15930\/revisions"}],"predecessor-version":[{"id":15931,"href":"https:\/\/bisbalpenedes.com\/web\/wp-json\/wp\/v2\/posts\/15930\/revisions\/15931"}],"wp:featuredmedia":[{"embeddable":true,"href":"https:\/\/bisbalpenedes.com\/web\/wp-json\/wp\/v2\/media\/15910"}],"wp:attachment":[{"href":"https:\/\/bisbalpenedes.com\/web\/wp-json\/wp\/v2\/media?parent=15930"}],"wp:term":[{"taxonomy":"category","embeddable":true,"href":"https:\/\/bisbalpenedes.com\/web\/wp-json\/wp\/v2\/categories?post=15930"},{"taxonomy":"post_tag","embeddable":true,"href":"https:\/\/bisbalpenedes.com\/web\/wp-json\/wp\/v2\/tags?post=15930"}],"curies":[{"name":"wp","href":"https:\/\/api.w.org\/{rel}","templated":true}]}}