{"id":15923,"date":"2020-12-24T12:21:22","date_gmt":"2020-12-24T10:21:22","guid":{"rendered":"http:\/\/bisbalpenedes.com\/web\/?p=15923"},"modified":"2020-12-24T12:24:45","modified_gmt":"2020-12-24T10:24:45","slug":"agraiment-als-establiments-participants-a-la-campanya-comercial-de-nadal","status":"publish","type":"post","link":"https:\/\/bisbalpenedes.com\/web\/2020\/12\/24\/agraiment-als-establiments-participants-a-la-campanya-comercial-de-nadal\/","title":{"rendered":"Agra\u00efment als establiments participants a la campanya comercial de Nadal"},"content":{"rendered":"<p><iframe loading=\"lazy\" style=\"border: none; overflow: hidden;\" src=\"https:\/\/www.facebook.com\/plugins\/video.php?height=314&amp;href=https%3A%2F%2Fwww.facebook.com%2FBisbalPenedes%2Fvideos%2F195242558998469%2F&amp;show_text=false&amp;width=560\" width=\"560\" height=\"314\" frameborder=\"0\" scrolling=\"no\" allowfullscreen=\"allowfullscreen\"><\/iframe><\/p>\n<div class=\"kvgmc6g5 cxmmr5t8 oygrvhab hcukyx3x c1et5uql ii04i59q\" style=\"overflow-wrap: break-word; margin: 0px; white-space: pre-wrap; font-family: system-ui, -apple-system, system-ui, '.SFNSText-Regular', sans-serif; color: #050505; font-size: 15px;\">\n<div dir=\"auto\" style=\"font-family: inherit;\">\n<div class=\"kvgmc6g5 cxmmr5t8 oygrvhab hcukyx3x c1et5uql ii04i59q\" style=\"overflow-wrap: break-word; margin: 0px;\">\n<div dir=\"auto\" style=\"font-family: inherit;\"><\/div>\n<div dir=\"auto\" style=\"font-family: inherit;\">\n<p class=\"MsoNormal\" style=\"margin: 0cm 0cm 0.0001pt; font-size: 12pt; font-family: 'Times New Roman'; color: #000000; white-space: normal; text-align: justify;\"><span lang=\"ES-TRAD\" style=\"color: #000000;\">Ara que ha finalitzat la campanya &#8220;Troba la Llum del Nadal&#8221;, volem agrair la participaci\u00f3 de tots els comer\u00e7os i serveis de la Bisbal que s&#8217;han adherit a la campanya i que han estat treballant amb il\u00b7lusi\u00f3 per oferir els seus productes i serveis, tant presencialment com a les xarxes socials.<\/span><\/p>\n<p class=\"MsoNormal\" style=\"margin: 0cm 0cm 0.0001pt; font-size: 12pt; font-family: 'Times New Roman'; color: #000000; white-space: normal; text-align: justify;\"><span lang=\"ES-TRAD\" style=\"color: #000000;\">\u00a0<\/span><\/p>\n<p class=\"MsoNormal\" style=\"margin: 0cm 0cm 0.0001pt; font-size: 12pt; font-family: 'Times New Roman'; color: #000000; white-space: normal; text-align: justify;\"><span lang=\"ES-TRAD\" style=\"color: #000000;\">Tenim un comer\u00e7 ric, variat, de proximitat i tamb\u00e9 de qualitat. Entre tots, podem contribuir a fer que continu\u00ef estant al nostre servei, durant tot l&#8217;any.<\/span><\/p>\n<p class=\"MsoNormal\" style=\"margin: 0cm 0cm 0.0001pt; font-size: 12pt; font-family: 'Times New Roman'; color: #000000; white-space: normal; text-align: justify;\"><span lang=\"ES-TRAD\" style=\"color: #000000;\">\u00a0<\/span><\/p>\n<p class=\"MsoNormal\" style=\"margin: 0cm 0cm 0.0001pt; font-size: 12pt; font-family: 'Times New Roman'; color: #000000; white-space: normal; text-align: justify;\"><span lang=\"ES-TRAD\" style=\"color: #000000;\">Tamb\u00e9 volem mostrar el nostre agra\u00efment a totes aquelles persones que han penjat fotografies amb la bossa o l&#8217;estrella lluminosa a les xarxes. Si entreu a Instagram i introdu\u00efu l&#8217;etiqueta<\/span><\/p>\n<p class=\"MsoNormal\" style=\"margin: 0cm 0cm 0.0001pt; font-size: 12pt; font-family: 'Times New Roman'; color: #000000; white-space: normal; text-align: justify;\"><span lang=\"ES-TRAD\" style=\"color: #000000;\">\u00a0<\/span><\/p>\n<p class=\"MsoNormal\" style=\"margin: 0cm 0cm 0.0001pt; font-size: 12pt; font-family: 'Times New Roman'; color: #000000; white-space: normal; text-align: justify;\"><span lang=\"ES-TRAD\" style=\"color: #000000;\">#JoComproALaBisbal veureu que hi ha molt\u00edssimes publicacions. Des de la Regidoria de Comer\u00e7 us emplacem a fer les vostres compres nadalenques als establiments de la Bisbal i a comprar productes de proximitat.<\/span><\/p>\n<p class=\"MsoNormal\" style=\"margin: 0cm 0cm 0.0001pt; font-size: 12pt; font-family: 'Times New Roman'; color: #000000; white-space: normal; text-align: justify;\"><span lang=\"ES-TRAD\" style=\"color: #000000;\">\u00a0<\/span><\/p>\n<p class=\"MsoNormal\" style=\"margin: 0cm 0cm 0.0001pt; font-size: 12pt; font-family: 'Times New Roman'; color: #000000; white-space: normal; text-align: justify;\"><span lang=\"ES-TRAD\" style=\"color: #000000;\">Recuperem els v\u00eddeos que els comer\u00e7os i serveis bisbalencs van fer durant la campanya i que vam anar penjant a Instagram.<\/span><\/p>\n<p class=\"MsoNormal\" style=\"margin: 0cm 0cm 0.0001pt; font-size: 12pt; font-family: 'Times New Roman'; color: #000000; white-space: normal; text-align: justify;\"><span lang=\"ES-TRAD\" style=\"color: #000000;\">Bones festes!<\/span><\/p>\n<p class=\"MsoNormal\" style=\"margin: 0cm 0cm 0.0001pt; font-size: 12pt; font-family: 'Times New Roman'; color: #000000; white-space: normal; text-align: justify;\"><span lang=\"ES-TRAD\" style=\"color: #000000;\">\u00a0<\/span><\/p>\n<hr \/>\n<p class=\"MsoNormal\" style=\"margin: 0cm 0cm 0.0001pt; font-size: 12pt; font-family: 'Times New Roman'; color: #000000; white-space: normal; text-align: justify;\"><span lang=\"ES-TRAD\" style=\"color: #000000;\">\u00a0<\/span><\/p>\n<p class=\"MsoNormal\" style=\"margin: 0cm 0cm 0.0001pt; font-size: 12pt; font-family: 'Times New Roman'; color: #000000; white-space: normal; text-align: justify;\"><span lang=\"ES-TRAD\" style=\"color: #000000;\">Ahora que ha finalizado la campa\u00f1a &#8220;Troba la Llum del Nadal&#8221;, queremos agradecer la participaci\u00f3n de todos los comercios y servicios de la Bisbal que se han adherido a la campa\u00f1a y que han estado trabajando con ilusi\u00f3n para ofrecer sus productos y servicios, tanto presencialmente como en las redes sociales.<\/span><\/p>\n<p class=\"MsoNormal\" style=\"margin: 0cm 0cm 0.0001pt; font-size: 12pt; font-family: 'Times New Roman'; color: #000000; white-space: normal; text-align: justify;\"><span lang=\"ES-TRAD\" style=\"color: #000000;\">\u00a0<\/span><\/p>\n<p class=\"MsoNormal\" style=\"margin: 0cm 0cm 0.0001pt; font-size: 12pt; font-family: 'Times New Roman'; color: #000000; white-space: normal; text-align: justify;\"><span lang=\"ES-TRAD\" style=\"color: #000000;\">Tenemos un comercio rico, variado, de proximidad y tambi\u00e9n de calidad. Entre todos, podemos contribuir a que contin\u00fae estando a nuestro servicio, durante todo el a\u00f1o.<\/span><\/p>\n<p class=\"MsoNormal\" style=\"margin: 0cm 0cm 0.0001pt; font-size: 12pt; font-family: 'Times New Roman'; color: #000000; white-space: normal; text-align: justify;\"><span lang=\"ES-TRAD\" style=\"color: #000000;\">\u00a0<\/span><\/p>\n<p class=\"MsoNormal\" style=\"margin: 0cm 0cm 0.0001pt; font-size: 12pt; font-family: 'Times New Roman'; color: #000000; white-space: normal; text-align: justify;\"><span lang=\"ES-TRAD\" style=\"color: #000000;\">Tambi\u00e9n queremos mostrar nuestro agradecimiento a todas aquellas personas que han colgado fotos con la bolsa o la estrella luminosa en las redes. Si entr\u00e1is en Instagram e introduc\u00eds la etiqueta<\/span><\/p>\n<p class=\"MsoNormal\" style=\"margin: 0cm 0cm 0.0001pt; font-size: 12pt; font-family: 'Times New Roman'; color: #000000; white-space: normal; text-align: justify;\"><span lang=\"ES-TRAD\" style=\"color: #000000;\">\u00a0<\/span><\/p>\n<p class=\"MsoNormal\" style=\"margin: 0cm 0cm 0.0001pt; font-size: 12pt; font-family: 'Times New Roman'; color: #000000; white-space: normal; text-align: justify;\"><span lang=\"ES-TRAD\" style=\"color: #000000;\">#JoComproALaBisbal ver\u00e9is que hay much\u00edsimas publicaciones. Desde la Concejal\u00eda de Comercio os emplazamos a hacer vuestras compras navide\u00f1as en los establecimientos de la Bisbal y a comprar productos de proximidad.<\/span><\/p>\n<p class=\"MsoNormal\" style=\"margin: 0cm 0cm 0.0001pt; font-size: 12pt; font-family: 'Times New Roman'; color: #000000; white-space: normal; text-align: justify;\"><span lang=\"ES-TRAD\" style=\"color: #000000;\">\u00a0<\/span><\/p>\n<p class=\"MsoNormal\" style=\"margin: 0cm 0cm 0.0001pt; font-size: 12pt; font-family: 'Times New Roman'; color: #000000; white-space: normal; text-align: justify;\"><span lang=\"ES-TRAD\" style=\"color: #000000;\">Recuperamos los v\u00eddeos que los comercios y servicios bisbalenses hicieron durante la campa\u00f1a y que colgamos en Instagram.<\/span><\/p>\n<p class=\"MsoNormal\" style=\"margin: 0cm 0cm 10pt; font-size: 12pt; font-family: 'Times New Roman'; color: #000000; white-space: normal; text-align: justify;\"><span lang=\"ES-TRAD\" style=\"color: #000000;\">\u00a1Felices fiestas!<\/span><\/p>\n<\/div>\n<\/div>\n<\/div>\n<\/div>\n","protected":false},"excerpt":{"rendered":"<p>Ara que ha finalitzat la campanya &#8220;Troba la Llum del Nadal&#8221;, volem agrair la participaci\u00f3 de tots els comer\u00e7os i serveis de la Bisbal que s&#8217;han adherit a la campanya &hellip; <a href=\"https:\/\/bisbalpenedes.com\/web\/2020\/12\/24\/agraiment-als-establiments-participants-a-la-campanya-comercial-de-nadal\/\" class=\"more-link\">Read More<\/a><\/p>\n","protected":false},"author":4,"featured_media":15582,"comment_status":"closed","ping_status":"closed","sticky":false,"template":"","format":"standard","meta":[],"categories":[3860,8],"tags":[4245],"_links":{"self":[{"href":"https:\/\/bisbalpenedes.com\/web\/wp-json\/wp\/v2\/posts\/15923"}],"collection":[{"href":"https:\/\/bisbalpenedes.com\/web\/wp-json\/wp\/v2\/posts"}],"about":[{"href":"https:\/\/bisbalpenedes.com\/web\/wp-json\/wp\/v2\/types\/post"}],"author":[{"embeddable":true,"href":"https:\/\/bisbalpenedes.com\/web\/wp-json\/wp\/v2\/users\/4"}],"replies":[{"embeddable":true,"href":"https:\/\/bisbalpenedes.com\/web\/wp-json\/wp\/v2\/comments?post=15923"}],"version-history":[{"count":2,"href":"https:\/\/bisbalpenedes.com\/web\/wp-json\/wp\/v2\/posts\/15923\/revisions"}],"predecessor-version":[{"id":15925,"href":"https:\/\/bisbalpenedes.com\/web\/wp-json\/wp\/v2\/posts\/15923\/revisions\/15925"}],"wp:featuredmedia":[{"embeddable":true,"href":"https:\/\/bisbalpenedes.com\/web\/wp-json\/wp\/v2\/media\/15582"}],"wp:attachment":[{"href":"https:\/\/bisbalpenedes.com\/web\/wp-json\/wp\/v2\/media?parent=15923"}],"wp:term":[{"taxonomy":"category","embeddable":true,"href":"https:\/\/bisbalpenedes.com\/web\/wp-json\/wp\/v2\/categories?post=15923"},{"taxonomy":"post_tag","embeddable":true,"href":"https:\/\/bisbalpenedes.com\/web\/wp-json\/wp\/v2\/tags?post=15923"}],"curies":[{"name":"wp","href":"https:\/\/api.w.org\/{rel}","templated":true}]}}