{"id":15919,"date":"2020-12-24T11:47:41","date_gmt":"2020-12-24T09:47:41","guid":{"rendered":"http:\/\/bisbalpenedes.com\/web\/?p=15919"},"modified":"2020-12-24T11:48:48","modified_gmt":"2020-12-24T09:48:48","slug":"aquest-dilluns-21-de-desembre-sha-celebrat-el-ple-ordinari-de-lajuntament-de-la-bisbal-del-penedes","status":"publish","type":"post","link":"https:\/\/bisbalpenedes.com\/web\/2020\/12\/24\/aquest-dilluns-21-de-desembre-sha-celebrat-el-ple-ordinari-de-lajuntament-de-la-bisbal-del-penedes\/","title":{"rendered":"Aquest dilluns 21 de desembre s&#8217;ha celebrat el Ple Ordinari de l&#8217;Ajuntament de la Bisbal del Pened\u00e8s"},"content":{"rendered":"<p><iframe loading=\"lazy\" src=\"https:\/\/www.youtube.com\/embed\/gpaaiVxibnc\" width=\"560\" height=\"315\" frameborder=\"0\" allowfullscreen=\"allowfullscreen\"><\/iframe><\/p>\n<p style=\"text-align: justify;\"><span style=\"color: #000000;\">El dilluns 21 de desembre de 2020, a les 19h, va tenir lloc el Ple ordinari de l\u2019Ajuntament de la Bisbal del Pened\u00e8s corresponent a aquest trimestre. El Ple s\u2019ha celebrat de forma presencial i a porta tancada, per poder garantir totes les mesures de prevenci\u00f3 de contagis per la Covid-19, i l\u2019enregistrament en v\u00eddeo es pot veure en aquest enlla\u00e7: <a style=\"color: #000000;\" href=\"https:\/\/youtu.be\/gpaaiVxibnc\">https:\/\/youtu.be\/gpaaiVxibnc<\/a><\/span><\/p>\n<p style=\"text-align: justify;\"><span style=\"color: #000000;\">En primer lloc s\u2019ha votat la urg\u00e8ncia del punt: \u201cAprovar el manifest perqu\u00e8 la instal\u00b7laci\u00f3 de parcs fotovoltaics estigui consensuada amb el territori\u201d.<\/span><\/p>\n<p style=\"text-align: justify;\"><span style=\"color: #000000;\">S\u2019ha aprovat la urg\u00e8ncia amb els vots a favor de Comprom\u00eds amb la Bisbal (6), PSC (2), Units per la Bisbal-FIC (1), Ara la Bisbal (1) i ERC-AM (1).<\/span><\/p>\n<p style=\"text-align: justify;\"><span style=\"color: #000000;\"><strong>1.-Aprovaci\u00f3 de l\u2019acta del Ple ordinari del 21 de setembre de 2020. <\/strong><\/span><\/p>\n<p style=\"text-align: justify;\"><span style=\"color: #000000;\"><u>S\u2019ha aprovat <\/u><\/span><\/p>\n<p style=\"text-align: justify;\"><span style=\"color: #000000;\"><u>Vots a favor:<\/u> 11. De Comprom\u00eds amb la Bisbal (6), el PSC (2), Units per la Bisbal-FIC (1), Ara la Bisbal (1) i ERC-AM (1).<\/span><\/p>\n<p style=\"text-align: justify;\"><span style=\"color: #000000;\"><u>Vots en contra:<\/u> &#8211;<\/span><\/p>\n<p style=\"text-align: justify;\"><span style=\"color: #000000;\"><u>Abstencions:<\/u> &#8211;<\/span><\/p>\n<p style=\"text-align: justify;\"><span style=\"color: #000000;\">\u00a0<\/span><\/p>\n<p style=\"text-align: justify;\"><span style=\"color: #000000;\"><strong>2.-Aprovaci\u00f3 de l\u2019acta del Ple extraordinari del 26 d\u2019octubre de 2020.<\/strong><\/span><\/p>\n<p style=\"text-align: justify;\"><span style=\"color: #000000;\"><u>S\u2019ha aprovat <\/u><\/span><\/p>\n<p style=\"text-align: justify;\"><span style=\"color: #000000;\"><u>Vots a favor:<\/u> 11. De Comprom\u00eds amb la Bisbal (6), el PSC (2), Units per la Bisbal-FIC (1), Ara la Bisbal (1) i ERC-AM (1).<\/span><\/p>\n<p style=\"text-align: justify;\"><span style=\"color: #000000;\"><u>Vots en contra:<\/u> &#8211;<\/span><\/p>\n<p style=\"text-align: justify;\"><span style=\"color: #000000;\"><u>Abstencions:<\/u> &#8211;<\/span><\/p>\n<p style=\"text-align: justify;\"><span style=\"color: #000000;\">\u00a0<\/span><\/p>\n<p style=\"text-align: justify;\"><span style=\"color: #000000;\"><strong>3.-Aprovaci\u00f3 de l\u2019acta del Ple extraordinari del 25 de novembre de 2020<\/strong><\/span><\/p>\n<p style=\"text-align: justify;\"><span style=\"color: #000000;\"><u>S\u2019ha aprovat <\/u><\/span><\/p>\n<p style=\"text-align: justify;\"><span style=\"color: #000000;\"><u>Vots a favor:<\/u> 11. De Comprom\u00eds amb la Bisbal (6), el PSC (2), Units per la Bisbal-FIC (1), Ara la Bisbal (1) i ERC-AM (1).<\/span><\/p>\n<p style=\"text-align: justify;\"><span style=\"color: #000000;\"><u>Vots en contra:<\/u> &#8211;<\/span><\/p>\n<p style=\"text-align: justify;\"><span style=\"color: #000000;\"><u>Abstencions:<\/u> &#8211;<\/span><\/p>\n<p style=\"text-align: justify;\"><span style=\"color: #000000;\"><strong>\u00a0<\/strong><\/span><\/p>\n<p style=\"text-align: justify;\"><span style=\"color: #000000;\"><strong>4.-Aprovaci\u00f3 de l\u2019acta del Ple extraordinari del 4 de desembre de 2020 <\/strong><\/span><\/p>\n<p style=\"text-align: justify;\"><span style=\"color: #000000;\"><u>S\u2019ha aprovat <\/u><\/span><\/p>\n<p style=\"text-align: justify;\"><span style=\"color: #000000;\"><u>Vots a favor:<\/u> 11. De Comprom\u00eds amb la Bisbal (6), el PSC (2), Units per la Bisbal-FIC (1), Ara la Bisbal (1) i ERC-AM (1).<\/span><\/p>\n<p style=\"text-align: justify;\"><span style=\"color: #000000;\"><u>Vots en contra:<\/u> &#8211;<\/span><\/p>\n<p style=\"text-align: justify;\"><span style=\"color: #000000;\"><u>Abstencions:<\/u> &#8211;<\/span><\/p>\n<p style=\"text-align: justify;\"><span style=\"color: #000000;\">\u00a0<\/span><\/p>\n<p style=\"text-align: justify;\"><span style=\"color: #000000;\"><strong>5.-Delegaci\u00f3 de la recaptaci\u00f3 volunt\u00e0ria de la taxa de serveis d\u2019intervenci\u00f3 integral de l\u2019administraci\u00f3 municipal a les activitats i instal\u00b7lacions<\/strong><\/span><\/p>\n<p style=\"text-align: justify;\"><span style=\"color: #000000;\">S\u2019ha revisat el conveni de delegaci\u00f3 de la gesti\u00f3, liquidaci\u00f3, inspecci\u00f3 i recaptaci\u00f3 d\u2019ingressos amb BASE \u2013la versi\u00f3 era de 2012- i com que la taxa d\u2019activitats nom\u00e9s estava delegada en per\u00edode executiu \u2013no en per\u00edode voluntari- s\u2019ha proposat afegir al conveni amb BASE la taxa d\u2019activitat en volunt\u00e0ria.<\/span><\/p>\n<p style=\"text-align: justify;\"><span style=\"color: #000000;\">S\u2019ha aprovat.<\/span><\/p>\n<p style=\"text-align: justify;\"><span style=\"color: #000000;\"><u>Vots a favor:<\/u> 7. De Comprom\u00eds amb la Bisbal (6) i Ara la Bisbal (1).<\/span><\/p>\n<p style=\"text-align: justify;\"><span style=\"color: #000000;\"><u>Vots en contra:<\/u> &#8211;<\/span><\/p>\n<p style=\"text-align: justify;\"><span style=\"color: #000000;\"><u>Abstencions:<\/u> 4. Del PSC (2), Units per la Bisbal-FIC (1) i ERC-AM (1).<\/span><\/p>\n<p style=\"text-align: justify;\"><span style=\"color: #000000;\">\u00a0<\/span><\/p>\n<p style=\"text-align: justify;\"><span style=\"color: #000000;\"><strong>6.- Reconeixement extrajudicial de cr\u00e8dits amb l\u2019aprovaci\u00f3 de factures del servei de transport comarcal.<\/strong><\/span><\/p>\n<p style=\"text-align: justify;\"><span style=\"color: #000000;\"><u>S\u2019ha aprovat <\/u><\/span><\/p>\n<p style=\"text-align: justify;\"><span style=\"color: #000000;\"><u>Vots a favor:<\/u> 11. De Comprom\u00eds amb la Bisbal (6), el PSC (2), Units per la Bisbal-FIC (1), Ara la Bisbal (1) i ERC-AM (1).<\/span><\/p>\n<p style=\"text-align: justify;\"><span style=\"color: #000000;\"><u>Vots en contra:<\/u> &#8211;<\/span><\/p>\n<p style=\"text-align: justify;\"><span style=\"color: #000000;\"><u>Abstencions:<\/u> &#8211;<\/span><\/p>\n<p style=\"text-align: justify;\"><span style=\"color: #000000;\">S\u2019aprova el reconeixement de deute amb Autocars Poch pel transport comarcal amb un import de 10.175,38\u20ac corresponent a: dues factures de l\u2019any 2013, dues factures de l\u2019any 2014, una factura de l\u2019any 2015 i una factura de l\u2019any 2016.<\/span><\/p>\n<p style=\"text-align: justify;\"><span style=\"color: #000000;\">Durant el mandat 2015-2019 es van abonar els seg\u00fcents deutes:<\/span><\/p>\n<p style=\"text-align: justify; padding-left: 30px;\"><span style=\"color: #000000;\">Consell Comarcal del Baix Pened\u00e8s: 33.306,12\u20ac corresponents al transport escolar del curs 2012\/13.<\/span><\/p>\n<p style=\"text-align: justify; padding-left: 30px;\"><span style=\"color: #000000;\">Transport comarcal: 18.561,54\u20ac<\/span><\/p>\n<p style=\"text-align: justify; padding-left: 30px;\"><span style=\"color: #000000;\">Aqualia: 59.313,56\u20ac: del manteniment de la Depuradora de l\u2019Esplai (17.553,69\u20ac) i de millores a la xarxa (41.759,87\u20ac).<\/span><\/p>\n<p style=\"text-align: justify; padding-left: 30px;\"><span style=\"color: #000000;\">Factures pendents de pagar del 2014 i 2015 per un total de 186.216,46\u20ac.<\/span><\/p>\n<p style=\"text-align: justify;\"><span style=\"color: #000000;\">No obstant aix\u00f2, va quedar per liquidar el deute amb el transport comarcal del 2011 al 2015 i una factura de 2016 per un import total de 20.257,27\u20ac. Com que en les juntes de govern de l\u2019agost de 2013 i del mar\u00e7 de 2015 es va aprovar el fet que les factures del transport comarcal no eren conformes per un total de 10.081,89\u20ac, tot i que el servei s\u2019havia prestat, l\u2019empresa no va presentar objeccions i, per tant, aquestes factures consten com a no conformes i s\u2019ha procedit a recon\u00e8ixer i aprovar les factures per un import de 10.175,38\u20ac.<\/span><\/p>\n<p style=\"text-align: justify;\"><span style=\"color: #000000;\">\u00a0<\/span><\/p>\n<p style=\"text-align: justify;\"><span style=\"color: #000000;\"><strong>7.- Modificaci\u00f3 de cr\u00e8dit 3PLE\/2020 en la modalitat de suplement de cr\u00e8dit.<\/strong><\/span><\/p>\n<p style=\"text-align: justify;\"><span style=\"color: #000000;\">S\u2019ha aprovat.<\/span><\/p>\n<p style=\"text-align: justify;\"><span style=\"color: #000000;\"><u>Vots a favor:<\/u> 7. De Comprom\u00eds amb la Bisbal (6) i Ara la Bisbal (1).<\/span><\/p>\n<p style=\"text-align: justify;\"><span style=\"color: #000000;\"><u>Vots en contra:<\/u> 4. Del PSC (2), Units per la Bisbal-FIC (1) i ERC-AM (1).<\/span><\/p>\n<p style=\"text-align: justify;\"><span style=\"color: #000000;\"><u>Abstencions:<\/u> &#8211;<\/span><\/p>\n<p style=\"text-align: justify;\"><span style=\"color: #000000;\">S\u2019aprova la modificaci\u00f3 de cr\u00e8dit 3PLE\/2020 en la modalitat de suplement de cr\u00e8dit finan\u00e7at amb c\u00e0rrec al romanent l\u00edquid de tresoreria de l\u2019exercici 2019 per 293.741,07\u20ac.<\/span><\/p>\n<p style=\"text-align: justify;\"><span style=\"color: #000000;\">S\u2019utilitzaran 293.741,07\u20ac del romanent de tresoreria per a despeses generals per:<\/span><\/p>\n<p style=\"text-align: justify; padding-left: 30px;\"><span style=\"color: #000000;\">72.158,92\u20ac per pagar a BASE de la Diputaci\u00f3 de Tarragona per la gesti\u00f3 dels cobraments d\u2019impostos i taxes, la part pendent d\u2019aplicar a finals del 2020.<\/span><\/p>\n<p style=\"text-align: justify; padding-left: 30px;\"><span style=\"color: #000000;\">221.582,15\u20ac al projecte fase 1 de rehabilitaci\u00f3 del poliesportiu municipal<\/span><\/p>\n<p style=\"text-align: justify;\"><span style=\"color: #000000;\"><strong>8.- Modificaci\u00f3 de cr\u00e8dit 4PLE\/2020 en la modalitat de suplement de cr\u00e8dit per a l\u2019aplicaci\u00f3 del super\u00e0vit pressupostari per amortitzar deute<\/strong><\/span><\/p>\n<p style=\"text-align: justify;\"><span style=\"color: #000000;\">S\u2019ha aprovat.<\/span><\/p>\n<p style=\"text-align: justify;\"><span style=\"color: #000000;\"><u>Vots a favor:<\/u> 6 de Comprom\u00eds amb la Bisbal (6)<\/span><\/p>\n<p style=\"text-align: justify;\"><span style=\"color: #000000;\"><u>Vots en contra:<\/u> 4. Del PSC (2), Units per la Bisbal-FIC (1), Ara la Bisbal (1) i ERC-AM (1).<\/span><\/p>\n<p style=\"text-align: justify;\"><span style=\"color: #000000;\"><u>Abstencions:<\/u> &#8211;<\/span><\/p>\n<p style=\"text-align: justify;\"><span style=\"color: #000000;\">L\u2019alcaldessa de la Bisbal del Pened\u00e8s, Agn\u00e8s Ferr\u00e9, ha explicat que \u201caquesta modificaci\u00f3 de cr\u00e8dit \u00e9s per al compliment de la Llei org\u00e0nica d\u2019estabilitat pressupost\u00e0ria i sostenibilitat financera: en cas de super\u00e0vit, es destinar\u00e0 una part d\u2019aquest super\u00e0vit a reduir el deute\u201d.<\/span><\/p>\n<p style=\"text-align: justify; padding-left: 30px;\"><span style=\"color: #000000;\">Es destinen 469.700,84\u20ac del romanent de tresoreria a amortitzar pr\u00e9stecs:<\/span><\/p>\n<p style=\"text-align: justify; padding-left: 30px;\"><span style=\"color: #000000;\">108.047,22\u20ac d\u2019un pr\u00e9stec de prove\u00efdors del 2009<\/span><\/p>\n<p style=\"text-align: justify; padding-left: 30px;\"><span style=\"color: #000000;\">361.653,62\u20ac a pr\u00e9stecs d\u2019entitats banc\u00e0ries del 2009<\/span><\/p>\n<p style=\"text-align: justify;\"><span style=\"color: #000000;\">\u00a0<\/span><\/p>\n<p style=\"text-align: justify;\"><span style=\"color: #000000;\"><strong>9.-Moci\u00f3 per una tornada segura a l\u2019escola presentada pel grup municipal del PSC.<\/strong><\/span><\/p>\n<p style=\"text-align: justify;\"><span style=\"color: #000000;\">S\u2019ha retirat aquest punt de l\u2019ordre del dia a petici\u00f3 del PSC. Aquest grup municipal havia proposat aquest punt el 23 de setembre de 2020 per \u201cdefensar una tornada a l\u2019escola segura per al conjunt de la comunitat educativa, amb les m\u00e0ximes garanties de protecci\u00f3 de la salut i de prevenci\u00f3, conscients, per\u00f2, que el risc zero no existeix. Insistim en la import\u00e0ncia de garantir el dret a l\u2019educaci\u00f3 en equitat i de treballar per la m\u00e0xima presencialitat de l\u2019alumnat als centres, priorit\u00e0riament als d\u2019educaci\u00f3 especial, sense perdre de vista la import\u00e0ncia de la socialitzaci\u00f3 i de l\u2019acci\u00f3 tutorial dels docents, d\u2019avan\u00e7ar en curr\u00edculums globalitzadors i integrats i de no retrocedir en experi\u00e8ncies de renovaci\u00f3 i transformaci\u00f3 pedag\u00f2gica. A m\u00e9s, volem posar de manifest la manca de places de cicles formatius que s\u2019imparteixen a la nostra comarca, la qual cosa \u00e9s incomprensible en un territori en el qual el teixit empresarial ha manifestat reiteradament la baixa qualificaci\u00f3 dels demandants de feina\u201d.<\/span><\/p>\n<p style=\"text-align: justify;\"><span style=\"color: #000000;\">\u00a0<\/span><\/p>\n<p style=\"text-align: justify;\"><span style=\"color: #000000;\"><strong>10.-Donar compte del per\u00edode mig de pagament del 3r trimestre de 2020.<\/strong><\/span><\/p>\n<p style=\"text-align: justify;\"><span style=\"color: #000000;\">Es dona compte del per\u00edode mig de pagament del 3r trimestre, que \u00e9s de 25,54 dies, complint l\u2019objectiu que sigui inferior a 30 dies.<\/span><\/p>\n<p style=\"text-align: justify;\"><span style=\"color: #000000;\">El passat 21 d\u2019octubre es va enviar aquesta informaci\u00f3, amb la documentaci\u00f3 requerida, al Ministeri d\u2019Hisenda.<\/span><\/p>\n<p style=\"text-align: justify;\"><span style=\"color: #000000;\">\u00a0<\/span><\/p>\n<p style=\"text-align: justify;\"><span style=\"color: #000000;\"><strong>11.-Donar compte de l\u2019execuci\u00f3 del pressupost 2020 corresponent al 3r trimestre de 2020.<\/strong><\/span><\/p>\n<p style=\"text-align: justify;\"><span style=\"color: #000000;\">Es dona compte de l\u2019execuci\u00f3 del pressupost 2020 del 3r trimestre. El passat 29 d\u2019octubre es va enviar al Ministeri d\u2019Hisenda la informaci\u00f3 relativa a l\u2019execuci\u00f3 del 3r trimestre del pressupost 2020.<\/span><\/p>\n<p style=\"text-align: justify;\"><span style=\"color: #000000;\">\u00a0<\/span><\/p>\n<p style=\"text-align: justify;\"><span style=\"color: #000000;\"><strong>12.-Donar compte del pla anual de control financer 2019.<\/strong><\/span><\/p>\n<p style=\"text-align: justify;\"><span style=\"color: #000000;\">Es dona compte del pla anual de control financer 2019. Aquest control intern est\u00e0 regulat pel Reial Decret 423\/2019, de 28 d\u2019abril, pel qual es regula el r\u00e8gim jur\u00eddic del control intern en les entitats del sector p\u00fablic; i la resoluci\u00f3 de 2 d\u2019abril de 2020 estableix les instruccions de com ha de ser el contingut, estructura i format d\u2019aquest informe.<\/span><\/p>\n<p style=\"text-align: justify;\"><span style=\"color: #000000;\">L\u2019alcaldessa Agn\u00e8s Ferr\u00e9 ha explicat que \u201ctant aquest control intern com altres tasques que es van afegint, fan que no hi hagi personal suficient per dur-ho a terme. Per aix\u00f2 el 2019 no es va aprovar un pla anual de control financer i, aquest informe resum anual es basa en la funci\u00f3 d\u2019intervenci\u00f3, en actuacions de comprovaci\u00f3 posterior i actuacions de control permanent.<\/span><\/p>\n<p style=\"text-align: justify;\"><span style=\"color: #000000;\">L\u2019informe cont\u00e9 la seg\u00fcent informaci\u00f3 de forma m\u00e9s extensa:<\/span><\/p>\n<p style=\"text-align: justify; padding-left: 30px;\"><span style=\"color: #000000;\">El finan\u00e7ament de l\u2019Ajuntament ve majorit\u00e0riament dels impostos directes (53,57%), de la participaci\u00f3 en els tributs de l\u2019estat (18,93%) i taxes (15,02%).<\/span><\/p>\n<p style=\"text-align: justify; padding-left: 30px;\"><span style=\"color: #000000;\">Existeixen factures del 2019 amb objeccions derivades de serveis que s\u2019han de licitar. L\u2019alcaldessa ha explicat que \u201cdes del 2015 cada any s\u2019han licitat serveis i compres per anar reduint les factures amb objeccions\u201d.<\/span><\/p>\n<p style=\"text-align: justify; padding-left: 30px;\"><span style=\"color: #000000;\">Referent a les subvencions es va crear el Registre municipal d\u2019entitats i associacions el 2015 i pel 2020 i 2021 s\u2019ha aprovat tamb\u00e9 el pla estrat\u00e8gic de subvencions.<\/span><\/p>\n<p style=\"text-align: justify;\"><span style=\"color: #000000;\">\u00a0<\/span><\/p>\n<p style=\"text-align: justify;\"><span style=\"color: #000000;\"><strong>13.-Donar compte dels Decrets d\u2019alcaldia.<\/strong><\/span><\/p>\n<p style=\"text-align: justify;\"><span style=\"color: #000000;\">Es dona compte al Ple dels Decrets d\u2019alcaldia signats des de l\u2019\u00faltim Ple ordinari, celebrat el 21 de setembre de 2020.<\/span><\/p>\n<p style=\"text-align: justify;\"><span style=\"color: #000000;\"><strong>14.-Donar compte de les actes de la Junta de Govern local.<\/strong><\/span><\/p>\n<p style=\"text-align: justify;\"><span style=\"color: #000000;\">S\u2019ha donat compte de les actes de la Junta de Govern dels mesos de setembre, octubre i novembre.<\/span><\/p>\n<p style=\"text-align: justify;\"><span style=\"color: #000000;\">\u00a0<\/span><\/p>\n<p style=\"text-align: justify;\"><span style=\"color: #000000;\"><strong>15.-Punt entrat per urg\u00e8ncia: Aprovar el manifest perqu\u00e8 la instal\u00b7laci\u00f3 de parcs fotovoltaics estigui consensuada amb el territori<\/strong><\/span><\/p>\n<p style=\"text-align: justify;\"><span style=\"color: #000000;\"><u>S\u2019ha aprovat <\/u><\/span><\/p>\n<p style=\"text-align: justify;\"><span style=\"color: #000000;\"><u>Vots a favor:<\/u> 11. De Comprom\u00eds amb la Bisbal (6), el PSC (2), Units per la Bisbal-FIC (1), Ara la Bisbal (1) i ERC-AM (1).<\/span><\/p>\n<p style=\"text-align: justify;\"><span style=\"color: #000000;\"><u>Vots en contra:<\/u> &#8211;<\/span><\/p>\n<p style=\"text-align: justify;\"><span style=\"color: #000000;\"><u>Abstencions:<\/u> &#8211;<\/span><\/p>\n<p style=\"text-align: justify;\"><span style=\"color: #000000;\">S\u2019ha aprovat el manifest perqu\u00e8 la instal\u00b7laci\u00f3 de parcs fotovoltaics estigui consensuada amb el territori.<\/span><\/p>\n<p style=\"text-align: justify;\"><span style=\"color: #000000;\">L\u2019alcaldessa Agn\u00e8s Ferr\u00e9 ha explicat que hi ha acord entre els 4 alcaldes dels municipis afectats i que \u201cels informes urban\u00edstics municipals s\u00f3n desfavorables a la consulta pr\u00e8via sobre la viabilitat dels dos projectes d\u2019instal\u00b7laci\u00f3 de plantes solars fotovoltaiques. El dijous 17 de desembre es van enviar aquests informes desfavorables a l\u2019oficina territorial d\u2019Acci\u00f3 i Avaluaci\u00f3 Mediambiental, dels serveis Territorials de Tarragona del Departament de Territori i Sostenibilitat\u201d.<\/span><\/p>\n<p style=\"text-align: justify;\"><span style=\"color: #000000;\">Quant als informes, s\u2019ha destacat que:<\/span><\/p>\n<p style=\"text-align: justify; padding-left: 30px;\"><span style=\"color: #000000;\">-Donada la proximitat al pol\u00edgon industrial \u201cLes planes baixes\u201d caldria haver plantejat l\u2019alternativa d\u2019empla\u00e7ar els panells fotovoltaics en s\u00f2l industrial i\/o en les cobertes de les naus industrials existents.<\/span><\/p>\n<p style=\"text-align: justify; padding-left: 30px;\"><span style=\"color: #000000;\">-No presenten l\u2019estudi d\u2019impacte i integraci\u00f3 paisatg\u00edstica, molt important per a la integraci\u00f3 i preservaci\u00f3 del territori, ja que la planta pot afectar l\u2019estat de conservaci\u00f3 de l\u2019h\u00e0bitat de l\u2019\u00e0liga cuabarrada.<\/span><\/p>\n<p style=\"text-align: justify; padding-left: 30px;\"><span style=\"color: #000000;\">-El planejament urban\u00edstic vigent no inclou, en els usos admesos, els parcs solars fotovoltaics.<\/span><\/p>\n<p style=\"text-align: justify;\"><span style=\"color: #000000;\">Enlla\u00e7 al manifest aprovat: <a style=\"color: #000000;\" href=\"https:\/\/bisbalpenedes.com\/web\/2020\/12\/22\/els-alcaldes-i-alcaldesses-del-baix-penedes-fan-un-front-comu-perque-la-installacio-de-parcs-fotovoltaics-estigui-consensuada-amb-el-territori\/manifest-parcs-fotovoltaics-consnsuats\/\">https:\/\/bisbalpenedes.com\/web\/2020\/12\/22\/els-alcaldes-i-alcaldesses-del-baix-penedes-fan-un-front-comu-perque-la-installacio-de-parcs-fotovoltaics-estigui-consensuada-amb-el-territori\/manifest-parcs-fotovoltaics-consnsuats\/<\/a><\/span><\/p>\n<p style=\"text-align: justify;\"><span style=\"color: #000000;\">\u00a0<\/span><\/p>\n<p style=\"text-align: justify;\"><span style=\"color: #000000;\"><strong>El Ple ha finalitzat amb el torn de Precs i Preguntes.<\/strong><\/span><\/p>\n<hr \/>\n<p style=\"text-align: justify;\"><span style=\"color: #000000;\">El lunes 21 de diciembre de 2020, a las 19h, tuvo lugar el Pleno ordinario del Ayuntamiento de la Bisbal del Pened\u00e8s correspondiente a este trimestre. El Pleno se ha celebrado de forma presencial y a puerta cerrada, para poder garantizar todas las medidas de prevenci\u00f3n de contagios por la Covid-19, y la gravaci\u00f3n en v\u00eddeo se puede ver en este enlace: <a style=\"color: #000000;\" href=\"https:\/\/youtu.be\/gpaaiVxibnc\">https:\/\/youtu.be\/gpaaiVxibnc<\/a><\/span><\/p>\n<p style=\"text-align: justify;\"><span style=\"color: #000000;\">En primer lugar, se ha votado la urgencia del punto: \u201cAprobar el manifiesto para que la instalaci\u00f3n de parques fotovoltaicos est\u00e9 consensuada con el territorio\u201d.<\/span><\/p>\n<p style=\"text-align: justify;\"><span style=\"color: #000000;\">Se ha aprobado la urgencia con los votos a favor de Comprom\u00eds amb la Bisbal (6), PSC (2), Units per la Bisbal-FIC (1), Ara la Bisbal (1) y ERC-AM (1).<\/span><\/p>\n<p style=\"text-align: justify;\"><span style=\"color: #000000;\"><strong>1.-Aprobaci\u00f3n del acta del Pleno ordinario del 21 de septiembre de 2020.<\/strong><\/span><\/p>\n<p style=\"text-align: justify;\"><span style=\"color: #000000;\"><u>Se ha aprobado<\/u><\/span><\/p>\n<p style=\"text-align: justify;\"><span style=\"color: #000000;\"><u>Votos a favor:<\/u> 11. De Comprom\u00eds amb la Bisbal (6), el PSC (2), Units per la Bisbal-FIC (1), Ara la Bisbal (1) y ERC-AM (1).<\/span><\/p>\n<p style=\"text-align: justify;\"><span style=\"color: #000000;\"><u>Votos en contra:<\/u> &#8211;<\/span><\/p>\n<p style=\"text-align: justify;\"><span style=\"color: #000000;\"><u>Abstenciones:<\/u> &#8211;<\/span><\/p>\n<p style=\"text-align: justify;\"><span style=\"color: #000000;\">\u00a0<\/span><\/p>\n<p style=\"text-align: justify;\"><span style=\"color: #000000;\"><strong>2.-Aprobaci\u00f3n del acta del Pleno extraordinario del 26 de octubre de 2020.<\/strong><\/span><\/p>\n<p style=\"text-align: justify;\"><span style=\"color: #000000;\"><u>Se ha aprobado<\/u><\/span><\/p>\n<p style=\"text-align: justify;\"><span style=\"color: #000000;\"><u>Votos a favor:<\/u> 11. De Comprom\u00eds amb la Bisbal (6), el PSC (2), Units per la Bisbal-FIC (1), Ara la Bisbal (1) y ERC-AM (1).<\/span><\/p>\n<p style=\"text-align: justify;\"><span style=\"color: #000000;\"><u>Votos en contra:<\/u> &#8211;<\/span><\/p>\n<p style=\"text-align: justify;\"><span style=\"color: #000000;\"><u>Abstenciones:<\/u> &#8211;<\/span><\/p>\n<p style=\"text-align: justify;\"><span style=\"color: #000000;\">\u00a0<\/span><\/p>\n<p style=\"text-align: justify;\"><span style=\"color: #000000;\"><strong>3.-Aprobaci\u00f3n del acta del Pleno extraordinario del 25 de noviembre de 2020.<\/strong><\/span><\/p>\n<p style=\"text-align: justify;\"><span style=\"color: #000000;\"><u>Se ha aprobado<\/u><\/span><\/p>\n<p style=\"text-align: justify;\"><span style=\"color: #000000;\"><u>Votos a favor:<\/u> 11. De Comprom\u00eds amb la Bisbal (6), el PSC (2), Units per la Bisbal-FIC (1), Ara la Bisbal (1) y ERC-AM (1).<\/span><\/p>\n<p style=\"text-align: justify;\"><span style=\"color: #000000;\"><u>Votos en contra:<\/u> &#8211;<\/span><\/p>\n<p style=\"text-align: justify;\"><span style=\"color: #000000;\"><u>Abstenciones:<\/u> &#8211;<\/span><\/p>\n<p style=\"text-align: justify;\"><span style=\"color: #000000;\">\u00a0<\/span><\/p>\n<p style=\"text-align: justify;\"><span style=\"color: #000000;\"><strong>4.-Aprobaci\u00f3n del acta del Pleno extraordinario del 4 de diciembre del 2020.<\/strong><\/span><\/p>\n<p style=\"text-align: justify;\"><span style=\"color: #000000;\"><u>Se ha aprobado<\/u><\/span><\/p>\n<p style=\"text-align: justify;\"><span style=\"color: #000000;\"><u>Votos a favor:<\/u> 11. De Comprom\u00eds amb la Bisbal (6), el PSC (2), Units per la Bisbal-FIC (1), Ara la Bisbal (1) y ERC-AM (1).<\/span><\/p>\n<p style=\"text-align: justify;\"><span style=\"color: #000000;\"><u>Votos en contra:<\/u> &#8211;<\/span><\/p>\n<p style=\"text-align: justify;\"><span style=\"color: #000000;\"><u>Abstenciones:<\/u> &#8211;<\/span><\/p>\n<p style=\"text-align: justify;\"><span style=\"color: #000000;\">\u00a0<\/span><\/p>\n<p style=\"text-align: justify;\"><span style=\"color: #000000;\"><strong>5.-Delegaci\u00f3n de la recaudaci\u00f3n voluntaria de la tasa de servicios de intervenci\u00f3n integral de la administraci\u00f3n municipal a las actividades e instalaciones.<\/strong><\/span><\/p>\n<p style=\"text-align: justify;\"><span style=\"color: #000000;\">Se ha revisado el convenio de delegaci\u00f3n de la gesti\u00f3n, liquidaci\u00f3n, inspecci\u00f3n y recaudaci\u00f3n de ingresos con BASE \u2013la versi\u00f3n del a\u00f1o 2012- y como la tasa de actividades solamente estaba delegada en periodo ejecutivo \u2013no en periodo voluntario- se ha propuesto a\u00f1adir al convenio con BASE la tasa de actividad en voluntaria.<\/span><\/p>\n<p style=\"text-align: justify;\"><span style=\"color: #000000;\"><u>Se ha aprobado<\/u><\/span><\/p>\n<p style=\"text-align: justify;\"><span style=\"color: #000000;\"><u>Votos a favor:<\/u> 7. De Comprom\u00eds amb la Bisbal (6) y Ara la Bisbal (1)<\/span><\/p>\n<p style=\"text-align: justify;\"><span style=\"color: #000000;\"><u>Votos en contra:<\/u> &#8211;<\/span><\/p>\n<p style=\"text-align: justify;\"><span style=\"color: #000000;\"><u>Abstenciones:<\/u> 4. Del PSC (2), Units per la Bisbal-FIC (1) y ERC-AM (1).<\/span><\/p>\n<p style=\"text-align: justify;\"><span style=\"color: #000000;\">\u00a0<\/span><\/p>\n<p style=\"text-align: justify;\"><span style=\"color: #000000;\"><strong>6.- Reconocimiento extrajudicial de cr\u00e9ditos con la aprobaci\u00f3n de facturas del servicio de transporte comarcal.<\/strong><\/span><\/p>\n<p style=\"text-align: justify;\"><span style=\"color: #000000;\">Se ha aprobado.<\/span><\/p>\n<p style=\"text-align: justify;\"><span style=\"color: #000000;\">Votos a favor: 11. De Comprom\u00eds amb la Bisbal (6), el PSC (2), Units per la Bisbal-FIC (1), Ara la Bisbal (1) y ERC-AM (1).<\/span><\/p>\n<p style=\"text-align: justify;\"><span style=\"color: #000000;\"><u>Votos en contra:<\/u> &#8211;<\/span><\/p>\n<p style=\"text-align: justify;\"><span style=\"color: #000000;\"><u>Abstenciones:<\/u> &#8211;<\/span><\/p>\n<p style=\"text-align: justify;\"><span style=\"color: #000000;\">Se aprueba el reconocimiento de deuda con Autocars Poch por el transporte comarcal con un importe de 10.175,38\u20ac correspondiente a: dos facturas del a\u00f1o 2013, dos facturas del a\u00f1o 2014, una factura del a\u00f1o 2015 y una factura del a\u00f1o 2016.<\/span><\/p>\n<p style=\"text-align: justify;\"><span style=\"color: #000000;\">Durante el mandato 2015-2019 se abonaron las siguientes deudas:<\/span><\/p>\n<p style=\"text-align: justify; padding-left: 30px;\"><span style=\"color: #000000;\">Consell Comarcal del Baix Pened\u00e8s: 33.306,12\u20ac correspondientes al transporte escolar del curso 2012\/23.<\/span><\/p>\n<p style=\"text-align: justify; padding-left: 30px;\"><span style=\"color: #000000;\">Transporte comarcal: 18.561,54\u20ac<\/span><\/p>\n<p style=\"text-align: justify; padding-left: 30px;\"><span style=\"color: #000000;\">Aqualia: 59.313,56\u20ac: del mantenimiento de la Depuradora de l\u2019Esplai (17.553,69\u20ac) y de mejoras en la red (41.759,87\u20ac).<\/span><\/p>\n<p style=\"text-align: justify; padding-left: 30px;\"><span style=\"color: #000000;\">Facturas pendientes de pagar del 2014 y 2015 por un total de 186.216,46\u20ac<\/span><\/p>\n<p style=\"text-align: justify;\"><span style=\"color: #000000;\">No obstante, qued\u00f3 por liquidar la deuda con el transporte comarcal del 2011 al 2015 y una factura del 2016 por un importe total de 20.257,27\u20ac. Como en las juntas de gobierno de agosto de 2013 y marzo de 2016 se aprob\u00f3 el hecho que las facturas del transporte comarcal no eran conformes por un total de 10.081,89\u20ac, aunque el servicio se hab\u00eda prestado, la empresa no present\u00f3 objeciones y, por tanto, estas facturas constan como no conformes y se ha procedido a reconocer y aprobar las facturas por un importe de 10.175,38\u20ac.<\/span><\/p>\n<p style=\"text-align: justify;\"><span style=\"color: #000000;\">\u00a0<\/span><\/p>\n<p style=\"text-align: justify;\"><span style=\"color: #000000;\"><strong>7.-Modificaci\u00f3n de cr\u00e9dito 3PLE\/2020 en la modalidad de suplemento de cr\u00e9dito.<\/strong><\/span><\/p>\n<p style=\"text-align: justify;\"><span style=\"color: #000000;\"><u>Se ha aprobado.<\/u><\/span><\/p>\n<p style=\"text-align: justify;\"><span style=\"color: #000000;\"><u>Votos a favor:<\/u> 7. Comprom\u00eds amb la Bisbal (6) y Ara la Bisbal (1).<\/span><\/p>\n<p style=\"text-align: justify;\"><span style=\"color: #000000;\"><u>Votos en contra:<\/u> 4. Del PSC (2), Units per la Bisbal-FIC (1) y ERC-AM (1).<\/span><\/p>\n<p style=\"text-align: justify;\"><span style=\"color: #000000;\"><u>Abstenciones:<\/u> &#8211;<\/span><\/p>\n<p style=\"text-align: justify;\"><span style=\"color: #000000;\">Se aprueba la modificaci\u00f3n de cr\u00e9dito 3PLE\/2020 en la modalidad de suplemento de cr\u00e9dito financiado con cargo al remanente l\u00edquido de tesorer\u00eda del ejercicio 2019 por 293.751,07\u20ac.<\/span><\/p>\n<p style=\"text-align: justify;\"><span style=\"color: #000000;\">Se utilizar\u00e1n 72.158,92\u20ac para pagar a BASE de la Diputaci\u00f3n de Tarragona por la gesti\u00f3n de los cobros de impuestos y tasas, la parte pendiente de aplicar a finales del 2020.<\/span><\/p>\n<p style=\"text-align: justify;\"><span style=\"color: #000000;\">221.582,15\u20ac la proyecto fase 1 de rehabilitaci\u00f3n del polideportivo municipal.<\/span><\/p>\n<p style=\"text-align: justify;\"><span style=\"color: #000000;\">\u00a0<\/span><\/p>\n<p style=\"text-align: justify;\"><span style=\"color: #000000;\"><strong>8.-Modificaci\u00f3n de cr\u00e9dito 4PLE\/2020 en la modalidad de suplemento de cr\u00e9dito para la aplicaci\u00f3n del super\u00e1vit presupuestario para amortizar deuda.<\/strong><\/span><\/p>\n<p style=\"text-align: justify;\"><span style=\"color: #000000;\"><u>Se ha aprobado.<\/u><\/span><\/p>\n<p style=\"text-align: justify;\"><span style=\"color: #000000;\"><u>Votos a favor:<\/u> 6 de Comprom\u00eds amb la Bisbal (6).<\/span><\/p>\n<p style=\"text-align: justify;\"><span style=\"color: #000000;\">Votos en contra: 4. Del PSC (2), Units per la Bisbal-FIC (1), Ara la Bisbal (1) y ERC-AM (1).<\/span><\/p>\n<p style=\"text-align: justify;\"><span style=\"color: #000000;\">Abstenciones: &#8211;<\/span><\/p>\n<p style=\"text-align: justify;\"><span style=\"color: #000000;\">La alcaldesa de la Bisbal del Pened\u00e8s, Agn\u00e8s Ferr\u00e9, ha explicado que \u201cesta modificaci\u00f3n de cr\u00e9dito es para el cumplimiento de la Ley org\u00e1nica de estabilidad presupuestaria y sostenibilidad financiera: en caso de super\u00e1vit, se destinar\u00e1 una parte de este super\u00e1vit a reducir la deuda\u201d.<\/span><\/p>\n<p style=\"text-align: justify;\"><span style=\"color: #000000;\">Se destinan 469.700,84\u20ac del remanente de tesorer\u00eda a amortizar pr\u00e9stamos:<\/span><\/p>\n<p style=\"text-align: justify; padding-left: 30px;\"><span style=\"color: #000000;\">108.047,22\u20ac de un pr\u00e9stamo de proveedores del 2009<\/span><\/p>\n<p style=\"text-align: justify; padding-left: 30px;\"><span style=\"color: #000000;\">361.653,62\u20ac a pr\u00e9stamos de entidades bancarias del 2009<\/span><\/p>\n<p style=\"text-align: justify;\"><span style=\"color: #000000;\">\u00a0<\/span><\/p>\n<p style=\"text-align: justify;\"><span style=\"color: #000000;\"><strong>9.-Moci\u00f3n por un retorno seguro a la escuela presentada pro el grupo municipal del PSC.<\/strong><\/span><\/p>\n<p style=\"text-align: justify;\"><span style=\"color: #000000;\">Se ha retirado este punto del orden del d\u00eda a petici\u00f3n del PSC. Este grupo municipal hab\u00eda propuesto este punto el 23 de septiembre de 2020 para \u201cdefender un retorno al colegio seguro para el conjunto de la comunidad educativa, con las m\u00e1ximas garant\u00edas de protecci\u00f3n de la salud y de prevenci\u00f3n, conscientes de que el riesgo cero no existe. Insistimos en la importancia de garantizar el derecho a la educaci\u00f3n en equidad y de trabajar por la m\u00e1xima presencialidad del alumnado en los centros, prioritariamente en los de educaci\u00f3n especial, sin perder de vista la importancia de la socializaci\u00f3n y de la acci\u00f3n tutorial de los docentes, de avanzar en curr\u00edculums globalizadores e integrados y de no retroceder en experiencias de renovaci\u00f3n y transformaci\u00f3n pedag\u00f3gica. Adem\u00e1s, queremos poner de manifiesto la falta de plazas de ciclos formativos que se imparten en nuestra comarca, la cual cosa es incomprensible en un territorio en el que el tejido empresarial ha manifestado reiteradamente la baja cualificaci\u00f3n de los demandantes de trabajo\u201d.<\/span><\/p>\n<p style=\"text-align: justify;\"><span style=\"color: #000000;\">\u00a0<\/span><\/p>\n<p style=\"text-align: justify;\"><span style=\"color: #000000;\"><strong>10.-Dar cuenta del periodo medio de pago del 3\u00ba trimestre de 2020.<\/strong><\/span><\/p>\n<p style=\"text-align: justify;\"><span style=\"color: #000000;\">Se da cuenta del periodo medio de pago del 3\u00ba trimestre, que es de 25,54 d\u00edas, cumpliendo el objetivo de que sea inferior a 30 d\u00edas.<\/span><\/p>\n<p style=\"text-align: justify;\"><span style=\"color: #000000;\">El pasado 21 de octubre se mand\u00f3 esta informaci\u00f3n, con la documentaci\u00f3n requerida, al Ministerio de Hacienda.<\/span><\/p>\n<p style=\"text-align: justify;\"><span style=\"color: #000000;\">\u00a0<\/span><\/p>\n<p style=\"text-align: justify;\"><span style=\"color: #000000;\"><strong>11.-Dar cuenta de la ejecuci\u00f3n del presupuesto 2020 correspondiente al 3\u00ba trimestre de 2020.<\/strong><\/span><\/p>\n<p style=\"text-align: justify;\"><span style=\"color: #000000;\">Se da cuenta de la ejecuci\u00f3n del presupuesto 2020 del 3\u00ba trimestre. El pasado 29 de octubre se envi\u00f3 al Ministerio de Hacienda la informaci\u00f3n relativa a la ejecuci\u00f3n del 3\u00ba trimestre del presupuesto 2020.<\/span><\/p>\n<p style=\"text-align: justify;\"><span style=\"color: #000000;\">\u00a0<\/span><\/p>\n<p style=\"text-align: justify;\"><span style=\"color: #000000;\"><strong>12.-Dar cuenta del plan anual de control financiero 2019. <\/strong><\/span><\/p>\n<p style=\"text-align: justify;\"><span style=\"color: #000000;\">Se dan cuenta del plan anual de control financiero 2019. Este control interno est\u00e1 regulado por el Real Decreto 423\/2019, de 28 de abril, por el cual se regula el r\u00e9gimen jur\u00eddico del control interno en las entidades del sector p\u00fablico; y la resoluci\u00f3n del 2 de abril de 2020 establece las instrucciones de c\u00f3mo tiene que ser el contenido, estructura y formato de este informe.<\/span><\/p>\n<p style=\"text-align: justify;\"><span style=\"color: #000000;\">La alcaldesa Agn\u00e8s Ferr\u00e9 ha explicado que \u201ctanto este control interno como otras tareas que se van a\u00f1adiendo, hacen que no haya personal suficiente para llevarlo a cabo. Por eso el 20190 no se aprob\u00f3 un plan anual de control financiero y, este informe resumen anual se basa en la funci\u00f3n de intervenci\u00f3n, en actuaciones de comprobaci\u00f3n posterior y actuaciones de control permanente\u201d.<\/span><\/p>\n<p style=\"text-align: justify;\"><span style=\"color: #000000;\">El informe contiene la siguiente informaci\u00f3n de forma m\u00e1s extensa:<\/span><\/p>\n<p style=\"text-align: justify; padding-left: 30px;\"><span style=\"color: #000000;\">La financiaci\u00f3n del Ayuntamiento viene mayoritariamente de los impuestos directos (53,57%), de la participaci\u00f3n en los tributos del estado (18,93%) y tasas (15,02%).<\/span><\/p>\n<p style=\"text-align: justify; padding-left: 30px;\"><span style=\"color: #000000;\">Existen facturas del 2019 con objeciones derivadas de servicios que se tienen que licitar. La alcaldesa ha explicado que \u201cdesde el 2015 cada a\u00f1o se han licitado servicios y compras para ir reduciendo facturas con objeciones\u201d.<\/span><\/p>\n<p style=\"text-align: justify; padding-left: 30px;\"><span style=\"color: #000000;\">Referente a las subvenciones se cre\u00f3 un Registro municipal de entidades y asociaciones el 2015 y para el 2020 y 2021 se ha aprobado tambi\u00e9n el plan estrat\u00e9gico de subvenciones.<\/span><\/p>\n<p style=\"text-align: justify;\"><span style=\"color: #000000;\"><strong>\u00a0<\/strong><\/span><\/p>\n<p style=\"text-align: justify;\"><span style=\"color: #000000;\"><strong>13.Dar cuenta de los Decretos de alcald\u00eda<\/strong><\/span><\/p>\n<p style=\"text-align: justify;\"><span style=\"color: #000000;\">Se da cuenta al Pleno de los Decretos de alcald\u00eda firmados desde el \u00faltimo Pleno ordinario, celebrado el 21 de septiembre de 2020.<\/span><\/p>\n<p style=\"text-align: justify;\"><span style=\"color: #000000;\">\u00a0<\/span><\/p>\n<p style=\"text-align: justify;\"><span style=\"color: #000000;\"><strong>14.-Dar cuenta de las actas de la Junta de Gobierno local.<\/strong><\/span><\/p>\n<p style=\"text-align: justify;\"><span style=\"color: #000000;\">Se ha dado cuenta de las actas de la Junta de Gobierno de los meses de septiembre, octubre y noviembre.<\/span><\/p>\n<p style=\"text-align: justify;\"><span style=\"color: #000000;\">\u00a0<\/span><\/p>\n<p style=\"text-align: justify;\"><span style=\"color: #000000;\"><strong>15.-Punto entrado por urgencia: Aprobar el manifiesto para que la instalaci\u00f3n de parques fotovoltaicos est\u00e9 consensuada con el territorio.<\/strong><\/span><\/p>\n<p style=\"text-align: justify;\"><span style=\"color: #000000;\"><u>Se ha aprobado<\/u><\/span><\/p>\n<p style=\"text-align: justify;\"><span style=\"color: #000000;\"><u>Votos a favor:<\/u> 11. De Comprom\u00eds amb la Bisbal (6), el PSC (2), Units per la Bisbal-FIC (1), Ara la Bisbal (1) y ERC-AM (1).<\/span><\/p>\n<p style=\"text-align: justify;\"><span style=\"color: #000000;\"><u>Votos en contra:<\/u> &#8211;<\/span><\/p>\n<p style=\"text-align: justify;\"><span style=\"color: #000000;\"><u>Abstenciones:<\/u> &#8211;<\/span><\/p>\n<p style=\"text-align: justify;\"><span style=\"color: #000000;\">Se ha aprobado el manifiesto para que la instalaci\u00f3n de parques fotovoltaicos est\u00e9 consensuada con el territorio.<\/span><\/p>\n<p style=\"text-align: justify;\"><span style=\"color: #000000;\">La alcaldesa Agn\u00e8s Ferr\u00e9 ha explicado que hay acuerdo entre los 4 alcaldes de los municipios afectaos y que \u201clos informes urban\u00edsticos municipales son desfavorables a la consulta previa sobre la viabilidad de dos proyectos de instalaci\u00f3n de plantas solares fotovoltaicas. El jueves 17 de diciembre se enviaron estos informes desfavorables a la oficina territorial de Acci\u00f3n y Evaluaci\u00f3n Medioambiental, de los servicios Territoriales de Tarragona del Departamento de Territorio y Sostenibilidad\u201d.<\/span><\/p>\n<p style=\"text-align: justify;\"><span style=\"color: #000000;\">En cuanto a los informes, se ha destacado que:<\/span><\/p>\n<p style=\"text-align: justify; padding-left: 30px;\"><span style=\"color: #000000;\">-Dada la proximidad al pol\u00edgono industrial \u201cLes planes baixes\u201dhabr\u00eda que haber planteado la alternativa de emplazar los paneles fotovoltaicos en suelo industrial y\/o en las cubiertas de las naves industriales existentes.<\/span><\/p>\n<p style=\"text-align: justify; padding-left: 30px;\"><span style=\"color: #000000;\">-No presentan el estudio de impacto e integraci\u00f3n paisaj\u00edstica, muy importante para la integraci\u00f3n y preservaci\u00f3n del territorio, ya que la planta puede afectar al estado de conservaci\u00f3n del h\u00e1bitat del \u00e1guila azor perdicera.<\/span><\/p>\n<p style=\"text-align: justify; padding-left: 30px;\"><span style=\"color: #000000;\">-El planeamiento urban\u00edstico vigente no incluye, en los usos admitidos, los parques solares fotovoltaicos.<\/span><\/p>\n<p style=\"text-align: justify;\"><span style=\"color: #000000;\">Enlace al manifiesto aprobado: <a style=\"color: #000000;\" href=\"https:\/\/bisbalpenedes.com\/web\/2020\/12\/22\/els-alcaldes-i-alcaldesses-del-baix-penedes-fan-un-front-comu-perque-la-installacio-de-parcs-fotovoltaics-estigui-consensuada-amb-el-territori\/manifest-parcs-fotovoltaics-consnsuats\/\">https:\/\/bisbalpenedes.com\/web\/2020\/12\/22\/els-alcaldes-i-alcaldesses-del-baix-penedes-fan-un-front-comu-perque-la-installacio-de-parcs-fotovoltaics-estigui-consensuada-amb-el-territori\/manifest-parcs-fotovoltaics-consnsuats\/<\/a><\/span><\/p>\n<p style=\"text-align: justify;\"><span style=\"color: #000000;\">\u00a0<\/span><\/p>\n<p style=\"text-align: justify;\"><span style=\"color: #000000;\">El Pleno ha finalizado con el turno de Ruegos y Preguntas.<\/span><\/p>\n","protected":false},"excerpt":{"rendered":"<p>El dilluns 21 de desembre de 2020, a les 19h, va tenir lloc el Ple ordinari de l\u2019Ajuntament de la Bisbal del Pened\u00e8s corresponent a aquest trimestre. El Ple s\u2019ha &hellip; <a href=\"https:\/\/bisbalpenedes.com\/web\/2020\/12\/24\/aquest-dilluns-21-de-desembre-sha-celebrat-el-ple-ordinari-de-lajuntament-de-la-bisbal-del-penedes\/\" class=\"more-link\">Read More<\/a><\/p>\n","protected":false},"author":4,"featured_media":15922,"comment_status":"closed","ping_status":"closed","sticky":false,"template":"","format":"standard","meta":[],"categories":[8,2250],"tags":[1897,4284,4146,249],"_links":{"self":[{"href":"https:\/\/bisbalpenedes.com\/web\/wp-json\/wp\/v2\/posts\/15919"}],"collection":[{"href":"https:\/\/bisbalpenedes.com\/web\/wp-json\/wp\/v2\/posts"}],"about":[{"href":"https:\/\/bisbalpenedes.com\/web\/wp-json\/wp\/v2\/types\/post"}],"author":[{"embeddable":true,"href":"https:\/\/bisbalpenedes.com\/web\/wp-json\/wp\/v2\/users\/4"}],"replies":[{"embeddable":true,"href":"https:\/\/bisbalpenedes.com\/web\/wp-json\/wp\/v2\/comments?post=15919"}],"version-history":[{"count":1,"href":"https:\/\/bisbalpenedes.com\/web\/wp-json\/wp\/v2\/posts\/15919\/revisions"}],"predecessor-version":[{"id":15921,"href":"https:\/\/bisbalpenedes.com\/web\/wp-json\/wp\/v2\/posts\/15919\/revisions\/15921"}],"wp:featuredmedia":[{"embeddable":true,"href":"https:\/\/bisbalpenedes.com\/web\/wp-json\/wp\/v2\/media\/15922"}],"wp:attachment":[{"href":"https:\/\/bisbalpenedes.com\/web\/wp-json\/wp\/v2\/media?parent=15919"}],"wp:term":[{"taxonomy":"category","embeddable":true,"href":"https:\/\/bisbalpenedes.com\/web\/wp-json\/wp\/v2\/categories?post=15919"},{"taxonomy":"post_tag","embeddable":true,"href":"https:\/\/bisbalpenedes.com\/web\/wp-json\/wp\/v2\/tags?post=15919"}],"curies":[{"name":"wp","href":"https:\/\/api.w.org\/{rel}","templated":true}]}}