{"id":15915,"date":"2020-12-24T10:24:54","date_gmt":"2020-12-24T08:24:54","guid":{"rendered":"http:\/\/bisbalpenedes.com\/web\/?p=15915"},"modified":"2020-12-24T10:24:54","modified_gmt":"2020-12-24T08:24:54","slug":"aquest-dilluns-21-de-desembre-sha-celebrat-un-ple-extraordinari-a-lajuntament-de-la-bisbal-del-penedes","status":"publish","type":"post","link":"https:\/\/bisbalpenedes.com\/web\/2020\/12\/24\/aquest-dilluns-21-de-desembre-sha-celebrat-un-ple-extraordinari-a-lajuntament-de-la-bisbal-del-penedes\/","title":{"rendered":"Aquest dilluns 21 de desembre s&#8217;ha celebrat un Ple extraordinari a l&#8217;Ajuntament de la Bisbal del Pened\u00e8s"},"content":{"rendered":"<p><iframe loading=\"lazy\" src=\"https:\/\/www.youtube.com\/embed\/hc9RJ9QwvpQ\" width=\"560\" height=\"315\" frameborder=\"0\" allowfullscreen=\"allowfullscreen\"><\/iframe><\/p>\n<p style=\"text-align: justify;\"><span style=\"color: #000000;\">Aquest dilluns 21 de desembre, a les 9:00h, ha tingut lloc un Ple Extraordinari a l\u2019Ajuntament de la Bisbal del Pened\u00e8s a petici\u00f3 dels regidors Daniel Caballero (PSC), Xavier Faura (Units-FIC) i Silvia Monfort (ERC-AM). El Ple s\u2019ha celebrat a porta tancada per poder garantir totes les mesures de prevenci\u00f3 de contagis amb motiu de la pand\u00e8mia de COVID-19 i posteriorment s\u2019ha publicat a <a style=\"color: #000000;\" href=\"https:\/\/youtu.be\/hc9RJ9QwvpQ\">Youtube<\/a>.<\/span><\/p>\n<p style=\"text-align: justify;\"><span style=\"color: #000000;\">S\u2019hi han tractat els seg\u00fcents punts, tots a petici\u00f3 dels regidors que han sol\u00b7licitat la convocat\u00f2ria del Ple:<\/span><\/p>\n<p style=\"text-align: justify;\"><span style=\"color: #000000;\"><strong>1.-Constituci\u00f3 d\u2019una taula de di\u00e0leg formada pels portaveus dels grups municipals del ple amb els representants del Club Segle XX a fi de trobar una soluci\u00f3 pol\u00edtica.<\/strong><\/span><\/p>\n<p style=\"text-align: justify;\"><span style=\"color: #000000;\"><u>No s\u2019ha aprovat<\/u><\/span><\/p>\n<p style=\"text-align: justify;\"><span style=\"color: #000000;\"><u>Vots a favor:<\/u> 5 (2 del PSC, 1 d\u2019Units-FIC, 1 d\u2019Ara la Bisbal i 1 d\u2019ERC-AM)<\/span><\/p>\n<p style=\"text-align: justify;\"><span style=\"color: #000000;\"><u>Vots en contra:<\/u> 6 (6 de Comprom\u00eds amb la Bisbal)<\/span><\/p>\n<p style=\"text-align: justify;\"><span style=\"color: #000000;\"><u>Abstencions:<\/u> 0<\/span><\/p>\n<p style=\"text-align: justify;\">\n<p style=\"text-align: justify;\"><span style=\"color: #000000;\">Es proposava constituir una comissi\u00f3 de taula de di\u00e0leg formada per:<\/span><\/p>\n<p style=\"padding-left: 30px; text-align: justify;\"><span style=\"color: #000000;\">Els portaveus dels grups municipals<\/span><\/p>\n<p style=\"padding-left: 30px; text-align: justify;\"><span style=\"color: #000000;\">Presid\u00e8ncia: L\u2019alcaldessa i presidenta de la Corporaci\u00f3<\/span><\/p>\n<p style=\"padding-left: 30px; text-align: justify;\"><span style=\"color: #000000;\">Secretaria: Secret\u00e0ria interventora de l\u2019Ajuntament o qualsevol altre t\u00e8cnic, treballador o funcionari de l\u2019Ajuntament amb funcions per a la redacci\u00f3 de les actes.<\/span><\/p>\n<p style=\"text-align: justify;\"><span style=\"color: #000000;\">La taula comptaria amb l\u2019assist\u00e8ncia de dos representants de l\u2019entitat Club Segle XX. L\u2019\u00e0mbit d\u2019actuaci\u00f3 de la comissi\u00f3 seria la q\u00fcesti\u00f3 de la nul\u00b7litat del contracte d\u2019arrendament i l\u2019objectiu seria donar entrada a l\u2019opini\u00f3 de les parts implicades en aquest proc\u00e9s de nul\u00b7litat, dins de l\u2019organitzaci\u00f3 municipal, a fi de trobar una soluci\u00f3 alternativa.<\/span><\/p>\n<p style=\"text-align: justify;\"><span style=\"color: #000000;\">Els acords proposats, eren els seg\u00fcents:<\/span><\/p>\n<p style=\"padding-left: 30px; text-align: justify;\"><span style=\"color: #000000;\"><u>Primer:<\/u> aprovar la constituci\u00f3 de la comissi\u00f3 per la Taula de di\u00e0leg formada pels portaveus dels grups municipals del ple amb els representants del Club Segle XX a fi de trobar una soluci\u00f3 pol\u00edtica.<\/span><\/p>\n<p style=\"padding-left: 30px; text-align: justify;\"><span style=\"color: #000000;\"><u>Segon:<\/u> emetre notificaci\u00f3 a l\u2019entitat de la resoluci\u00f3 adoptada en aquest ple i sol\u00b7licitar la designaci\u00f3 de dos representants per assistir a la comissi\u00f3 en el termini m\u00e0xim de 5 dies h\u00e0bils a comptar de la data d\u2019aprovaci\u00f3.<\/span><\/p>\n<p style=\"padding-left: 30px; text-align: justify;\"><span style=\"color: #000000;\"><u>Tercer:<\/u> convocar reuni\u00f3 de la primera sessi\u00f3 de la comissi\u00f3 dintre dels seg\u00fcents 15 dies h\u00e0bils a la resoluci\u00f3 adoptada en aquest ple i notificar-ho als representants designats pel Club Segle XX.<\/span><\/p>\n<p style=\"text-align: justify;\"><span style=\"color: #000000;\"><strong>\u00a0<\/strong><\/span><\/p>\n<p style=\"text-align: justify;\"><span style=\"color: #000000;\"><strong>2.-Reserva de 20.000\u20ac per a la creaci\u00f3 d\u2019unes noves subvencions destinades a les persones aut\u00f2nomes, petites empreses i mutualistes afectades per la situaci\u00f3 generada per la Covid-19.<\/strong><\/span><\/p>\n<p style=\"text-align: justify;\"><span style=\"color: #000000;\"><u>No s\u2019ha aprovat<\/u><\/span><\/p>\n<p style=\"text-align: justify;\"><span style=\"color: #000000;\"><u>Vots a favor:<\/u> 4 (2 del PSC, 1 d\u2019Units-FIC i 1 d\u2019ERC-AM)<\/span><\/p>\n<p style=\"text-align: justify;\"><span style=\"color: #000000;\"><u>Vots en contra:<\/u> 6 (Comprom\u00eds amb la Bisbal)<\/span><\/p>\n<p style=\"text-align: justify;\"><span style=\"color: #000000;\"><u>Abstencions:<\/u> 1 (Ara la Bisbal)<\/span><\/p>\n<p style=\"text-align: justify;\">\n<p style=\"text-align: justify;\"><span style=\"color: #000000;\">Es proposava reservar 20.000 euros del cr\u00e8dit disponible amb vinculaci\u00f3 jur\u00eddica, per a la creaci\u00f3 d\u2019unes noves subvencions destinades a les persones aut\u00f2nomes, petites empreses i mutualistes de la Bisbal del Pened\u00e8s afectades per la situaci\u00f3 de la Covid-19. Aix\u00ed, es proposa reservar 20.000\u20ac dels cr\u00e8dits disponibles amb vinculaci\u00f3 jur\u00eddica per dotar de base econ\u00f2mica les bases reguladores per la greu situaci\u00f3 que ha suposat l\u2019aplicaci\u00f3 de l\u2019estat d\u2019alarma, restriccions de mobilitat i restriccions d\u2019activitats econ\u00f2miques, ja que \u201cl\u2019aplicaci\u00f3 de les mesures esmentades han afectat greument al teixit econ\u00f2mic i social de l\u2019estat incrementant significativament la taxa d\u2019atur en el 2n i 3r trimestre de 2020\u201d i consideren oport\u00fa articular la reserva de part dels cr\u00e8dits disponibles amb vinculaci\u00f3 jur\u00eddica \u201camb la finalitat de reduir l\u2019impacte de la crisi sanit\u00e0ria ocasionada per la Covid-19 en l\u2019activitat empresarial i\/o professional del municipi. Els cr\u00e8dits que es pretenen habilitar aniran destinats al normal funcionament de les compet\u00e8ncies municipals en mat\u00e8ria del foment de l\u2019ocupaci\u00f3 i lluita contra l\u2019atur davant la crisi de la Covid-19.<\/span><\/p>\n<p style=\"text-align: justify;\"><span style=\"color: #000000;\">L\u2019acord que es portava a aprovaci\u00f3 \u00e9s el seg\u00fcent:<\/span><\/p>\n<p style=\"text-align: justify;\"><span style=\"color: #000000;\">\u201cReservar cr\u00e8dit, d\u2019import 20.000\u20ac, de l\u2019aplicaci\u00f3 pressupost\u00e0ria 241.47003 TRANSFER\u00c8NCIES CORRENTS. <em>A empreses privades. Subvencions per al foment de l\u2019ocupaci\u00f3. Subvencions a persones aut\u00f2nomes i petites empreses afectades per la Covid-19<\/em>, per tal de dotar econ\u00f2micament unes noves subvencions destinades a les persones aut\u00f2nomes, petites empreses i mutualistes afectats per la situaci\u00f3 generada per la Covid-19\u201d.<\/span><\/p>\n<p style=\"text-align: justify;\"><span style=\"color: #000000;\"><strong>\u00a0<\/strong><\/span><\/p>\n<p style=\"text-align: justify;\"><span style=\"color: #000000;\"><strong>3.-Bases reguladores subvencions destinades a les persones aut\u00f2nomes i petites empreses de la Bisbal del Pened\u00e8s afectades per la situaci\u00f3 generada per la Covid-19.<\/strong><\/span><\/p>\n<p style=\"text-align: justify;\"><span style=\"color: #000000;\"><u>No s\u2019ha aprovat<\/u><\/span><\/p>\n<p style=\"text-align: justify;\"><span style=\"color: #000000;\"><u>Vots a favor:<\/u> 5 (2 del PSC, 1 d\u2019Units-FIC, 1 d\u2019Ara la Bisbal i 1 d\u2019ERC-AM)<\/span><\/p>\n<p style=\"text-align: justify;\"><span style=\"color: #000000;\"><u>Vots en contra:<\/u> 6 (Comprom\u00eds amb la Bisbal)<\/span><\/p>\n<p style=\"text-align: justify;\"><span style=\"color: #000000;\"><u>Abstencions:<\/u> &#8211;<\/span><\/p>\n<p style=\"text-align: justify;\">\n<p style=\"text-align: justify;\"><span style=\"color: #000000;\">Es proposava crear les <em>Bases reguladores subvencions destinades a les persones aut\u00f2nomes i petites empreses de la Bisbal del Pened\u00e8s afectades per la situaci\u00f3 generada per la Covid-19<\/em> amb la finalitat de \u201cdonar suport a persones aut\u00f2nomes, mutualistes, comer\u00e7os, establiments de restauraci\u00f3 i petites empreses de fins a 10 treballadors\/es del municipi que hagin hagut de suspendre la seva activitat econ\u00f2mica o que hagin vist redu\u00efda la seva facturaci\u00f3 com a conseq\u00fc\u00e8ncia de la situaci\u00f3 generada per la Covid-19\u201d.<\/span><\/p>\n<p style=\"text-align: justify;\"><span style=\"color: #000000;\">Es proposen les seg\u00fcents quanties:<\/span><\/p>\n<p style=\"text-align: justify;\"><span style=\"color: #000000;\"><u>Quantia individualitzada de la subvenci\u00f3<\/u><u> si han susp\u00e8s l\u2019activitat per la Covid-19:<\/u> (aut\u00f2nom o petita empresa de fins a 10 treballadors\/es amb seu al municipi)<\/span><\/p>\n<table>\n<tbody>\n<tr>\n<td width=\"319\"><span style=\"color: #000000;\"><em>Sense treballadors\/es contractats\/des<\/em><\/span><\/td>\n<td width=\"108\"><span style=\"color: #000000;\">700,00 \u20ac<\/span><\/td>\n<\/tr>\n<tr>\n<td width=\"319\"><span style=\"color: #000000;\"><em>Amb treballadors\/es contractats\/des<\/em><\/span><\/td>\n<td width=\"108\"><span style=\"color: #000000;\">700,00\u20ac+ 200\u20ac per treballador<\/span><\/td>\n<\/tr>\n<\/tbody>\n<\/table>\n<p style=\"text-align: justify;\"><span style=\"color: #000000;\"><u><br \/>\nQuantia individualitzada de la subvenci\u00f3<\/u><u> si han registrat una reducci\u00f3 en la seva facturaci\u00f3<\/u> del 2n i 3r trimestre 2020 en comparaci\u00f3 amb el 2n i 3r trimestre 2019 del 25% o superior, com a conseq\u00fc\u00e8ncia de l\u2019aplicaci\u00f3 de l\u2019estat d\u2019alarma. En cas que l\u2019activitat tingui una antiguitat inferior a un any, la comparaci\u00f3 ser\u00e0 amb la facturaci\u00f3 mitjana mensual del 2019.<\/span><\/p>\n<p style=\"text-align: justify;\"><span style=\"color: #000000;\">(aut\u00f2nom o petita empresa de fins a 10 treballadors\/es amb seu al municipi)<\/span><\/p>\n<table width=\"425\">\n<tbody>\n<tr>\n<td width=\"149\"><span style=\"color: #000000;\"><em>% de reducci\u00f3 d\u2019ingressos<\/em><\/span><\/td>\n<td width=\"142\"><span style=\"color: #000000;\"><em>Sense treballadors\/es contractats\/des<\/em><\/span><\/td>\n<td width=\"135\"><span style=\"color: #000000;\"><em>Amb treballadors\/es contractats\/des<\/em><\/span><\/td>\n<\/tr>\n<tr>\n<td width=\"149\"><span style=\"color: #000000;\"><em>Entre el 25 i el 50 %<\/em><\/span><\/td>\n<td width=\"142\"><span style=\"color: #000000;\">300,00 \u20ac<\/span><\/td>\n<td width=\"135\"><span style=\"color: #000000;\">400\u20ac+50\u20ac per treballador<\/span><\/td>\n<\/tr>\n<tr>\n<td width=\"149\"><span style=\"color: #000000;\"><em>M\u00e9s del 50 %<\/em><\/span><\/td>\n<td width=\"142\"><span style=\"color: #000000;\">500,00 \u20ac<\/span><\/td>\n<td width=\"135\"><span style=\"color: #000000;\">500\u20ac+100\u20ac per treballador<\/span><\/td>\n<\/tr>\n<\/tbody>\n<\/table>\n<p style=\"text-align: justify;\">\n<span style=\"color: #000000;\">Els acords plantejat en aquest punt s\u00f3n els seg\u00fcents:<\/span><\/p>\n<p style=\"padding-left: 30px; text-align: justify;\"><span style=\"color: #000000;\"><u>Primer:<\/u> Aprovar inicialment les bases reguladores i convocat\u00f2ria de les subvencions a les persones aut\u00f2nomes, mutualistes i petites empreses de la Bisbal del Pened\u00e8s afectades per la situaci\u00f3 generada per la Covid-19, mitjan\u00e7ant el procediment de concurr\u00e8ncia competitiva, d\u2019acord amb el text que figura a l\u2019annex de la present proposta.<\/span><\/p>\n<p style=\"padding-left: 30px; text-align: justify;\"><span style=\"color: #000000;\"><u>Segon:<\/u> Sotmetre aquestes bases reguladores a informaci\u00f3 p\u00fablica mitjan\u00e7ant la seva publicaci\u00f3 al Butllet\u00ed Oficial de la Prov\u00edncia de Tarragona i al tauler d\u2019anuncis de la Corporaci\u00f3 durant un termini de vint dies; i inserir una refer\u00e8ncia d\u2019aquest anunci al Diari Oficial de la Generalitat de Catalunya. En el cas que no es presenti cap al\u00b7legaci\u00f3, l\u2019acord d\u2019aprovaci\u00f3 inicial s\u2019elevar\u00e0 a definitiu sense necessitat d\u2019un acord expr\u00e9s.<\/span><\/p>\n<p style=\"padding-left: 30px; text-align: justify;\"><span style=\"color: #000000;\"><u>Tercer:<\/u> Registrar la informaci\u00f3 a incloure a la Base de Dades Nacional de Subvencions pels mitjans electr\u00f2nics que aquesta proporcioni, acompanyada del text de la convocat\u00f2ria i del seu extracte.<\/span><\/p>\n<p style=\"text-align: justify;\">\n<p style=\"text-align: justify;\"><span style=\"color: #000000;\"><strong>4.-Reserva de 40.000\u20ac de cr\u00e8dit disponible amb vinculaci\u00f3 jur\u00eddica, per a la creaci\u00f3 d\u2019unes noves subvencions a persones i unitats familiars o de conviv\u00e8ncia afectades per la crisi sanit\u00e0ria ocasionada per la Covid-19.<\/strong><\/span><\/p>\n<p style=\"text-align: justify;\"><span style=\"color: #000000;\"><u>No s\u2019ha aprovat<\/u><\/span><\/p>\n<p style=\"text-align: justify;\"><span style=\"color: #000000;\"><u>Vots a favor:<\/u> 5 (2 del PSC, 1 d\u2019Units-FIC, 1 d\u2019Ara la Bisbal i 1 d\u2019ERC-AM)<\/span><\/p>\n<p style=\"text-align: justify;\"><span style=\"color: #000000;\"><u>Vots en contra:<\/u> 6 (Comprom\u00eds amb la Bisbal)<\/span><\/p>\n<p style=\"text-align: justify;\"><span style=\"color: #000000;\"><u>Abstencions:<\/u> &#8211;<\/span><\/p>\n<p style=\"text-align: justify;\"><span style=\"color: #000000;\">Es proposava reservar 40.000\u20ac dels cr\u00e8dits disponibles amb vinculaci\u00f3 jur\u00eddica per a dotar de base econ\u00f2mica les bases reguladores del punt 5 del ple \u201cper la greu situaci\u00f3 generada per la crisi sanit\u00e0ria de la Covid-19, que ha suposat l\u2019aplicaci\u00f3 de l\u2019estat d\u2019alarma, restriccions de mobilitat i restriccions d\u2019activitats econ\u00f2miques. L\u2019aplicaci\u00f3 de les mesures esmentades han afectat greument el teixit econ\u00f2mic i social de l\u2019estat incrementant significativament la taxa d\u2019atur del 2n i 3r trimestre de 2020.<\/span><\/p>\n<p style=\"text-align: justify;\">\n<p style=\"text-align: justify;\"><span style=\"color: #000000;\"><strong>5.-Bases reguladores subvencions destinades a persones i unitats familiars o de conviv\u00e8ncia afectades per la crisi ocasionada per la Covid-19.<\/strong><\/span><\/p>\n<p style=\"text-align: justify;\"><span style=\"color: #000000;\"><u>No s\u2019ha aprovat<\/u><\/span><\/p>\n<p style=\"text-align: justify;\"><span style=\"color: #000000;\"><u>Vots a favor:<\/u> 4 (2 del PSC, 1 d\u2019Units-FIC, 1 i 1 d\u2019ERC-AM)<\/span><\/p>\n<p style=\"text-align: justify;\"><span style=\"color: #000000;\"><u>Vots en contra:<\/u> 6 (Comprom\u00eds amb la Bisbal)<\/span><\/p>\n<p style=\"text-align: justify;\"><span style=\"color: #000000;\"><u>Abstencions:<\/u> 1 (d\u2019Ara la Bisbal)<\/span><\/p>\n<p style=\"text-align: justify;\"><span style=\"color: #000000;\">Es proposen les bases reguladores de subvencions destinades a persones i unitats familiars o de conviv\u00e8ncia afectades per la crisi sanit\u00e0ria per la Covid-19 amb la seg\u00fcent finalitat: \u201dAjudar a persones i unitats familiars o de conviv\u00e8ncia afectades per la situaci\u00f3 generada per la Covid-19, per fer front a les despeses derivades del lloguer o de la hipoteca de l\u2019habitatge habitual, dels subministraments b\u00e0sics (llum i aigua), i de l\u2019adquisici\u00f3 de productes d\u2019alimentaci\u00f3 i farm\u00e0cia\u201d. Les bases s\u2019adrecen a les persones i unitats familiars o de conviv\u00e8ncia que s\u2019hagin vist afectades per la crisi sanit\u00e0ria ocasionada per la Covid-19, durant els mesos de setembre i octubre respecte el mes de febrer.<\/span><\/p>\n<p style=\"text-align: justify;\"><span style=\"color: #000000;\">Es proposa la seg\u00fcent quantia:<strong>\u00a0<\/strong><\/span><\/p>\n<p style=\"text-align: justify;\"><span style=\"color: #000000;\"><u>Quantia individualitzada de la subvenci\u00f3<\/u>:<\/span><\/p>\n<table>\n<tbody>\n<tr>\n<td width=\"216\"><span style=\"color: #000000;\">Persones unitat familiar<\/span><\/td>\n<td width=\"216\"><span style=\"color: #000000;\">Quantitat<\/span><\/td>\n<\/tr>\n<tr>\n<td width=\"216\"><span style=\"color: #000000;\">1<\/span><\/td>\n<td width=\"216\"><span style=\"color: #000000;\">600\u20ac<\/span><\/td>\n<\/tr>\n<tr>\n<td width=\"216\"><span style=\"color: #000000;\">2<\/span><\/td>\n<td width=\"216\"><span style=\"color: #000000;\">900\u20ac<\/span><\/td>\n<\/tr>\n<tr>\n<td width=\"216\"><span style=\"color: #000000;\">3<\/span><\/td>\n<td width=\"216\"><span style=\"color: #000000;\">1.100\u20ac<\/span><\/td>\n<\/tr>\n<\/tbody>\n<\/table>\n<p style=\"text-align: justify;\">\n<span style=\"color: #000000;\">Es concedir\u00e0 una \u00fanica subvenci\u00f3 per unitat familiar o de conviv\u00e8ncia.<\/span><\/p>\n<p style=\"text-align: justify;\"><span style=\"color: #000000;\">Els acords del punt proposat eren els seg\u00fcents:<\/span><\/p>\n<p style=\"padding-left: 30px; text-align: justify;\"><span style=\"color: #000000;\"><u>Primer:<\/u> Aprovar inicialment les bases reguladores i convocat\u00f2ria de les subvencions destinades a persones i unitats familiars o de conviv\u00e8ncia afectades per la crisi sanit\u00e0ria ocasionada per la Covid-19, mitjan\u00e7ant el procediment de concurr\u00e8ncia competitiva, d\u2019acord amb el text que figura a l\u2019annex de la present proposta.<\/span><\/p>\n<p style=\"padding-left: 30px; text-align: justify;\"><span style=\"color: #000000;\"><u>Segon:<\/u> Sotmetre aquestes bases reguladores a informaci\u00f3 p\u00fablica mitjan\u00e7ant la seva publicaci\u00f3 al Butllet\u00ed Oficial de la Prov\u00edncia de Tarragona i al tauler d\u2019anuncis de la Corporaci\u00f3 durant un termini de vint dies; i inserir una refer\u00e8ncia d\u2019aquest anunci al Diari Oficial de la Generalitat de Catalunya. En el cas que no es presenti cap al\u00b7legaci\u00f3, l\u2019acord d\u2019aprovaci\u00f3 inicial s\u2019elevar\u00e0 a definitiu sense necessitat d\u2019un acord expr\u00e9s.<\/span><\/p>\n<p style=\"padding-left: 30px; text-align: justify;\"><span style=\"color: #000000;\"><u>Tercer:<\/u> Registrar la informaci\u00f3 a incloure a la Base de Dades Nacional de Subvencions pels mitjans electr\u00f2nics que aquesta proporcioni, acompanyada del text de la convocat\u00f2ria i del seu extracte.<\/span><\/p>\n<hr \/>\n<p style=\"text-align: justify;\"><span style=\"color: #000000;\">Este lunes 21 de diciembre, a las 9:00h, ha tenido lugar un Pleno Extraordinario en el Ayuntamiento de la Bisbal del Pened\u00e8s a petici\u00f3n de los concejales Daniel Caballero (PSC), Xavier Faura (Units-FIC), y S\u00edlvia Monfort (ERC-AM). El Pleno se ha celebrado a puerta cerrada para poder garantizar todas las medidas de prevenci\u00f3n de contagios con motivo de la pandemia de COVID-19 y posteriormente se ha publicado en <a style=\"color: #000000;\" href=\"https:\/\/youtu.be\/hc9RJ9QwvpQ\">Youtube<\/a>.<\/span><\/p>\n<p style=\"text-align: justify;\"><span style=\"color: #000000;\">Se han tratado los siguientes puntos, todos a petici\u00f3n de los concejales que han solicitado la convocatoria del Pleno<\/span><\/p>\n<p style=\"text-align: justify;\"><span style=\"color: #000000;\"><strong>1.-Constituci\u00f3n de una mesa de di\u00e1logo formada por los portavoces de los grupos municipales del pleno con los representantes del Club Siglo XX con el fin de encontrar una soluci\u00f3n pol\u00edtica.<\/strong><\/span><\/p>\n<p style=\"text-align: justify;\"><span style=\"color: #000000;\"><u>No se ha aprobado.<\/u><\/span><\/p>\n<p style=\"text-align: justify;\"><span style=\"color: #000000;\"><u>Votos a favor:<\/u> 5 (2 del PSC, 1 de Units-FIC, 1 de Ara la Bisbal y 1 de ERC-AM)<\/span><\/p>\n<p style=\"text-align: justify;\"><span style=\"color: #000000;\"><u>Votos en contra:<\/u> 6 (6 de Comprom\u00eds amb la Bisbal)<\/span><\/p>\n<p style=\"text-align: justify;\"><span style=\"color: #000000;\"><u>Abstenciones:<\/u> 0<\/span><\/p>\n<p style=\"text-align: justify;\"><span style=\"color: #000000;\">Se propon\u00eda constituir una comisi\u00f3n de mesa de di\u00e1logo formada por:<\/span><\/p>\n<p style=\"padding-left: 30px; text-align: justify;\"><span style=\"color: #000000;\">Los portavoces de los grupos municipales<\/span><\/p>\n<p style=\"padding-left: 30px; text-align: justify;\"><span style=\"color: #000000;\">Presidencia: La alcaldesa y presidenta de la Corporaci\u00f3n<\/span><\/p>\n<p style=\"padding-left: 30px; text-align: justify;\"><span style=\"color: #000000;\">Secretaria: Secretaria interventora del Ayuntamiento o cualquier otro t\u00e9cnico, trabajador o funcionario del Ayuntamiento con funciones para la redacci\u00f3n de las actas.<\/span><\/p>\n<p style=\"text-align: justify;\"><span style=\"color: #000000;\">La mesa contar\u00eda con la asistencia de dos representantes de la entidad Club Siglo XX. El \u00e1mbito de actuaci\u00f3n de la comisi\u00f3n ser\u00eda la cuesti\u00f3n de la nulidad del contrato de arrendamiento y el objetivo ser\u00eda dar entrada a la opini\u00f3n de las partes implicadas en este proceso de nulidad, dentro de la organizaci\u00f3n municipal, con el fin de encontrar una soluci\u00f3n alternativa.<\/span><\/p>\n<p style=\"text-align: justify;\"><span style=\"color: #000000;\">Los acuerdos propuestos, eran los siguientes:<\/span><\/p>\n<p style=\"padding-left: 30px; text-align: justify;\"><span style=\"color: #000000;\"><u>Primero:<\/u> aprobar la constituci\u00f3n de la comisi\u00f3n para la Mesa de di\u00e1logo formada por los portavoces de los grupos municipales del pleno con los representantes del Club Siglo XX con el fin de encontrar una soluci\u00f3n pol\u00edtica.<\/span><\/p>\n<p style=\"padding-left: 30px; text-align: justify;\"><span style=\"color: #000000;\"><u>Segundo:<\/u> emitir notificaci\u00f3n a la entidad de la resoluci\u00f3n adoptada en este pleno y solicitar la designaci\u00f3n de dos representantes para asistir a la comisi\u00f3n en el plazo m\u00e1ximo de 5 d\u00edas h\u00e1biles a contar desde la fecha de aprobaci\u00f3n.<\/span><\/p>\n<p style=\"padding-left: 30px; text-align: justify;\"><span style=\"color: #000000;\"><u>Tercero:<\/u> convocar reuni\u00f3n de la primera sesi\u00f3n de la comisi\u00f3n dentro de los siguientes 15 d\u00edas h\u00e1biles a la resoluci\u00f3n adoptada en este pleno y notific\u00e1rsela a los representantes designados por el Club Siglo XX.<\/span><\/p>\n<p style=\"text-align: justify;\">\n<p style=\"text-align: justify;\"><span style=\"color: #000000;\"><strong>2.-Reserva de 20.000\u20ac para la creaci\u00f3n de unas nuevas subvenciones destinadas a las personas aut\u00f3nomas, peque\u00f1as empresas y mutualistas por la situaci\u00f3n generada por la Covid-19.<\/strong><\/span><\/p>\n<p style=\"text-align: justify;\"><span style=\"color: #000000;\"><u>No se ha aprobado<\/u><\/span><\/p>\n<p style=\"text-align: justify;\"><span style=\"color: #000000;\"><u>Votos a favor:<\/u> 4 (2 del PSC, 1 de Units-FIC y 1 de ERC-AM)<\/span><\/p>\n<p style=\"text-align: justify;\"><span style=\"color: #000000;\"><u>Votos en contra:<\/u> 6 (Comprom\u00eds amb la Bisbal)<\/span><\/p>\n<p style=\"text-align: justify;\"><span style=\"color: #000000;\"><u>Abstenciones:<\/u> 1 (Ara la Bisbal)<\/span><\/p>\n<p style=\"text-align: justify;\">\n<p style=\"text-align: justify;\"><span style=\"color: #000000;\">Se propon\u00eda reservar 20.000 euros del cr\u00e9dito disponible con vinculaci\u00f3n jur\u00eddica, par ala creaci\u00f3n de unas nuevas subvenciones destinadas a las personas aut\u00f3nomas, peque\u00f1as empresas y mutualistas de la Bisbal del Pened\u00e8s afectadas por la situaci\u00f3n de la Covid-19. As\u00ed, se propon\u00eda reservar 20.000\u20ac de los cr\u00e9ditos disponibles con vinculaci\u00f3n jur\u00eddica para dotar de base econ\u00f3mica las bases reguladoras por la grave situaci\u00f3n que ha supuesto la aplicaci\u00f3n del estado de alarma, restricciones de movilidad y restricciones de actividades econ\u00f3micas, ya que \u201cla aplicaci\u00f3n de las citadas medidas ha afectado gravemente al tejido econ\u00f3mico y social del estado incrementando significativamente la tasa de paro en el 2\u00ba y 3\u00ba trimestre de 2020\u201d y consideran oportuno articular la reserva de parte de los cr\u00e9ditos disponibles con vinculaci\u00f3n jur\u00eddica \u201ccon la finalidad de reducir el impacto de la crisis sanitaria ocasionada por la Covid-19 en la actividad empresarial y\/o profesional del municipio. Los cr\u00e9ditos que se pretenden habilitar ir\u00e1n destinados al normal funcionamiento de las competencias municipales en materia del fomento de la ocupaci\u00f3n y lucha contra el paro ante la crisis de la Covid-19.<\/span><\/p>\n<p style=\"text-align: justify;\"><span style=\"color: #000000;\">El acuerdo que se llevaba a aprobaci\u00f3n es el siguiente:<\/span><\/p>\n<p style=\"text-align: justify;\"><span style=\"color: #000000;\">\u201cReservar cr\u00e9dito, de importe 20.000\u20ac, de la aplicaci\u00f3n presupuestaria 241.470003 TRANSFERENCIAS CORRIENTES. <em>A empresas privadas. Subvenciones para el fomento de la ocupaci\u00f3n. Subvenciones a personas aut\u00f3nomas y peque\u00f1as empresas afectadas por la Covid-19<\/em>, con tal de dotar econ\u00f3micamente unas nuevas subvenciones destinadas a las personas aut\u00f3nomas, peque\u00f1as empresas y mutualistas afectados por la situaci\u00f3n generada por la Covid-19\u201d.<\/span><\/p>\n<p style=\"text-align: justify;\">\n<p style=\"text-align: justify;\"><span style=\"color: #000000;\"><strong>3.-Bases reguladoras subvenciones destinadas a personas aut\u00f3nomas y peque\u00f1as empresas de la Bisbal del Pened\u00e8s afectadas por la situaci\u00f3n generada por la Covid-19.<\/strong><\/span><\/p>\n<p style=\"text-align: justify;\"><span style=\"color: #000000;\"><u>No se ha aprobado<\/u><\/span><\/p>\n<p style=\"text-align: justify;\"><span style=\"color: #000000;\"><u>Votos a favor:<\/u> 5 (2 del PSC, 1 d\u2019Units-FIC, 1 d\u2019Ara la Bisbal y 1 d\u2019ERC-AM)<\/span><\/p>\n<p style=\"text-align: justify;\"><span style=\"color: #000000;\"><u>Votos en contra:<\/u> 6 (Comprom\u00eds amb la Bisbal)<\/span><\/p>\n<p style=\"text-align: justify;\"><span style=\"color: #000000;\"><u>Abstenciones:<\/u> &#8211;<\/span><\/p>\n<p style=\"text-align: justify;\"><span style=\"color: #000000;\">Se propon\u00eda crear las <em>Bases reguladoras subvenciones destinadas a personas aut\u00f3nomas y peque\u00f1as empresas de la Bisbal del Pened\u00e8s afectadas por la situaci\u00f3n generada por la Covid-19<\/em> con la finalidad de \u201capoyar a las personas aut\u00f3nomas, mutualistas, comercios, establecimientos de la restauraci\u00f3n y peque\u00f1as empresas de hasta 10 trabajadores\/as del municipio que hayan tenido que suspender su actividad econ\u00f3mica o que hayan visto reducida su facturaci\u00f3n como consecuencia de la situaci\u00f3n generada por la Covid-19\u201d.<\/span><\/p>\n<p style=\"text-align: justify;\"><span style=\"color: #000000;\">Se proponen las siguientes cuant\u00edas:<\/span><\/p>\n<p style=\"text-align: justify;\"><span style=\"color: #000000;\"><u>Cuant\u00eda individualizada de la subvenci\u00f3n si han suspendido la actividad por la Covid-19:<\/u> (aut\u00f3nomo o peque\u00f1a empresa de hasta 10 trabajadores\/as con sede en el municipio)<\/span><\/p>\n<table>\n<tbody>\n<tr>\n<td width=\"319\"><span style=\"color: #000000;\"><em>Sin trabajadores\/as contratados\/as<\/em><\/span><\/td>\n<td width=\"108\"><span style=\"color: #000000;\">700,00 \u20ac<\/span><\/td>\n<\/tr>\n<tr>\n<td width=\"319\"><span style=\"color: #000000;\"><em>Con trabajadores contratados\/as<\/em><\/span><\/td>\n<td width=\"108\"><span style=\"color: #000000;\">700,00\u20ac+ 200\u20ac por trabajador<\/span><\/td>\n<\/tr>\n<\/tbody>\n<\/table>\n<p style=\"text-align: justify;\">\n<span style=\"color: #000000;\">Cuant\u00eda individualizada de la subvenci\u00f3n si han registrado una reducci\u00f3n en su facturaci\u00f3n del 2\u00ba y 3\u00ba trimestre 2020 en comparaci\u00f3n con el 2\u00ba y 3\u00ba trimestre 2019 del 25% o superior, como consecuencia de la aplicaci\u00f3n del estado de alarma. En el caso que la actividad tenga una antig\u00fcedad inferior a un a\u00f1o, la comparaci\u00f3n ser\u00e1 con la facturaci\u00f3n mediana mensual del 2019.<\/span><\/p>\n<p style=\"text-align: justify;\"><span style=\"color: #000000;\">(aut\u00f3nomo o peque\u00f1a empresa de hasta 10 trabajadores\/as con sede en el municipio)<\/span><\/p>\n<table width=\"425\">\n<tbody>\n<tr>\n<td width=\"149\"><span style=\"color: #000000;\"><em>% de reducci\u00f3n de ingresos<\/em><\/span><\/td>\n<td width=\"142\"><span style=\"color: #000000;\"><em>Sin trabajadores\/as contratados\/as<\/em><\/span><\/td>\n<td width=\"135\"><span style=\"color: #000000;\"><em>Con trabajadores\/as contratados<\/em><\/span><\/td>\n<\/tr>\n<tr>\n<td width=\"149\"><span style=\"color: #000000;\"><em>Entre el 25 y el 50 %<\/em><\/span><\/td>\n<td width=\"142\"><span style=\"color: #000000;\">300,00 \u20ac<\/span><\/td>\n<td width=\"135\"><span style=\"color: #000000;\">400\u20ac+50\u20ac por trabajador<\/span><\/td>\n<\/tr>\n<tr>\n<td width=\"149\"><span style=\"color: #000000;\"><em>M\u00e1s del 50 %<\/em><\/span><\/td>\n<td width=\"142\"><span style=\"color: #000000;\">500,00 \u20ac<\/span><\/td>\n<td width=\"135\"><span style=\"color: #000000;\">500\u20ac+100\u20ac por trabajador<\/span><\/td>\n<\/tr>\n<\/tbody>\n<\/table>\n<p style=\"text-align: justify;\">\n<p style=\"text-align: justify;\"><span style=\"color: #000000;\">Los acuerdos en este punto son los siguientes:<\/span><\/p>\n<p style=\"padding-left: 30px; text-align: justify;\"><span style=\"color: #000000;\"><u>Primero:<\/u> Aprobar inicialmente las bases reguladoras y convocatoria de las subvenciones a las personas aut\u00f3nomas, mutualistas y peque\u00f1as empresas de la Bisbal del Pened\u00e8s afectadas por la situaci\u00f3n generada por la Covid-19, mediante el procedimiento de concurrencia competitiva, de acuerdo con el texto que figura en el anexo de la presente propuesta.<\/span><\/p>\n<p style=\"padding-left: 30px; text-align: justify;\"><span style=\"color: #000000;\"><u>Segundo:<\/u> Someter estas bases reguladoras a informaci\u00f3n p\u00fablica mediante su publicaci\u00f3n en el Bolet\u00edn Oficial de la Provincia de Tarragona y en el tabl\u00f3n de anuncios de la Corporaci\u00f3n durante un plazo de veinte d\u00edas; e insertar una referencia de este anuncio en el Diario Oficial de la Generalitat de Catalunya. En el caso de que no se presente ninguna alegaci\u00f3n, el acuerdo de aprobaci\u00f3n inicial se elevar\u00e1 a definitivo sin necesidad de un acuerdo expr\u00e9s.<\/span><\/p>\n<p style=\"padding-left: 30px; text-align: justify;\"><span style=\"color: #000000;\"><u>Tercero:<\/u> Registrar la informaci\u00f3n a incluir en la Base de Datos Nacional de Subvenciones por los medios electr\u00f3nicos que esta proporciones, acompa\u00f1ada del texto de la convocatoria y de su extracto.<\/span><\/p>\n<p style=\"text-align: justify;\">\n<p style=\"text-align: justify;\"><span style=\"color: #000000;\"><strong>4.-Reserva de 40.000\u20ac del cr\u00e9dito disponible con vinculaci\u00f3n jur\u00eddica, para la creaci\u00f3n de unas nuevas subvenciones a personas y unidades familiares o de convivencia afectadas por la crisis sanitaria ocasionada por la Covid-19.<\/strong><\/span><\/p>\n<p style=\"text-align: justify;\"><span style=\"color: #000000;\"><u>No se ha aprobado.<\/u><\/span><\/p>\n<p style=\"text-align: justify;\"><span style=\"color: #000000;\"><u>Votos a favor:<\/u> 5 (2 del PSC, 1 de Units-FIC, 1 de Ara la Bisbal y 1 de ERC-AM)<\/span><\/p>\n<p style=\"text-align: justify;\"><span style=\"color: #000000;\"><u>Votos en contra:<\/u> 6 (Comprom\u00eds amb la Bisbal)<\/span><\/p>\n<p style=\"text-align: justify;\"><span style=\"color: #000000;\"><u>Abstenciones:<\/u> &#8211;<\/span><\/p>\n<p style=\"text-align: justify;\"><span style=\"color: #000000;\">Se propon\u00eda reservar 40.000\u20ac de los cr\u00e9ditos disponibles con vinculaci\u00f3n jur\u00eddica para dotar de base econ\u00f3mica las bases reguladoras del punto 5 del pleno \u201cpor la grave situaci\u00f3n generada por la crisis sanitaria de la Covid-19, que ha supuesto la aplicaci\u00f3n del estado de alarma, restricciones de movilidad y restricciones de actividades econ\u00f3micas. La aplicaci\u00f3n de las citadas medidas ha afectado gravemente al tejido econ\u00f3mico y social del estado incrementando significativamente la tasa de paro del 2\u00ba y 3\u00ba trimestre de 2020.<\/span><\/p>\n<p style=\"text-align: justify;\">\n<p style=\"text-align: justify;\"><span style=\"color: #000000;\"><strong>5.- Bases reguladoras subvenciones destinadas a personas y unidades familiares o de convivencia afectadas por la crisis ocasionada por la Covid-19.<\/strong><\/span><\/p>\n<p style=\"text-align: justify;\"><span style=\"color: #000000;\"><u>No se ha aprobado<\/u><\/span><\/p>\n<p style=\"text-align: justify;\"><span style=\"color: #000000;\"><u>Votos a favor:<\/u> 4 (2 del PSC, 1 de Units-FIC y 1 de ERC-AM)<\/span><\/p>\n<p style=\"text-align: justify;\"><span style=\"color: #000000;\"><u>Votos en contra:<\/u> 6 (Comprom\u00eds amb la Bisbal)<\/span><\/p>\n<p style=\"text-align: justify;\"><span style=\"color: #000000;\"><u>Abstenciones:<\/u> 1 (Ara la Bisbal)<\/span><\/p>\n<p style=\"text-align: justify;\">\n<p style=\"text-align: justify;\"><span style=\"color: #000000;\">Se proponen las bases reguladoras de subvenciones destinadas a personas y unidades familiares o de convivencia afectadas por la crisis sanitaria por la Covid-19 con la siguiente finalidad: \u201cAyudar a personas y unidades familiares o de convivencia afectadas por la situaci\u00f3n generada por la Covid-19, para hacer frente a los gastos derivados del alquiler o de la hipoteca de la vivienda habitual, de los suministros b\u00e1sicos (luz y agua), y de la adquisici\u00f3n de productos de alimentaci\u00f3n y farmacia\u201d. Las bases se dirigen a las personas y unidades familiares o de convivencia que se hayan visto afectadas por la crisis sanitaria ocasionada por la Covid-19, durante los meses de septiembre y octubre, respecto al mes de febrero.<\/span><\/p>\n<p style=\"text-align: justify;\"><span style=\"color: #000000;\">Se propone la siguiente cuant\u00eda:<\/span><\/p>\n<p style=\"text-align: justify;\"><span style=\"color: #000000;\">Cuant\u00eda individualizada de la subvenci\u00f3n:<\/span><\/p>\n<table>\n<tbody>\n<tr>\n<td width=\"216\"><span style=\"color: #000000;\">Personas por unidad familiar<\/span><\/td>\n<td width=\"216\"><span style=\"color: #000000;\">Cantidad<\/span><\/td>\n<\/tr>\n<tr>\n<td width=\"216\"><span style=\"color: #000000;\">1<\/span><\/td>\n<td width=\"216\"><span style=\"color: #000000;\">600\u20ac<\/span><\/td>\n<\/tr>\n<tr>\n<td width=\"216\"><span style=\"color: #000000;\">2<\/span><\/td>\n<td width=\"216\"><span style=\"color: #000000;\">900\u20ac<\/span><\/td>\n<\/tr>\n<tr>\n<td width=\"216\"><span style=\"color: #000000;\">3<\/span><\/td>\n<td width=\"216\"><span style=\"color: #000000;\">1.100\u20ac<\/span><\/td>\n<\/tr>\n<\/tbody>\n<\/table>\n<p style=\"text-align: justify;\">\n<span style=\"color: #000000;\">Se conceder\u00e1 una \u00fanica subvenci\u00f3n por unidad familiar o de convivencia.<\/span><\/p>\n<p style=\"text-align: justify;\"><span style=\"color: #000000;\">Los acuerdos del punto propuesto eran los siguientes:<\/span><\/p>\n<p style=\"padding-left: 30px; text-align: justify;\"><span style=\"color: #000000;\"><u>Primero:<\/u> aprobar inicialmente las bases reguladoras y convocatoria de las subvenciones destinadas a personas y unidades familiares o de convivencia afectadas por la crisis sanitaria ocasionada por la Covid-19, mediante el procedimiento de concurrencia competitiva, de acuerdo con el texto que figura en el anexo de la presente convocatoria.<\/span><\/p>\n<p style=\"padding-left: 30px; text-align: justify;\"><span style=\"color: #000000;\"><u>Segundo:<\/u> Someter estas bases reguladoras a informaci\u00f3n p\u00fablica mediante su publicaci\u00f3n en el Bolet\u00edn Oficial de la Provincia de Tarragona y en el tabl\u00f3n de anuncios de la Corporaci\u00f3n durante un plazo de veinte d\u00edas; e insertar una referencia de este anuncio en el Diario Oficial de la Generalitat de Catalunya. En caso que no se presente ninguna alegaci\u00f3n, el acuerdo de aprobaci\u00f3n inicial se elevar\u00e1 a definitivo sin necesidad de un acuerdo expr\u00e9s.<\/span><\/p>\n<p style=\"padding-left: 30px; text-align: justify;\"><span style=\"color: #000000;\"><u>Tercero:<\/u> Registra la informaci\u00f3n a incluir en la Base de Datos Nacional de Subvenciones por los medios electr\u00f3nicos que esta proporciones, acompa\u00f1ada de la convocatoria y de su extracto.<\/span><\/p>\n","protected":false},"excerpt":{"rendered":"<p>Aquest dilluns 21 de desembre, a les 9:00h, ha tingut lloc un Ple Extraordinari a l\u2019Ajuntament de la Bisbal del Pened\u00e8s a petici\u00f3 dels regidors Daniel Caballero (PSC), Xavier Faura &hellip; <a href=\"https:\/\/bisbalpenedes.com\/web\/2020\/12\/24\/aquest-dilluns-21-de-desembre-sha-celebrat-un-ple-extraordinari-a-lajuntament-de-la-bisbal-del-penedes\/\" class=\"more-link\">Read More<\/a><\/p>\n","protected":false},"author":4,"featured_media":15917,"comment_status":"closed","ping_status":"closed","sticky":false,"template":"","format":"standard","meta":[],"categories":[8,2250],"tags":[1086,3559,102],"_links":{"self":[{"href":"https:\/\/bisbalpenedes.com\/web\/wp-json\/wp\/v2\/posts\/15915"}],"collection":[{"href":"https:\/\/bisbalpenedes.com\/web\/wp-json\/wp\/v2\/posts"}],"about":[{"href":"https:\/\/bisbalpenedes.com\/web\/wp-json\/wp\/v2\/types\/post"}],"author":[{"embeddable":true,"href":"https:\/\/bisbalpenedes.com\/web\/wp-json\/wp\/v2\/users\/4"}],"replies":[{"embeddable":true,"href":"https:\/\/bisbalpenedes.com\/web\/wp-json\/wp\/v2\/comments?post=15915"}],"version-history":[{"count":1,"href":"https:\/\/bisbalpenedes.com\/web\/wp-json\/wp\/v2\/posts\/15915\/revisions"}],"predecessor-version":[{"id":15918,"href":"https:\/\/bisbalpenedes.com\/web\/wp-json\/wp\/v2\/posts\/15915\/revisions\/15918"}],"wp:featuredmedia":[{"embeddable":true,"href":"https:\/\/bisbalpenedes.com\/web\/wp-json\/wp\/v2\/media\/15917"}],"wp:attachment":[{"href":"https:\/\/bisbalpenedes.com\/web\/wp-json\/wp\/v2\/media?parent=15915"}],"wp:term":[{"taxonomy":"category","embeddable":true,"href":"https:\/\/bisbalpenedes.com\/web\/wp-json\/wp\/v2\/categories?post=15915"},{"taxonomy":"post_tag","embeddable":true,"href":"https:\/\/bisbalpenedes.com\/web\/wp-json\/wp\/v2\/tags?post=15915"}],"curies":[{"name":"wp","href":"https:\/\/api.w.org\/{rel}","templated":true}]}}