{"id":15909,"date":"2020-12-23T21:03:41","date_gmt":"2020-12-23T19:03:41","guid":{"rendered":"http:\/\/bisbalpenedes.com\/web\/?p=15909"},"modified":"2020-12-23T21:03:53","modified_gmt":"2020-12-23T19:03:53","slug":"informacio-sobre-lentrega-de-las-cartes-per-als-reis-mags-a-la-bustia-reial","status":"publish","type":"post","link":"https:\/\/bisbalpenedes.com\/web\/2020\/12\/23\/informacio-sobre-lentrega-de-las-cartes-per-als-reis-mags-a-la-bustia-reial\/","title":{"rendered":"Informaci\u00f3 sobre l&#8217;entrega de las cartes per als Reis Mags a la b\u00fastia reial de l&#8217;Ajuntament"},"content":{"rendered":"<div class=\"\" data-block=\"true\" data-editor=\"bg032\" data-offset-key=\"b61vh-0-0\">\n<div class=\"_1mf _1mj\" style=\"text-align: justify;\" data-offset-key=\"b61vh-0-0\"><a href=\"http:\/\/bisbalpenedes.com\/web\/wp-content\/uploads\/2020\/12\/PATGE-REIAL.jpg\"><img loading=\"lazy\" class=\"aligncenter size-large wp-image-15910\" src=\"http:\/\/bisbalpenedes.com\/web\/wp-content\/uploads\/2020\/12\/PATGE-REIAL-1024x768.jpg\" alt=\"PATGE REIAL\" width=\"630\" height=\"473\" srcset=\"https:\/\/bisbalpenedes.com\/web\/wp-content\/uploads\/2020\/12\/PATGE-REIAL-1024x768.jpg 1024w, https:\/\/bisbalpenedes.com\/web\/wp-content\/uploads\/2020\/12\/PATGE-REIAL-600x450.jpg 600w, https:\/\/bisbalpenedes.com\/web\/wp-content\/uploads\/2020\/12\/PATGE-REIAL-300x225.jpg 300w, https:\/\/bisbalpenedes.com\/web\/wp-content\/uploads\/2020\/12\/PATGE-REIAL-768x576.jpg 768w\" sizes=\"(max-width: 630px) 100vw, 630px\" \/><\/a><\/div>\n<div class=\"_1mf _1mj\" style=\"text-align: justify;\" data-offset-key=\"b61vh-0-0\"><\/div>\n<div class=\"_1mf _1mj\" style=\"text-align: justify;\" data-offset-key=\"b61vh-0-0\"><span style=\"color: #000000;\" data-offset-key=\"b61vh-1-0\">La Comissi\u00f3 de Festes de Can Gordei ha decorat l&#8217;entrada de l&#8217;Ajuntament per enc\u00e0rrec del Patge Reial, amb l&#8217;objectiu de deixar-ho tot preparat perqu\u00e8 els nens i nenes de la Bisbal puguin dipositar les cartes per als Reis Mags d&#8217;Orient. Des de l&#8217;Ajuntament de la Bisbal del Pened\u00e8s els agra\u00efm molt aquesta feina i el temps que han dedicat a fer-la. <\/span><\/div>\n<div class=\"_1mf _1mj\" style=\"text-align: justify;\" data-offset-key=\"b61vh-0-0\"><span style=\"color: #000000;\" data-offset-key=\"b61vh-1-0\">Si veniu a l&#8217;Ajuntament, podreu veure in situ la feina que han fet. Les cartes es podran dipositar a l&#8217;Ajuntament el dilluns 28, el dimarts 29 i el dimecres 30 de desembre. <\/span><\/div>\n<div class=\"_1mf _1mj\" style=\"text-align: justify;\" data-offset-key=\"b61vh-0-0\"><span style=\"color: #000000;\"><span data-offset-key=\"b61vh-1-0\">Si voleu, podeu publicar les vostres fotos -dipositant les cartes- a les xarxes socials, amb l&#8217;etiqueta <\/span><span class=\"diy96o5h\">#PatgeLaBisbal<\/span><\/span><\/div>\n<\/div>\n<div class=\"\" style=\"text-align: justify;\" data-block=\"true\" data-editor=\"bg032\" data-offset-key=\"b73f-0-0\">\n<div class=\"_1mf _1mj\" data-offset-key=\"b73f-0-0\">\n<hr \/>\n<\/div>\n<\/div>\n<div class=\"\" data-block=\"true\" data-editor=\"bg032\" data-offset-key=\"27q1-0-0\">\n<div class=\"_1mf _1mj\" style=\"text-align: justify;\" data-offset-key=\"27q1-0-0\"><span style=\"color: #000000;\" data-offset-key=\"27q1-0-0\">La Comisi\u00f3n de Fiestas de Can Gordei ha decorado la entrada del Ayuntamiento por encargo del Paje Real, con el objetivo de dejarlo todo preparado para que los ni\u00f1os y las ni\u00f1as de la Bisbal puedan depositar las cartas para los Reyes Magos de Oriente. Desde el Ayuntamiento de la Bisbal del Pened\u00e8s agradecemos mucho este trabajo y el tiempo que han dedicado a hacerlo. <\/span><\/div>\n<div class=\"_1mf _1mj\" style=\"text-align: justify;\" data-offset-key=\"27q1-0-0\"><span style=\"color: #000000;\" data-offset-key=\"27q1-0-0\">Si ven\u00eds al Ayuntamiento, podr\u00e9is ver in situ el trabajo que han realizado. Las cartas se podr\u00e1n depositar en el Ayuntamiento el lunes 28, el martes 29 y el mi\u00e9rcoles 30 de diciembre. <\/span><\/div>\n<div class=\"_1mf _1mj\" style=\"text-align: justify;\" data-offset-key=\"27q1-0-0\"><span style=\"color: #000000;\"><span data-offset-key=\"27q1-0-0\">Si quer\u00e9is, pod\u00e9is publicar vuestras fotos -depositando las cartas- en las redes sociales con la etiqueta <\/span><span class=\"diy96o5h\">#PatgeLaBisbal<\/span><\/span><\/div>\n<\/div>\n","protected":false},"excerpt":{"rendered":"<p>La Comissi\u00f3 de Festes de Can Gordei ha decorat l&#8217;entrada de l&#8217;Ajuntament per enc\u00e0rrec del Patge Reial, amb l&#8217;objectiu de deixar-ho tot preparat perqu\u00e8 els nens i nenes de la &hellip; <a href=\"https:\/\/bisbalpenedes.com\/web\/2020\/12\/23\/informacio-sobre-lentrega-de-las-cartes-per-als-reis-mags-a-la-bustia-reial\/\" class=\"more-link\">Read More<\/a><\/p>\n","protected":false},"author":4,"featured_media":15910,"comment_status":"closed","ping_status":"closed","sticky":false,"template":"","format":"standard","meta":[],"categories":[13,8],"tags":[1084,984,2613],"_links":{"self":[{"href":"https:\/\/bisbalpenedes.com\/web\/wp-json\/wp\/v2\/posts\/15909"}],"collection":[{"href":"https:\/\/bisbalpenedes.com\/web\/wp-json\/wp\/v2\/posts"}],"about":[{"href":"https:\/\/bisbalpenedes.com\/web\/wp-json\/wp\/v2\/types\/post"}],"author":[{"embeddable":true,"href":"https:\/\/bisbalpenedes.com\/web\/wp-json\/wp\/v2\/users\/4"}],"replies":[{"embeddable":true,"href":"https:\/\/bisbalpenedes.com\/web\/wp-json\/wp\/v2\/comments?post=15909"}],"version-history":[{"count":2,"href":"https:\/\/bisbalpenedes.com\/web\/wp-json\/wp\/v2\/posts\/15909\/revisions"}],"predecessor-version":[{"id":15912,"href":"https:\/\/bisbalpenedes.com\/web\/wp-json\/wp\/v2\/posts\/15909\/revisions\/15912"}],"wp:featuredmedia":[{"embeddable":true,"href":"https:\/\/bisbalpenedes.com\/web\/wp-json\/wp\/v2\/media\/15910"}],"wp:attachment":[{"href":"https:\/\/bisbalpenedes.com\/web\/wp-json\/wp\/v2\/media?parent=15909"}],"wp:term":[{"taxonomy":"category","embeddable":true,"href":"https:\/\/bisbalpenedes.com\/web\/wp-json\/wp\/v2\/categories?post=15909"},{"taxonomy":"post_tag","embeddable":true,"href":"https:\/\/bisbalpenedes.com\/web\/wp-json\/wp\/v2\/tags?post=15909"}],"curies":[{"name":"wp","href":"https:\/\/api.w.org\/{rel}","templated":true}]}}