{"id":15900,"date":"2020-12-23T14:38:47","date_gmt":"2020-12-23T12:38:47","guid":{"rendered":"http:\/\/bisbalpenedes.com\/web\/?p=15900"},"modified":"2020-12-23T14:39:03","modified_gmt":"2020-12-23T12:39:03","slug":"actualitzacio-23-12-20-mesures-de-prevencio-i-restriccions-per-la-covid-19","status":"publish","type":"post","link":"https:\/\/bisbalpenedes.com\/web\/2020\/12\/23\/actualitzacio-23-12-20-mesures-de-prevencio-i-restriccions-per-la-covid-19\/","title":{"rendered":"ACTUALITZACI\u00d3 23-12-20 | Mesures de prevenci\u00f3 i restriccions per la Covid-19"},"content":{"rendered":"<div class=\"\" data-block=\"true\" data-editor=\"bb3j9\" data-offset-key=\"isq-0-0\">\n<div class=\"_1mf _1mj\" data-offset-key=\"isq-0-0\"><span style=\"color: #000000;\" data-offset-key=\"isq-0-0\">Aquestes s\u00f3n les mesures de prevenci\u00f3 i restriccions per la Covid-19 que tenen vig\u00e8ncia en l&#8217;actualitat.<\/span><\/div>\n<\/div>\n<div class=\"\" data-block=\"true\" data-editor=\"bb3j9\" data-offset-key=\"c6sup-0-0\">\n<div class=\"_1mf _1mj\" data-offset-key=\"c6sup-0-0\"><span style=\"color: #000000;\" data-offset-key=\"c6sup-0-0\">\u00a0<\/span><\/div>\n<\/div>\n<div class=\"\" data-block=\"true\" data-editor=\"bb3j9\" data-offset-key=\"fepf7-0-0\">\n<div class=\"_1mf _1mj\" style=\"text-align: justify;\" data-offset-key=\"fepf7-0-0\"><span data-offset-key=\"fepf7-0-0\"><span style=\"color: #000000;\">Podeu descarregar-vos el certificat autoresponsable de despla\u00e7ament, aqu\u00ed:<\/span> <\/span><span class=\"py34i1dx\"><a href=\"https:\/\/interior.gencat.cat\/ca\/arees_dactuacio\/proteccio_civil\/consells_autoproteccio_emergencia\/malalties-transmissibles-emergents-amb-potencial-alt-risc-\/certificat-autoresponsable-de-desplacament-en-el-marc-de-lestat-dalarma-per-la-crisi-sanitaria-per-la-covid-19\/index.html#\" target=\"_blank\">https:\/\/interior.gencat.cat\/ca\/arees_dactuacio\/proteccio_civil\/consells_autoproteccio_emergencia\/malalties-transmissibles-emergents-amb-potencial-alt-risc-\/certificat-autoresponsable-de-desplacament-en-el-marc-de-lestat-dalarma-per-la-crisi-sanitaria-per-la-covid-19\/index.html#<\/a><\/span><\/div>\n<\/div>\n<div class=\"_1mf _1mj\" data-offset-key=\"5etbm-0-0\">\n<hr \/>\n<\/div>\n<div class=\"\" data-block=\"true\" data-editor=\"bb3j9\" data-offset-key=\"6mntp-0-0\">\n<div class=\"_1mf _1mj\" data-offset-key=\"6mntp-0-0\">Estas son las medidas de prevenci\u00f3n y restricciones por la Covid-19 que tienen vigencia en la actualidad.<\/div>\n<\/div>\n<div class=\"\" data-block=\"true\" data-editor=\"bb3j9\" data-offset-key=\"9utuu-0-0\">\n<div class=\"_1mf _1mj\" data-offset-key=\"9utuu-0-0\"><span style=\"color: #000000;\" data-offset-key=\"9utuu-0-0\">\u00a0<\/span><\/div>\n<\/div>\n<div class=\"\" data-block=\"true\" data-editor=\"bb3j9\" data-offset-key=\"474cm-0-0\">\n<div class=\"_1mf _1mj\" data-offset-key=\"474cm-0-0\"><span style=\"color: #000000;\" data-offset-key=\"474cm-0-0\">Pod\u00e9is descargaros el certificado autoresponsable de desplazamiento, aqu\u00ed:\u00a0<\/span><\/div>\n<\/div>\n<div class=\"\" data-block=\"true\" data-editor=\"bb3j9\" data-offset-key=\"auk28-0-0\">\n<div class=\"_1mf _1mj\" data-offset-key=\"auk28-0-0\"><a href=\"https:\/\/interior.gencat.cat\/ca\/arees_dactuacio\/proteccio_civil\/consells_autoproteccio_emergencia\/malalties-transmissibles-emergents-amb-potencial-alt-risc-\/certificat-autoresponsable-de-desplacament-en-el-marc-de-lestat-dalarma-per-la-crisi-sanitaria-per-la-covid-19\/index.html#\" target=\"_blank\">https:\/\/interior.gencat.cat\/ca\/arees_dactuacio\/proteccio_civil\/consells_autoproteccio_emergencia\/malalties-transmissibles-emergents-amb-potencial-alt-risc-\/certificat-autoresponsable-de-desplacament-en-el-marc-de-lestat-dalarma-per-la-crisi-sanitaria-per-la-covid-19\/index.html#<\/a><\/div>\n<\/div>\n<div class=\"_1mf _1mj\" data-offset-key=\"auk28-0-0\"><a href=\"http:\/\/bisbalpenedes.com\/web\/2020\/12\/23\/actualitzacio-23-12-20-mesures-de-prevencio-i-restriccions-per-la-covid-19\/mesures-1-21-des\/\" rel=\"attachment wp-att-15901\"><img loading=\"lazy\" class=\"aligncenter size-large wp-image-15901\" src=\"http:\/\/bisbalpenedes.com\/web\/wp-content\/uploads\/2020\/12\/MESURES-1-21-DES-724x1024.jpeg\" alt=\"MESURES 1 - 21 DES\" width=\"630\" height=\"891\" srcset=\"https:\/\/bisbalpenedes.com\/web\/wp-content\/uploads\/2020\/12\/MESURES-1-21-DES-724x1024.jpeg 724w, https:\/\/bisbalpenedes.com\/web\/wp-content\/uploads\/2020\/12\/MESURES-1-21-DES-600x849.jpeg 600w, https:\/\/bisbalpenedes.com\/web\/wp-content\/uploads\/2020\/12\/MESURES-1-21-DES-212x300.jpeg 212w, https:\/\/bisbalpenedes.com\/web\/wp-content\/uploads\/2020\/12\/MESURES-1-21-DES-768x1086.jpeg 768w, https:\/\/bisbalpenedes.com\/web\/wp-content\/uploads\/2020\/12\/MESURES-1-21-DES.jpeg 1414w\" sizes=\"(max-width: 630px) 100vw, 630px\" \/><\/a> <a href=\"http:\/\/bisbalpenedes.com\/web\/2020\/12\/23\/actualitzacio-23-12-20-mesures-de-prevencio-i-restriccions-per-la-covid-19\/mesures-2-21-des\/\" rel=\"attachment wp-att-15902\"><img loading=\"lazy\" class=\"aligncenter size-large wp-image-15902\" src=\"http:\/\/bisbalpenedes.com\/web\/wp-content\/uploads\/2020\/12\/MESURES-2-21-DES-724x1024.jpeg\" alt=\"MESURES 2 - 21 DES\" width=\"630\" height=\"891\" srcset=\"https:\/\/bisbalpenedes.com\/web\/wp-content\/uploads\/2020\/12\/MESURES-2-21-DES-724x1024.jpeg 724w, https:\/\/bisbalpenedes.com\/web\/wp-content\/uploads\/2020\/12\/MESURES-2-21-DES-600x849.jpeg 600w, https:\/\/bisbalpenedes.com\/web\/wp-content\/uploads\/2020\/12\/MESURES-2-21-DES-212x300.jpeg 212w, https:\/\/bisbalpenedes.com\/web\/wp-content\/uploads\/2020\/12\/MESURES-2-21-DES-768x1086.jpeg 768w, https:\/\/bisbalpenedes.com\/web\/wp-content\/uploads\/2020\/12\/MESURES-2-21-DES.jpeg 1414w\" sizes=\"(max-width: 630px) 100vw, 630px\" \/><\/a> <a href=\"http:\/\/bisbalpenedes.com\/web\/2020\/12\/23\/actualitzacio-23-12-20-mesures-de-prevencio-i-restriccions-per-la-covid-19\/mesures-3-21-des\/\" rel=\"attachment wp-att-15903\"><img loading=\"lazy\" class=\"aligncenter size-large wp-image-15903\" src=\"http:\/\/bisbalpenedes.com\/web\/wp-content\/uploads\/2020\/12\/MESURES-3-21-DES-724x1024.jpeg\" alt=\"MESURES 3 - 21 DES\" width=\"630\" height=\"891\" srcset=\"https:\/\/bisbalpenedes.com\/web\/wp-content\/uploads\/2020\/12\/MESURES-3-21-DES-724x1024.jpeg 724w, https:\/\/bisbalpenedes.com\/web\/wp-content\/uploads\/2020\/12\/MESURES-3-21-DES-600x849.jpeg 600w, https:\/\/bisbalpenedes.com\/web\/wp-content\/uploads\/2020\/12\/MESURES-3-21-DES-212x300.jpeg 212w, https:\/\/bisbalpenedes.com\/web\/wp-content\/uploads\/2020\/12\/MESURES-3-21-DES-768x1086.jpeg 768w, https:\/\/bisbalpenedes.com\/web\/wp-content\/uploads\/2020\/12\/MESURES-3-21-DES.jpeg 1414w\" sizes=\"(max-width: 630px) 100vw, 630px\" \/><\/a> <a href=\"http:\/\/bisbalpenedes.com\/web\/2020\/12\/23\/actualitzacio-23-12-20-mesures-de-prevencio-i-restriccions-per-la-covid-19\/mesures-4-21-des\/\" rel=\"attachment wp-att-15904\"><img loading=\"lazy\" class=\"aligncenter size-large wp-image-15904\" src=\"http:\/\/bisbalpenedes.com\/web\/wp-content\/uploads\/2020\/12\/MESURES-4-21-DES-724x1024.jpeg\" alt=\"MESURES 4 - 21 DES\" width=\"630\" height=\"891\" srcset=\"https:\/\/bisbalpenedes.com\/web\/wp-content\/uploads\/2020\/12\/MESURES-4-21-DES-724x1024.jpeg 724w, https:\/\/bisbalpenedes.com\/web\/wp-content\/uploads\/2020\/12\/MESURES-4-21-DES-600x849.jpeg 600w, https:\/\/bisbalpenedes.com\/web\/wp-content\/uploads\/2020\/12\/MESURES-4-21-DES-212x300.jpeg 212w, https:\/\/bisbalpenedes.com\/web\/wp-content\/uploads\/2020\/12\/MESURES-4-21-DES-768x1086.jpeg 768w, https:\/\/bisbalpenedes.com\/web\/wp-content\/uploads\/2020\/12\/MESURES-4-21-DES.jpeg 1414w\" sizes=\"(max-width: 630px) 100vw, 630px\" \/><\/a> <a href=\"http:\/\/bisbalpenedes.com\/web\/2020\/12\/23\/actualitzacio-23-12-20-mesures-de-prevencio-i-restriccions-per-la-covid-19\/mesures-5-cerdanya\/\" rel=\"attachment wp-att-15905\"><img loading=\"lazy\" class=\"aligncenter size-large wp-image-15905\" src=\"http:\/\/bisbalpenedes.com\/web\/wp-content\/uploads\/2020\/12\/MESURES-5-CERDANYA-724x1024.jpeg\" alt=\"MESURES 5 CERDANYA\" width=\"630\" height=\"891\" srcset=\"https:\/\/bisbalpenedes.com\/web\/wp-content\/uploads\/2020\/12\/MESURES-5-CERDANYA-724x1024.jpeg 724w, https:\/\/bisbalpenedes.com\/web\/wp-content\/uploads\/2020\/12\/MESURES-5-CERDANYA-600x849.jpeg 600w, https:\/\/bisbalpenedes.com\/web\/wp-content\/uploads\/2020\/12\/MESURES-5-CERDANYA-212x300.jpeg 212w, https:\/\/bisbalpenedes.com\/web\/wp-content\/uploads\/2020\/12\/MESURES-5-CERDANYA-768x1086.jpeg 768w, https:\/\/bisbalpenedes.com\/web\/wp-content\/uploads\/2020\/12\/MESURES-5-CERDANYA.jpeg 1414w\" sizes=\"(max-width: 630px) 100vw, 630px\" \/><\/a><\/div>\n","protected":false},"excerpt":{"rendered":"<p>Aquestes s\u00f3n les mesures de prevenci\u00f3 i restriccions per la Covid-19 que tenen vig\u00e8ncia en l&#8217;actualitat. \u00a0 Podeu descarregar-vos el certificat autoresponsable de despla\u00e7ament, aqu\u00ed: https:\/\/interior.gencat.cat\/ca\/arees_dactuacio\/proteccio_civil\/consells_autoproteccio_emergencia\/malalties-transmissibles-emergents-amb-potencial-alt-risc-\/certificat-autoresponsable-de-desplacament-en-el-marc-de-lestat-dalarma-per-la-crisi-sanitaria-per-la-covid-19\/index.html# Estas son las medidas &hellip; <a href=\"https:\/\/bisbalpenedes.com\/web\/2020\/12\/23\/actualitzacio-23-12-20-mesures-de-prevencio-i-restriccions-per-la-covid-19\/\" class=\"more-link\">Read More<\/a><\/p>\n","protected":false},"author":4,"featured_media":15904,"comment_status":"closed","ping_status":"closed","sticky":false,"template":"","format":"standard","meta":[],"categories":[4095,8,14],"tags":[3559,82,95,3664],"_links":{"self":[{"href":"https:\/\/bisbalpenedes.com\/web\/wp-json\/wp\/v2\/posts\/15900"}],"collection":[{"href":"https:\/\/bisbalpenedes.com\/web\/wp-json\/wp\/v2\/posts"}],"about":[{"href":"https:\/\/bisbalpenedes.com\/web\/wp-json\/wp\/v2\/types\/post"}],"author":[{"embeddable":true,"href":"https:\/\/bisbalpenedes.com\/web\/wp-json\/wp\/v2\/users\/4"}],"replies":[{"embeddable":true,"href":"https:\/\/bisbalpenedes.com\/web\/wp-json\/wp\/v2\/comments?post=15900"}],"version-history":[{"count":3,"href":"https:\/\/bisbalpenedes.com\/web\/wp-json\/wp\/v2\/posts\/15900\/revisions"}],"predecessor-version":[{"id":15908,"href":"https:\/\/bisbalpenedes.com\/web\/wp-json\/wp\/v2\/posts\/15900\/revisions\/15908"}],"wp:featuredmedia":[{"embeddable":true,"href":"https:\/\/bisbalpenedes.com\/web\/wp-json\/wp\/v2\/media\/15904"}],"wp:attachment":[{"href":"https:\/\/bisbalpenedes.com\/web\/wp-json\/wp\/v2\/media?parent=15900"}],"wp:term":[{"taxonomy":"category","embeddable":true,"href":"https:\/\/bisbalpenedes.com\/web\/wp-json\/wp\/v2\/categories?post=15900"},{"taxonomy":"post_tag","embeddable":true,"href":"https:\/\/bisbalpenedes.com\/web\/wp-json\/wp\/v2\/tags?post=15900"}],"curies":[{"name":"wp","href":"https:\/\/api.w.org\/{rel}","templated":true}]}}