{"id":1590,"date":"2016-04-18T15:57:14","date_gmt":"2016-04-18T09:57:14","guid":{"rendered":"http:\/\/bisbalpenedes.com\/web\/?p=1590"},"modified":"2016-04-18T15:59:00","modified_gmt":"2016-04-18T09:59:00","slug":"sant-jordi-2016","status":"publish","type":"post","link":"https:\/\/bisbalpenedes.com\/web\/2016\/04\/18\/sant-jordi-2016\/","title":{"rendered":"Sant Jordi 2016"},"content":{"rendered":"<p>Sant Jordi 2016<br \/>\nLa Bisbal del Pened\u00e8s<\/p>\n<p><strong>DIVENDRES 22 D&#8217;ABRIL<\/strong><\/p>\n<p>A les 20h al CMC, presentaci\u00f3 del Llibre de Sant Jordi-Diuen- de la Nati Soler amb fotografies de Josep Vall\u00e8s i a continuaci\u00f3, refrigeri<\/p>\n<p><strong>DISSABTE 23 D&#8217;ABRIL<\/strong><\/p>\n<p>A les 11:30h a la pla\u00e7a de l\u2019Esgl\u00e9sia actuaci\u00f3 de -Encanterium-<br \/>\nun conte teatralitzat de Pr\u00ednceps i Roses i Taller de Roses artesanals per a nens fet per Zara Zaranoia<br \/>\nA les 18:30h al CMC, Lliurament dels premis literaris Sant Jordi<br \/>\npresentat pels Esventats i a continuaci\u00f3 Concert a c\u00e0rrec del grup Sommeliers, acabarem amb un petit refrigeri amb tast gratu\u00eft de<br \/>\ncervesa artesanal -la Bisbalenca-<br \/>\nA les 18h al local de l\u2019Associaci\u00f3 de Dones la Roca Foradada<br \/>\nJornada de portes obertes i exposici\u00f3 de pintures d\u2019Ant\u00f2nia Poch<\/p>\n<p><strong>DIUMENGE 24 D&#8217;ABRIL<\/strong><\/p>\n<p>A les 12:00h a la pla\u00e7a Pau Casals, entrega dels premis literaris als nens de l\u2019Escola i animaci\u00f3 amb el Clown Aixala<br \/>\nA les 18:30h a l\u2019Esgl\u00e9sia de Santa Maria, Concert de Sant Jordi amb el cor Z\u00f3ngora<br \/>\nAjuntament de la Bisbal del Pened\u00e8s. Regidoria de Cultura<\/p>\n<p><a href=\"http:\/\/bisbalpenedes.com\/web\/wp-content\/uploads\/2016\/04\/SANT_JORDI_CAP.jpg\"><img loading=\"lazy\" class=\"alignleft size-medium wp-image-1591\" title=\"SANT_JORDI_CAP\" src=\"http:\/\/bisbalpenedes.com\/web\/wp-content\/uploads\/2016\/04\/SANT_JORDI_CAP-300x163.jpg\" alt=\"\" width=\"300\" height=\"163\" srcset=\"https:\/\/bisbalpenedes.com\/web\/wp-content\/uploads\/2016\/04\/SANT_JORDI_CAP-300x163.jpg 300w, https:\/\/bisbalpenedes.com\/web\/wp-content\/uploads\/2016\/04\/SANT_JORDI_CAP-600x328.jpg 600w, https:\/\/bisbalpenedes.com\/web\/wp-content\/uploads\/2016\/04\/SANT_JORDI_CAP-1024x559.jpg 1024w, https:\/\/bisbalpenedes.com\/web\/wp-content\/uploads\/2016\/04\/SANT_JORDI_CAP.jpg 1176w\" sizes=\"(max-width: 300px) 100vw, 300px\" \/><\/a><\/p>\n","protected":false},"excerpt":{"rendered":"<p>Sant Jordi 2016 La Bisbal del Pened\u00e8s DIVENDRES 22 D&#8217;ABRIL A les 20h al CMC, presentaci\u00f3 del Llibre de Sant Jordi-Diuen- de la Nati Soler amb fotografies de Josep Vall\u00e8s &hellip; <a href=\"https:\/\/bisbalpenedes.com\/web\/2016\/04\/18\/sant-jordi-2016\/\" class=\"more-link\">Read More<\/a><\/p>\n","protected":false},"author":1,"featured_media":1591,"comment_status":"closed","ping_status":"closed","sticky":false,"template":"","format":"standard","meta":[],"categories":[13],"tags":[64],"_links":{"self":[{"href":"https:\/\/bisbalpenedes.com\/web\/wp-json\/wp\/v2\/posts\/1590"}],"collection":[{"href":"https:\/\/bisbalpenedes.com\/web\/wp-json\/wp\/v2\/posts"}],"about":[{"href":"https:\/\/bisbalpenedes.com\/web\/wp-json\/wp\/v2\/types\/post"}],"author":[{"embeddable":true,"href":"https:\/\/bisbalpenedes.com\/web\/wp-json\/wp\/v2\/users\/1"}],"replies":[{"embeddable":true,"href":"https:\/\/bisbalpenedes.com\/web\/wp-json\/wp\/v2\/comments?post=1590"}],"version-history":[{"count":5,"href":"https:\/\/bisbalpenedes.com\/web\/wp-json\/wp\/v2\/posts\/1590\/revisions"}],"predecessor-version":[{"id":1596,"href":"https:\/\/bisbalpenedes.com\/web\/wp-json\/wp\/v2\/posts\/1590\/revisions\/1596"}],"wp:featuredmedia":[{"embeddable":true,"href":"https:\/\/bisbalpenedes.com\/web\/wp-json\/wp\/v2\/media\/1591"}],"wp:attachment":[{"href":"https:\/\/bisbalpenedes.com\/web\/wp-json\/wp\/v2\/media?parent=1590"}],"wp:term":[{"taxonomy":"category","embeddable":true,"href":"https:\/\/bisbalpenedes.com\/web\/wp-json\/wp\/v2\/categories?post=1590"},{"taxonomy":"post_tag","embeddable":true,"href":"https:\/\/bisbalpenedes.com\/web\/wp-json\/wp\/v2\/tags?post=1590"}],"curies":[{"name":"wp","href":"https:\/\/api.w.org\/{rel}","templated":true}]}}