{"id":15893,"date":"2020-12-23T12:35:48","date_gmt":"2020-12-23T10:35:48","guid":{"rendered":"http:\/\/bisbalpenedes.com\/web\/?p=15893"},"modified":"2020-12-23T12:35:48","modified_gmt":"2020-12-23T10:35:48","slug":"saprova-la-liquidacio-del-4t-trimestre-del-conveni-de-collaboracio-amb-el-consell-comarcal-del-baix-penedes-en-materia-docupacio","status":"publish","type":"post","link":"https:\/\/bisbalpenedes.com\/web\/2020\/12\/23\/saprova-la-liquidacio-del-4t-trimestre-del-conveni-de-collaboracio-amb-el-consell-comarcal-del-baix-penedes-en-materia-docupacio\/","title":{"rendered":"S\u2019aprova la liquidaci\u00f3 del 4t trimestre del conveni de col\u00b7laboraci\u00f3 amb el Consell Comarcal del Baix Pened\u00e8s en mat\u00e8ria d\u2019Ocupaci\u00f3"},"content":{"rendered":"<p style=\"text-align: justify;\"><span style=\"color: #000000;\">La Junta de Govern local va aprovar el passat dilluns 14 de desembre, a petici\u00f3 de la Regidoria d\u2019Ocupaci\u00f3, la liquidaci\u00f3 del conveni de col\u00b7laboraci\u00f3 amb el Consell Comarcal del Baix Pened\u00e8s (CCBP) en mat\u00e8ria d\u2019ocupaci\u00f3 corresponent al 4t trimestre de 2020 per un import total de 5.902,11\u20ac.<\/span><\/p>\n<p style=\"text-align: justify;\"><span style=\"color: #000000;\">Aquest conveni s\u2019emmarca dins de l\u2019Acord estrat\u00e8gic per al desenvolupament i l\u2019ocupaci\u00f3 del Baix Pened\u00e8s 2020, que es va aprovar al Consell d\u2019Alcaldes del Baix Pened\u00e8s el setembre de 2019 i que instava a sol\u00b7licitar diferents subvencions al Servei P\u00fablic d\u2019Ocupaci\u00f3 de Catalunya (SOC) amb l\u2019objectiu de millorar el desenvolupament econ\u00f2mic i l\u2019ocupaci\u00f3 a la comarca. Posteriorment, el 13 de gener de 2020, la Junta de Govern local va aprovar el conveni interadministratiu de col\u00b7laboraci\u00f3 amb el Consell Comarcal del Baix Pened\u00e8s i la resta d\u2019ajuntaments de la comarca per a l\u2019execuci\u00f3 dels programes d\u2019ocupaci\u00f3 que formen part de l\u2019esmentat acord estrat\u00e8gic per un import anual de 23.608,45\u20ac.<\/span><\/p>\n<hr \/>\n<p style=\"text-align: justify;\"><span style=\"color: #000000;\"><strong>CASTELLANO |<\/strong> La Junta de Gobierno local aprob\u00f3 el pasado lunes 14 de diciembre, a petici\u00f3n de la Concejal\u00eda de Ocupaci\u00f3n, la liquidaci\u00f3n del convenio de colaboraci\u00f3n con el Consell Comarcal del Baix Pened\u00e8s (CCBP) en materia de ocupaci\u00f3n correspondiente al 4\u00ba trimestre de 2020 por un importe de 5.902,11\u20ac.<\/span><\/p>\n<p style=\"text-align: justify;\"><span style=\"color: #000000;\">Este convenio se enmarca dentro del Acuerdo estrat\u00e9gico para el desarrollo y la ocupaci\u00f3n del Baix Pened\u00e8s 2020, que se aprob\u00f3 en el Consejo de Alcaldes del Baix Pened\u00e8s en septiembre de 2019 y que instaba a solicitar distintas subvenciones al Servei P\u00fablic d\u2019Ocupaci\u00f3 de Catalunya (SOC) con el objetivo de mejorar el desarrollo econ\u00f3mico y la ocupaci\u00f3n de la comarca. Posteriormente, el 13 de enero de 2020, la Junta de Gobierno local aprob\u00f3 el convenio interadministrativo de colaboraci\u00f3n con el Consell Comarcal del Baix Pened\u00e8s y el resto de ayuntamientos de la comarca para la ejecuci\u00f3n de los programas de ocupaci\u00f3n que forman parte del citado acuerdo estrat\u00e9gico por un importe anual de 23.608,45\u20ac.<\/span><\/p>\n","protected":false},"excerpt":{"rendered":"<p>La Junta de Govern local va aprovar el passat dilluns 14 de desembre, a petici\u00f3 de la Regidoria d\u2019Ocupaci\u00f3, la liquidaci\u00f3 del conveni de col\u00b7laboraci\u00f3 amb el Consell Comarcal del &hellip; <a href=\"https:\/\/bisbalpenedes.com\/web\/2020\/12\/23\/saprova-la-liquidacio-del-4t-trimestre-del-conveni-de-collaboracio-amb-el-consell-comarcal-del-baix-penedes-en-materia-docupacio\/\" class=\"more-link\">Read More<\/a><\/p>\n","protected":false},"author":4,"featured_media":14717,"comment_status":"closed","ping_status":"closed","sticky":false,"template":"","format":"standard","meta":[],"categories":[3085,8,9],"tags":[1056,440,10],"_links":{"self":[{"href":"https:\/\/bisbalpenedes.com\/web\/wp-json\/wp\/v2\/posts\/15893"}],"collection":[{"href":"https:\/\/bisbalpenedes.com\/web\/wp-json\/wp\/v2\/posts"}],"about":[{"href":"https:\/\/bisbalpenedes.com\/web\/wp-json\/wp\/v2\/types\/post"}],"author":[{"embeddable":true,"href":"https:\/\/bisbalpenedes.com\/web\/wp-json\/wp\/v2\/users\/4"}],"replies":[{"embeddable":true,"href":"https:\/\/bisbalpenedes.com\/web\/wp-json\/wp\/v2\/comments?post=15893"}],"version-history":[{"count":1,"href":"https:\/\/bisbalpenedes.com\/web\/wp-json\/wp\/v2\/posts\/15893\/revisions"}],"predecessor-version":[{"id":15894,"href":"https:\/\/bisbalpenedes.com\/web\/wp-json\/wp\/v2\/posts\/15893\/revisions\/15894"}],"wp:featuredmedia":[{"embeddable":true,"href":"https:\/\/bisbalpenedes.com\/web\/wp-json\/wp\/v2\/media\/14717"}],"wp:attachment":[{"href":"https:\/\/bisbalpenedes.com\/web\/wp-json\/wp\/v2\/media?parent=15893"}],"wp:term":[{"taxonomy":"category","embeddable":true,"href":"https:\/\/bisbalpenedes.com\/web\/wp-json\/wp\/v2\/categories?post=15893"},{"taxonomy":"post_tag","embeddable":true,"href":"https:\/\/bisbalpenedes.com\/web\/wp-json\/wp\/v2\/tags?post=15893"}],"curies":[{"name":"wp","href":"https:\/\/api.w.org\/{rel}","templated":true}]}}