{"id":15891,"date":"2020-12-23T12:27:28","date_gmt":"2020-12-23T10:27:28","guid":{"rendered":"http:\/\/bisbalpenedes.com\/web\/?p=15891"},"modified":"2020-12-23T12:28:32","modified_gmt":"2020-12-23T10:28:32","slug":"saprova-la-liquidacio-del-4t-trimestre-del-conveni-en-materia-de-serveis-socials-amb-al-consell-comarcal-del-baix-penedes","status":"publish","type":"post","link":"https:\/\/bisbalpenedes.com\/web\/2020\/12\/23\/saprova-la-liquidacio-del-4t-trimestre-del-conveni-en-materia-de-serveis-socials-amb-al-consell-comarcal-del-baix-penedes\/","title":{"rendered":"S\u2019aprova la liquidaci\u00f3 del 4t trimestre del conveni en mat\u00e8ria de serveis socials amb al Consell Comarcal del Baix Pened\u00e8s"},"content":{"rendered":"<p style=\"text-align: justify;\"><span style=\"color: #000000;\">La Junta de govern local del 14 de desembre va aprovar, a petici\u00f3 de la regidoria de Serveis Socials, la liquidaci\u00f3 del 4t trimestre de 2020 del conveni en\u00a0 mat\u00e8ria de serveis socials amb el Consell Comarcal del Baix Pened\u00e8s (CCBP).<\/span><\/p>\n<p style=\"text-align: justify;\"><span style=\"color: #000000;\">La liquidaci\u00f3 aprovada ascendeix a 18.206,49\u20ac, i correspon als serveis prestats durant el quart trimestre de 2020. S\u00f3n els que es detallen a continuaci\u00f3:<\/span><\/p>\n<ul style=\"text-align: justify;\">\n<li><span style=\"color: #000000;\">Professionals i serveis socials b\u00e0sics: 9.471,61\u20ac<\/span><\/li>\n<li><span style=\"color: #000000;\">SAD depend\u00e8ncia i SAD social: 2.165,26\u20ac<\/span><\/li>\n<li><span style=\"color: #000000;\">Servei d\u2019acolliment residencial d\u2019urg\u00e8ncia: 260,08\u20ac<\/span><\/li>\n<li><span style=\"color: #000000;\">Transport adaptat: 686,11\u20ac<\/span><\/li>\n<li><span style=\"color: #000000;\">Serveis d\u2019intervenci\u00f3 socioeducativa: 460,99\u20ac<\/span><\/li>\n<li><span style=\"color: #000000;\">Immigraci\u00f3: 268,95\u20ac<\/span><\/li>\n<li><span style=\"color: #000000;\">SIAD (Servei d\u2019Informaci\u00f3 i Atenci\u00f3 a les Dones):291,04 \u20ac<\/span><\/li>\n<li><span style=\"color: #000000;\">Despeses TIC: 92,47\u20ac<\/span><\/li>\n<li><span style=\"color: #000000;\">Centre obert: 1.266,66\u20ac<\/span><\/li>\n<li><span style=\"color: #000000;\">Educadors de carrer: 3.243,30\u20ac<\/span><\/li>\n<\/ul>\n<p style=\"text-align: justify;\"><span style=\"color: #000000;\">El 23 de mar\u00e7 es va aprovar, mitjan\u00e7ant Decret d\u2019alcaldia, la pr\u00f2rroga del conveni de cooperaci\u00f3 interadministrativa amb el Consell Comarcal del Baix Pened\u00e8s en mat\u00e8ria de serveis socials (2016\/2019), subscrit entre el Consell Comarcal del Baix Pened\u00e8s i diversos ajuntaments de la comarca. L\u2019aportaci\u00f3 de l\u2019Ajuntament de la Bisbal del Pened\u00e8s per a l\u2019any 2020 ser\u00e0 de 76.282,98\u20ac.<\/span><\/p>\n<p style=\"text-align: justify;\"><span style=\"color: #000000;\">Des de l\u2019any 1989 el Consell Comarcal ha assumit compet\u00e8ncies en mat\u00e8ria de serveis socials i ha establert convenis de cooperaci\u00f3 interadministrativa amb els ajuntaments de la comarca. El conveni vigent estableix la prestaci\u00f3 del servei d\u2019atenci\u00f3 social supeditat a les condicions del contracte programa per a la coordinaci\u00f3, la cooperaci\u00f3 i la col\u00b7laboraci\u00f3 en mat\u00e8ria de serveis socials, altres programes relatius al benestar social i pol\u00edtiques d\u2019igualtat entre el Consell Comarcal del Baix Pened\u00e8s i el Departament de Treball, Afers Socials i Fam\u00edlies de la Generalitat de Catalunya.<\/span><\/p>\n<hr \/>\n<p style=\"text-align: justify;\"><span style=\"color: #000000;\"><strong>CASTELLANO |<\/strong> La Junta de gobierno local del 14 de diciembre ha aprobado, a petici\u00f3n de la concejal\u00eda de Servicios Sociales, la liquidaci\u00f3n del 4\u00ba trimestre de 2020 del convenio en materia de servicios sociales con el Consell Comarcal del Baix Pened\u00e8s (CCBP).<\/span><\/p>\n<p style=\"text-align: justify;\"><span style=\"color: #000000;\">La liquidaci\u00f3n aprobada asciende a 18.206,49\u20ac y corresponde a los servicios prestados durante el cuarto trimestre de 2020. Son los que se detallan a continuaci\u00f3n:<\/span><\/p>\n<ul style=\"text-align: justify;\">\n<li><span style=\"color: #000000;\">Profesionales y servicios sociales b\u00e1sicos: 9.471,61\u20ac<\/span><\/li>\n<li><span style=\"color: #000000;\">SAD dependencia i SAD social: 2.165,26\u20ac<\/span><\/li>\n<li><span style=\"color: #000000;\">Servicio de acogimiento residencial de urgencia: 260,08\u20ac<\/span><\/li>\n<li><span style=\"color: #000000;\">Transporte adaptado: 686,11\u20ac<\/span><\/li>\n<li><span style=\"color: #000000;\">Servicios de intervenci\u00f3n socioeducativa: 460,99\u20ac<\/span><\/li>\n<li><span style=\"color: #000000;\">Inmigraci\u00f3n: 268,95\u20ac<\/span><\/li>\n<li><span style=\"color: #000000;\">SIAD (Servicio de Informaci\u00f3n y Atenci\u00f3n a las Mujeres):291,04 \u20ac<\/span><\/li>\n<li><span style=\"color: #000000;\">Gastos TIC: 92,47\u20ac<\/span><\/li>\n<li><span style=\"color: #000000;\"><em>Centre obert<\/em>: 1.266,66\u20ac<\/span><\/li>\n<li><span style=\"color: #000000;\">Educadores de calle: 3.243,30\u20ac<\/span><\/li>\n<\/ul>\n<p style=\"text-align: justify;\"><span style=\"color: #000000;\">El 23 de marzo se aprob\u00f3, mediante Decreto de alcald\u00eda, la pr\u00f3rroga del convenio de cooperaci\u00f3n interadministrativa con el Consell Comarcal del Baix Pened\u00e8s en materia de servicios sociales (2016\/2019), suscrito entre el Consell Comarcal del Baix Pened\u00e8s y varios ayuntamientos de la comarca. La aportaci\u00f3n del Ayuntamiento de la Bisbal del Pened\u00e8s para el a\u00f1o 2020 ser\u00e1 de 76.282,98\u20ac.<\/span><\/p>\n<p style=\"text-align: justify;\"><span style=\"color: #000000;\">Desde el a\u00f1o 1989 el Consell Comarcal ha asumido competencias den materia de servicios sociales y ha establecido convenios de colaboraci\u00f3n interadministrativa con los ayuntamientos de la comarca. El convenio vigente establece la prestaci\u00f3n del servicio de atenci\u00f3n social supeditado a las condiciones del contrato programa para la coordinaci\u00f3n, la cooperaci\u00f3n y la colaboraci\u00f3n en materia de servicios sociales, otros programas relativos al bienestar social y pol\u00edticas de igualdad entre el Consell Comarcal del Baix Pened\u00e8s y el Departamento de Trabajo, Asuntos Sociales y Familias de la Generalitat de Catalunya.<\/span><\/p>\n","protected":false},"excerpt":{"rendered":"<p>La Junta de govern local del 14 de desembre va aprovar, a petici\u00f3 de la regidoria de Serveis Socials, la liquidaci\u00f3 del 4t trimestre de 2020 del conveni en\u00a0 mat\u00e8ria &hellip; <a href=\"https:\/\/bisbalpenedes.com\/web\/2020\/12\/23\/saprova-la-liquidacio-del-4t-trimestre-del-conveni-en-materia-de-serveis-socials-amb-al-consell-comarcal-del-baix-penedes\/\" class=\"more-link\">Read More<\/a><\/p>\n","protected":false},"author":4,"featured_media":6737,"comment_status":"closed","ping_status":"closed","sticky":false,"template":"","format":"standard","meta":[],"categories":[3137,3085,8,17],"tags":[1056,440,4281],"_links":{"self":[{"href":"https:\/\/bisbalpenedes.com\/web\/wp-json\/wp\/v2\/posts\/15891"}],"collection":[{"href":"https:\/\/bisbalpenedes.com\/web\/wp-json\/wp\/v2\/posts"}],"about":[{"href":"https:\/\/bisbalpenedes.com\/web\/wp-json\/wp\/v2\/types\/post"}],"author":[{"embeddable":true,"href":"https:\/\/bisbalpenedes.com\/web\/wp-json\/wp\/v2\/users\/4"}],"replies":[{"embeddable":true,"href":"https:\/\/bisbalpenedes.com\/web\/wp-json\/wp\/v2\/comments?post=15891"}],"version-history":[{"count":1,"href":"https:\/\/bisbalpenedes.com\/web\/wp-json\/wp\/v2\/posts\/15891\/revisions"}],"predecessor-version":[{"id":15892,"href":"https:\/\/bisbalpenedes.com\/web\/wp-json\/wp\/v2\/posts\/15891\/revisions\/15892"}],"wp:featuredmedia":[{"embeddable":true,"href":"https:\/\/bisbalpenedes.com\/web\/wp-json\/wp\/v2\/media\/6737"}],"wp:attachment":[{"href":"https:\/\/bisbalpenedes.com\/web\/wp-json\/wp\/v2\/media?parent=15891"}],"wp:term":[{"taxonomy":"category","embeddable":true,"href":"https:\/\/bisbalpenedes.com\/web\/wp-json\/wp\/v2\/categories?post=15891"},{"taxonomy":"post_tag","embeddable":true,"href":"https:\/\/bisbalpenedes.com\/web\/wp-json\/wp\/v2\/tags?post=15891"}],"curies":[{"name":"wp","href":"https:\/\/api.w.org\/{rel}","templated":true}]}}