{"id":15889,"date":"2020-12-23T12:10:16","date_gmt":"2020-12-23T10:10:16","guid":{"rendered":"http:\/\/bisbalpenedes.com\/web\/?p=15889"},"modified":"2020-12-23T12:10:16","modified_gmt":"2020-12-23T10:10:16","slug":"saprova-la-contractacio-de-subministrament-de-paper-dimpressio","status":"publish","type":"post","link":"https:\/\/bisbalpenedes.com\/web\/2020\/12\/23\/saprova-la-contractacio-de-subministrament-de-paper-dimpressio\/","title":{"rendered":"S&#8217;aprova la contractaci\u00f3 de subministrament de paper d&#8217;impressi\u00f3"},"content":{"rendered":"<p style=\"text-align: justify;\"><span style=\"color: #000000;\">La Junta de govern local ha aprovat la contractaci\u00f3 del subministrament de paper d\u2019impressi\u00f3 amb l\u2019empresa LYRECO ESPA\u00d1A, SA. en el marc de l\u2019adhesi\u00f3 a la central de compres de l\u2019Associaci\u00f3 Catalana de Municipis (ACM). Mitjan\u00e7ant la contractaci\u00f3, s\u2019adquireixen 320 paquets de paper de fibra reciclada premium de color blanc per un import total de 1.098,20\u20ac (IVA incl\u00f2s).<\/span><\/p>\n<p style=\"text-align: justify;\"><span style=\"color: #000000;\">L\u2019Ajuntament de la Bisbal del Pened\u00e8s est\u00e0 adherit al sistema d\u2019adquisici\u00f3 centralitzada i la contractaci\u00f3 de serveis a trav\u00e9s de la central de compres de l\u2019ACM des de l\u2019octubre de 2019. La central de compres ofereix preus m\u00e9s econ\u00f2mics i optimitza els terminis dels procediments administratius, ja que l\u2019Ajuntament no du a terme la licitaci\u00f3 per poder efectuar aquesta compra.<\/span><\/p>\n<hr \/>\n<p style=\"text-align: justify;\"><span style=\"color: #000000;\"><strong>CASTELLANO |<\/strong> La Junta de gobierno local ha aprobado la contrataci\u00f3n del suministro de papel de impresi\u00f3n con la empresa LYRECO ESPA\u00d1A, SA. en el marco de la adhesi\u00f3n a la central de compras de la Associaci\u00f3 Catalana de Municipis (ACM). Mediante la contrataci\u00f3n, se adquieren 320 paquetes de papel de fibra reciclada premium de color blanco por un importe total de 1.098,20\u20ac (IVA incluido).<\/span><\/p>\n<p style=\"text-align: justify;\"><span style=\"color: #000000;\">El Ayuntamiento de la Bisbal del Pened\u00e8s est\u00e1 adherido al sistema de adquisici\u00f3n centralizada y la contrataci\u00f3n de servicios a trav\u00e9s de la central de compras de la ACM desde octubre 2019. La central de compras ofrece precios m\u00e1s econ\u00f3micos y optimiza los plazos de los procedimientos administrativos, ya que el Ayuntamiento no lleva a cabo la licitaci\u00f3n para poder realizar dicha compra.<\/span><\/p>\n","protected":false},"excerpt":{"rendered":"<p>La Junta de govern local ha aprovat la contractaci\u00f3 del subministrament de paper d\u2019impressi\u00f3 amb l\u2019empresa LYRECO ESPA\u00d1A, SA. en el marc de l\u2019adhesi\u00f3 a la central de compres de &hellip; <a href=\"https:\/\/bisbalpenedes.com\/web\/2020\/12\/23\/saprova-la-contractacio-de-subministrament-de-paper-dimpressio\/\" class=\"more-link\">Read More<\/a><\/p>\n","protected":false},"author":4,"featured_media":13964,"comment_status":"closed","ping_status":"closed","sticky":false,"template":"","format":"standard","meta":[],"categories":[2402,3085,8],"tags":[874,2318,4280,686,2736],"_links":{"self":[{"href":"https:\/\/bisbalpenedes.com\/web\/wp-json\/wp\/v2\/posts\/15889"}],"collection":[{"href":"https:\/\/bisbalpenedes.com\/web\/wp-json\/wp\/v2\/posts"}],"about":[{"href":"https:\/\/bisbalpenedes.com\/web\/wp-json\/wp\/v2\/types\/post"}],"author":[{"embeddable":true,"href":"https:\/\/bisbalpenedes.com\/web\/wp-json\/wp\/v2\/users\/4"}],"replies":[{"embeddable":true,"href":"https:\/\/bisbalpenedes.com\/web\/wp-json\/wp\/v2\/comments?post=15889"}],"version-history":[{"count":1,"href":"https:\/\/bisbalpenedes.com\/web\/wp-json\/wp\/v2\/posts\/15889\/revisions"}],"predecessor-version":[{"id":15890,"href":"https:\/\/bisbalpenedes.com\/web\/wp-json\/wp\/v2\/posts\/15889\/revisions\/15890"}],"wp:featuredmedia":[{"embeddable":true,"href":"https:\/\/bisbalpenedes.com\/web\/wp-json\/wp\/v2\/media\/13964"}],"wp:attachment":[{"href":"https:\/\/bisbalpenedes.com\/web\/wp-json\/wp\/v2\/media?parent=15889"}],"wp:term":[{"taxonomy":"category","embeddable":true,"href":"https:\/\/bisbalpenedes.com\/web\/wp-json\/wp\/v2\/categories?post=15889"},{"taxonomy":"post_tag","embeddable":true,"href":"https:\/\/bisbalpenedes.com\/web\/wp-json\/wp\/v2\/tags?post=15889"}],"curies":[{"name":"wp","href":"https:\/\/api.w.org\/{rel}","templated":true}]}}