{"id":15885,"date":"2020-12-23T12:08:00","date_gmt":"2020-12-23T10:08:00","guid":{"rendered":"http:\/\/bisbalpenedes.com\/web\/?p=15885"},"modified":"2020-12-23T21:32:55","modified_gmt":"2020-12-23T19:32:55","slug":"set-families-rebran-el-xec-nado","status":"publish","type":"post","link":"https:\/\/bisbalpenedes.com\/web\/2020\/12\/23\/set-families-rebran-el-xec-nado\/","title":{"rendered":"Set fam\u00edlies bisbalenques rebran el &#8216;Xec nad\u00f3&#8217;"},"content":{"rendered":"<p style=\"text-align: justify;\"><a href=\"http:\/\/bisbalpenedes.com\/web\/2020\/12\/23\/set-families-rebran-el-xec-nado\/xec-nado-2020\/\" rel=\"attachment wp-att-15886\"><img loading=\"lazy\" class=\"aligncenter size-large wp-image-15886\" src=\"http:\/\/bisbalpenedes.com\/web\/wp-content\/uploads\/2020\/12\/XEC-NADO-2020-1024x768.jpg\" alt=\"XEC NADO 2020\" width=\"630\" height=\"473\" srcset=\"https:\/\/bisbalpenedes.com\/web\/wp-content\/uploads\/2020\/12\/XEC-NADO-2020-1024x768.jpg 1024w, https:\/\/bisbalpenedes.com\/web\/wp-content\/uploads\/2020\/12\/XEC-NADO-2020-600x450.jpg 600w, https:\/\/bisbalpenedes.com\/web\/wp-content\/uploads\/2020\/12\/XEC-NADO-2020-300x225.jpg 300w, https:\/\/bisbalpenedes.com\/web\/wp-content\/uploads\/2020\/12\/XEC-NADO-2020-768x576.jpg 768w\" sizes=\"(max-width: 630px) 100vw, 630px\" \/><\/a><\/p>\n<p style=\"text-align: justify;\"><span style=\"color: #000000;\">La Junta de govern del passat dilluns 14 de desembre va aprovar, a petici\u00f3 de la Regidoria de Comer\u00e7, els beneficiaris i no beneficiaris de la subvenci\u00f3 del \u2018Xec nad\u00f3\u2019. Enguany s\u2019hi han presentat onze fam\u00edlies i rebran el \u2018Xec nad\u00f3\u2019 un total de set fam\u00edlies, ja que han resultat benefici\u00e0ries. Hi ha quatre fam\u00edlies que no han estat benefici\u00e0ries perqu\u00e8 no complien els requisits estipulats a la convocat\u00f2ria.<\/span><\/p>\n<p style=\"text-align: justify;\"><span style=\"color: #000000;\">El \u2018Xec Nad\u00f3\u2019 \u00e9s una iniciativa de la Regidoria de Comer\u00e7 adre\u00e7ada a aquelles fam\u00edlies bisbalenques que hagin tingut o adoptat un nen o una nena durant l\u2019any anterior (en aquest cas el 2019), amb l\u2019objectiu d\u2019ajudar-les amb les despeses del nad\u00f3.<\/span><\/p>\n<p style=\"text-align: justify;\"><span style=\"color: #000000;\">Les fam\u00edlies benefici\u00e0ries seran convocades, de forma individual, a l\u2019Ajuntament de la Bisbal del Pened\u00e8s i rebran un \u2018Xec Nad\u00f3\u2019 per valor de 100\u20ac (dividit en 10 vals de 10\u20ac) que podr\u00e0 utilitzar-se fins al 31 de gener de 2021 als establiments bisbalencs adherits a la campanya.<\/span><\/p>\n<hr \/>\n<p style=\"text-align: justify;\"><span style=\"color: #000000;\"><strong>CASTELLANO |<\/strong> La Junta de gobierno del pasado lunes 14 de diciembre aprob\u00f3, a petici\u00f3n de la Concejal\u00eda de Comercio, los beneficiarios y no beneficiarios de la subvenci\u00f3n del \u2018Xec nad\u00f3\u2019. Este a\u00f1o se han presentado once familias y recibir\u00e1n el \u2018Xec nad\u00f3\u2019 un total de siete familias, ya que han resultado beneficiarias. Hay cuatro familias que no han resultado beneficiarias porque no cumpl\u00edan los requisitos estipulados en la convocatoria.<\/span><\/p>\n<p style=\"text-align: justify;\"><span style=\"color: #000000;\">El \u2018Xec Nad\u00f3\u2019 es una iniciativa de la Concejal\u00eda de Comercio dirigida a aquellas familias de la Bisbal que hayan tenido o adoptado un ni\u00f1o o una ni\u00f1a durante el a\u00f1o anterior (en este caso durante el 2019), con el objetivo de ayudarlas con los gastos del beb\u00e9.<\/span><\/p>\n<p style=\"text-align: justify;\"><span style=\"color: #000000;\">Las familias beneficiarias ser\u00e1n convocadas, de forma individual, en el Ayuntamiento de la Bisbal del Pened\u00e8s y recibir\u00e1n un \u2018Xec Nad\u00f3\u2019 por valor de 100\u20ac (dividido en 10 vales de 10\u20ac) que se podr\u00e1 utilizar hasta el 31 de enero de 2021 en los establecimientos bisbalenses adheridos a la campa\u00f1a.<\/span><\/p>\n","protected":false},"excerpt":{"rendered":"<p>La Junta de govern del passat dilluns 14 de desembre va aprovar, a petici\u00f3 de la Regidoria de Comer\u00e7, els beneficiaris i no beneficiaris de la subvenci\u00f3 del \u2018Xec nad\u00f3\u2019. &hellip; <a href=\"https:\/\/bisbalpenedes.com\/web\/2020\/12\/23\/set-families-rebran-el-xec-nado\/\" class=\"more-link\">Read More<\/a><\/p>\n","protected":false},"author":4,"featured_media":15886,"comment_status":"closed","ping_status":"closed","sticky":false,"template":"","format":"standard","meta":[],"categories":[3860,3085,8],"tags":[1490,329,165,240],"_links":{"self":[{"href":"https:\/\/bisbalpenedes.com\/web\/wp-json\/wp\/v2\/posts\/15885"}],"collection":[{"href":"https:\/\/bisbalpenedes.com\/web\/wp-json\/wp\/v2\/posts"}],"about":[{"href":"https:\/\/bisbalpenedes.com\/web\/wp-json\/wp\/v2\/types\/post"}],"author":[{"embeddable":true,"href":"https:\/\/bisbalpenedes.com\/web\/wp-json\/wp\/v2\/users\/4"}],"replies":[{"embeddable":true,"href":"https:\/\/bisbalpenedes.com\/web\/wp-json\/wp\/v2\/comments?post=15885"}],"version-history":[{"count":4,"href":"https:\/\/bisbalpenedes.com\/web\/wp-json\/wp\/v2\/posts\/15885\/revisions"}],"predecessor-version":[{"id":15914,"href":"https:\/\/bisbalpenedes.com\/web\/wp-json\/wp\/v2\/posts\/15885\/revisions\/15914"}],"wp:featuredmedia":[{"embeddable":true,"href":"https:\/\/bisbalpenedes.com\/web\/wp-json\/wp\/v2\/media\/15886"}],"wp:attachment":[{"href":"https:\/\/bisbalpenedes.com\/web\/wp-json\/wp\/v2\/media?parent=15885"}],"wp:term":[{"taxonomy":"category","embeddable":true,"href":"https:\/\/bisbalpenedes.com\/web\/wp-json\/wp\/v2\/categories?post=15885"},{"taxonomy":"post_tag","embeddable":true,"href":"https:\/\/bisbalpenedes.com\/web\/wp-json\/wp\/v2\/tags?post=15885"}],"curies":[{"name":"wp","href":"https:\/\/api.w.org\/{rel}","templated":true}]}}