{"id":15880,"date":"2020-12-23T11:46:21","date_gmt":"2020-12-23T09:46:21","guid":{"rendered":"http:\/\/bisbalpenedes.com\/web\/?p=15880"},"modified":"2020-12-23T11:47:40","modified_gmt":"2020-12-23T09:47:40","slug":"la-junta-de-govern-ha-aprovat-sollicitar-a-la-diputacio-de-tarragona-modificar-les-anualitats-de-la-subvencio-del-pam-2020-2023","status":"publish","type":"post","link":"https:\/\/bisbalpenedes.com\/web\/2020\/12\/23\/la-junta-de-govern-ha-aprovat-sollicitar-a-la-diputacio-de-tarragona-modificar-les-anualitats-de-la-subvencio-del-pam-2020-2023\/","title":{"rendered":"La Junta de govern ha aprovat sol\u00b7licitar a la Diputaci\u00f3 de Tarragona modificar les anualitats de la subvenci\u00f3 del PAM 2020-2023"},"content":{"rendered":"<p style=\"text-align: justify;\"><span style=\"color: #000000;\">La Junta de govern local del 14 de desembre va aprovar, a petici\u00f3 d\u2019alcaldia, sol\u00b7licitar a la Diputaci\u00f3 de Tarragona modificar les anualitats de la subvenci\u00f3 del PAM 2020\/2023, quedant de la seg\u00fcent manera:<\/span><\/p>\n<table>\n<tbody>\n<tr>\n<td width=\"112\"><span style=\"color: #000000;\"><strong>Obra<\/strong><\/span><\/td>\n<td width=\"89\"><span style=\"color: #000000;\"><strong>Import de la subvenci\u00f3<\/strong><\/span><\/td>\n<td width=\"119\"><span style=\"color: #000000;\"><strong>Any de la nova planificaci\u00f3<\/strong><\/span><\/td>\n<td width=\"105\"><span style=\"color: #000000;\"><strong>Any de la previsi\u00f3 inicial<\/strong><\/span><\/td>\n<\/tr>\n<tr>\n<td width=\"112\"><span style=\"color: #000000;\"><strong>Ampliaci\u00f3 del local social de Can Gordei <\/strong><\/span><\/td>\n<td width=\"89\"><span style=\"color: #000000;\">53.165,47\u20ac<\/span><\/td>\n<td width=\"119\"><span style=\"color: #000000;\">2020 \u2013 queda tal com es va sol\u00b7licitar<\/span><\/td>\n<td width=\"105\"><span style=\"color: #000000;\">2020<\/span><\/td>\n<\/tr>\n<tr>\n<td width=\"112\"><span style=\"color: #000000;\"><strong>Ampliaci\u00f3 del local social del Priorat<\/strong><\/span><\/td>\n<td width=\"89\"><span style=\"color: #000000;\">51.314,89\u20ac<\/span><\/td>\n<td width=\"119\"><span style=\"color: #000000;\">2021 \u2013 queda tal com es va sol\u00b7licitar<\/span><\/td>\n<td width=\"105\"><span style=\"color: #000000;\">2021<\/span><\/td>\n<\/tr>\n<tr>\n<td width=\"112\"><span style=\"color: #000000;\"><strong>Arranjament de la fassina<\/strong><\/span><\/td>\n<td width=\"89\"><span style=\"color: #000000;\">100.000\u20ac<\/span><\/td>\n<td width=\"119\"><span style=\"color: #000000;\">2022 \u2013 com que el projecte encara no est\u00e0 redactat ni aprovat se sol\u00b7licita passar-lo a l\u2019any seg\u00fcent<\/span><\/td>\n<td width=\"105\"><span style=\"color: #000000;\">2021<\/span><\/td>\n<\/tr>\n<tr>\n<td width=\"112\"><span style=\"color: #000000;\"><strong>Arranjament d\u2019infraestructures de la Riba<\/strong><\/span><\/td>\n<td width=\"89\"><span style=\"color: #000000;\">335.000\u20ac<\/span><\/td>\n<td width=\"119\"><span style=\"color: #000000;\">2022 &#8211; Es va sol\u00b7licitar per al 2021 per\u00f2 la subvenci\u00f3 que ha atorgat el PUOSC per a la inversi\u00f3 \u00e9s per al 2022 i 2024, per aquest motiu es passa a l\u2019any 2022.<\/span><\/td>\n<td width=\"105\"><span style=\"color: #000000;\">2021<\/span><\/td>\n<\/tr>\n<tr>\n<td width=\"112\"><span style=\"color: #000000;\"><strong>Arranjament del cam\u00ed del Priorat<\/strong><\/span><\/td>\n<td width=\"89\"><span style=\"color: #000000;\">100.000\u20ac<\/span><\/td>\n<td width=\"119\"><span style=\"color: #000000;\">2022 \u2013 queda tal com es va sol\u00b7licitar<\/span><\/td>\n<td width=\"105\"><span style=\"color: #000000;\">2022<\/span><\/td>\n<\/tr>\n<\/tbody>\n<\/table>\n<p style=\"text-align: justify;\"><span style=\"color: #000000;\">\u00a0<\/span><\/p>\n<p style=\"text-align: justify;\"><span style=\"color: #000000;\">L\u2019octubre de 2020 la Diputaci\u00f3 de Tarragona va aprovar la concessi\u00f3 de les subvencions corresponents a l\u2019anualitat 2020 del PAM 2020-2023 i les planificacions quadriennals. Van aprovar un import total de 589.258, 89\u20ac distribu\u00efts de la seg\u00fcent manera:<\/span><\/p>\n<p style=\"text-align: justify; padding-left: 30px;\"><span style=\"color: #000000;\">2020: l\u2019actuaci\u00f3 sol\u00b7licitada i 53.165,47\u20ac de subvenci\u00f3<\/span><\/p>\n<p style=\"text-align: justify; padding-left: 30px;\"><span style=\"color: #000000;\">2021: les 3 actuacions sol\u00b7licitades per un total de 486.314,89\u20ac<\/span><\/p>\n<p style=\"text-align: justify; padding-left: 30px;\"><span style=\"color: #000000;\">2022: l\u2019actuaci\u00f3 sol\u00b7licitada i 49.779,53\u20ac<\/span><\/p>\n<hr \/>\n<p style=\"text-align: justify;\"><span style=\"color: #000000;\"><strong>CASTELLANO |<\/strong> La Junta de gobierno local del 14 de diciembre aprob\u00f3, a petici\u00f3n de alcald\u00eda, solicitar a la Diputaci\u00f3n de Tarragona modificar las anualidades de la subvenci\u00f3n del PAM 2020\/2023, quedando de la siguiente manera:<\/span><\/p>\n<table>\n<tbody>\n<tr>\n<td width=\"112\"><span style=\"color: #000000;\"><strong>Obra<\/strong><\/span><\/td>\n<td width=\"89\"><span style=\"color: #000000;\"><strong>Importe de la subvenci\u00f3n<\/strong><\/span><\/td>\n<td width=\"119\"><span style=\"color: #000000;\"><strong>A\u00f1o de la nueva planificaci\u00f3n<\/strong><\/span><\/td>\n<td width=\"105\"><span style=\"color: #000000;\"><strong>A\u00f1o de la previsi\u00f3n inicial<\/strong><\/span><\/td>\n<\/tr>\n<tr>\n<td width=\"112\"><span style=\"color: #000000;\"><strong>Ampliaci\u00f3n del local social de Can Gordei <\/strong><\/span><\/td>\n<td width=\"89\"><span style=\"color: #000000;\">53.165,47\u20ac<\/span><\/td>\n<td width=\"119\"><span style=\"color: #000000;\">2020 \u2013 queda tal como se solicit\u00f3<\/span><\/td>\n<td width=\"105\"><span style=\"color: #000000;\">2020<\/span><\/td>\n<\/tr>\n<tr>\n<td width=\"112\"><span style=\"color: #000000;\"><strong>Ampliaci\u00f3n del local social del Priorat<\/strong><\/span><\/td>\n<td width=\"89\"><span style=\"color: #000000;\">51.314,89\u20ac<\/span><\/td>\n<td width=\"119\"><span style=\"color: #000000;\">2021 \u2013 queda tal como se solicit\u00f3<\/span><\/td>\n<td width=\"105\"><span style=\"color: #000000;\">2021<\/span><\/td>\n<\/tr>\n<tr>\n<td width=\"112\"><span style=\"color: #000000;\"><strong>Arreglo de <em>la fassina<\/em><\/strong><\/span><\/td>\n<td width=\"89\"><span style=\"color: #000000;\">100.000\u20ac<\/span><\/td>\n<td width=\"119\"><span style=\"color: #000000;\">2022 \u2013 como el proyecto todav\u00eda no est\u00e1 redactado ni aprobado se solicita pasarlo al a\u00f1o siguiente<\/span><\/td>\n<td width=\"105\"><span style=\"color: #000000;\">2021<\/span><\/td>\n<\/tr>\n<tr>\n<td width=\"112\"><span style=\"color: #000000;\"><strong>Arreglo de infraestructuras de la Riba<\/strong><\/span><\/td>\n<td width=\"89\"><span style=\"color: #000000;\">335.000\u20ac<\/span><\/td>\n<td width=\"119\"><span style=\"color: #000000;\">2022 \u2013 Se solicit\u00f3 para el 2021 pero la subvenci\u00f3n que ha otorgado el PUOSC para la inversi\u00f3n es para el 2022 y 2024, por este motivo se pasa al a\u00f1o 2022<\/span><\/td>\n<td width=\"105\"><span style=\"color: #000000;\">2021<\/span><\/td>\n<\/tr>\n<tr>\n<td width=\"112\"><span style=\"color: #000000;\"><strong>Arreglo del camino del Priorat<\/strong><\/span><\/td>\n<td width=\"89\"><span style=\"color: #000000;\">100.000\u20ac<\/span><\/td>\n<td width=\"119\"><span style=\"color: #000000;\">2022 \u2013 queda tal como se solicit\u00f3<\/span><\/td>\n<td width=\"105\"><span style=\"color: #000000;\">2022<\/span><\/td>\n<\/tr>\n<\/tbody>\n<\/table>\n<p style=\"text-align: justify;\"><span style=\"color: #000000;\">\u00a0<\/span><\/p>\n<p style=\"text-align: justify;\"><span style=\"color: #000000;\">En octubre de 2020 la Diputaci\u00f3n de Tarragona aprob\u00f3 la concesi\u00f3n de las subvenciones correspondientes a la anualidad 2020 del PAM 2020-2023 y las planificaciones cuadrienales. Se aprob\u00f3 un importe total de 589.258,89\u20ac, distribuidos de la siguiente manera:<\/span><\/p>\n<p style=\"text-align: justify; padding-left: 30px;\"><span style=\"color: #000000;\">2020: la actuaci\u00f3n solicitada y 53.165,47\u20ac de subvenci\u00f3n<\/span><\/p>\n<p style=\"text-align: justify; padding-left: 30px;\"><span style=\"color: #000000;\">2021: las 3 actuaciones solicitadas por un total de 486.314,89\u20ac<\/span><\/p>\n<p style=\"text-align: justify; padding-left: 30px;\"><span style=\"color: #000000;\">2022: la actuaci\u00f3n solicitada y 49.779,53\u20ac<\/span><\/p>\n","protected":false},"excerpt":{"rendered":"<p>La Junta de govern local del 14 de desembre va aprovar, a petici\u00f3 d\u2019alcaldia, sol\u00b7licitar a la Diputaci\u00f3 de Tarragona modificar les anualitats de la subvenci\u00f3 del PAM 2020\/2023, quedant &hellip; <a href=\"https:\/\/bisbalpenedes.com\/web\/2020\/12\/23\/la-junta-de-govern-ha-aprovat-sollicitar-a-la-diputacio-de-tarragona-modificar-les-anualitats-de-la-subvencio-del-pam-2020-2023\/\" class=\"more-link\">Read More<\/a><\/p>\n","protected":false},"author":4,"featured_media":11164,"comment_status":"closed","ping_status":"closed","sticky":false,"template":"","format":"standard","meta":[],"categories":[2057,3085,8],"tags":[4279,686,4277,21,2765],"_links":{"self":[{"href":"https:\/\/bisbalpenedes.com\/web\/wp-json\/wp\/v2\/posts\/15880"}],"collection":[{"href":"https:\/\/bisbalpenedes.com\/web\/wp-json\/wp\/v2\/posts"}],"about":[{"href":"https:\/\/bisbalpenedes.com\/web\/wp-json\/wp\/v2\/types\/post"}],"author":[{"embeddable":true,"href":"https:\/\/bisbalpenedes.com\/web\/wp-json\/wp\/v2\/users\/4"}],"replies":[{"embeddable":true,"href":"https:\/\/bisbalpenedes.com\/web\/wp-json\/wp\/v2\/comments?post=15880"}],"version-history":[{"count":1,"href":"https:\/\/bisbalpenedes.com\/web\/wp-json\/wp\/v2\/posts\/15880\/revisions"}],"predecessor-version":[{"id":15881,"href":"https:\/\/bisbalpenedes.com\/web\/wp-json\/wp\/v2\/posts\/15880\/revisions\/15881"}],"wp:featuredmedia":[{"embeddable":true,"href":"https:\/\/bisbalpenedes.com\/web\/wp-json\/wp\/v2\/media\/11164"}],"wp:attachment":[{"href":"https:\/\/bisbalpenedes.com\/web\/wp-json\/wp\/v2\/media?parent=15880"}],"wp:term":[{"taxonomy":"category","embeddable":true,"href":"https:\/\/bisbalpenedes.com\/web\/wp-json\/wp\/v2\/categories?post=15880"},{"taxonomy":"post_tag","embeddable":true,"href":"https:\/\/bisbalpenedes.com\/web\/wp-json\/wp\/v2\/tags?post=15880"}],"curies":[{"name":"wp","href":"https:\/\/api.w.org\/{rel}","templated":true}]}}