{"id":15878,"date":"2020-12-23T11:43:17","date_gmt":"2020-12-23T09:43:17","guid":{"rendered":"http:\/\/bisbalpenedes.com\/web\/?p=15878"},"modified":"2020-12-23T11:49:47","modified_gmt":"2020-12-23T09:49:47","slug":"la-junta-de-govern-ha-aprovat-sollicitar-lampliacio-del-termini-per-a-lexecucio-de-les-obres-de-rehabilitacio-del-poliesportiu-municipal","status":"publish","type":"post","link":"https:\/\/bisbalpenedes.com\/web\/2020\/12\/23\/la-junta-de-govern-ha-aprovat-sollicitar-lampliacio-del-termini-per-a-lexecucio-de-les-obres-de-rehabilitacio-del-poliesportiu-municipal\/","title":{"rendered":"La Junta de govern va aprovar sol\u00b7licitar l&#8217;ampliaci\u00f3 del termini per a l&#8217;execuci\u00f3 de les obres de rehabilitaci\u00f3 del poliesportiu municipal"},"content":{"rendered":"<p style=\"text-align: justify;\"><a href=\"http:\/\/bisbalpenedes.com\/web\/2020\/01\/10\/sinicia-lexpedient-per-a-la-contractacio-de-les-obres-de-la-fase-1-de-la-rehabilitacio-del-poliesportiu-municipal\/poliesportiu-municipal-2\/\" rel=\"attachment wp-att-11619\"><img loading=\"lazy\" class=\"aligncenter size-medium wp-image-11619\" src=\"http:\/\/bisbalpenedes.com\/web\/wp-content\/uploads\/2020\/01\/POLIESPORTIU-MUNICIPAL-300x225.jpg\" alt=\"POLIESPORTIU MUNICIPAL\" width=\"300\" height=\"225\" srcset=\"https:\/\/bisbalpenedes.com\/web\/wp-content\/uploads\/2020\/01\/POLIESPORTIU-MUNICIPAL-300x225.jpg 300w, https:\/\/bisbalpenedes.com\/web\/wp-content\/uploads\/2020\/01\/POLIESPORTIU-MUNICIPAL-600x450.jpg 600w, https:\/\/bisbalpenedes.com\/web\/wp-content\/uploads\/2020\/01\/POLIESPORTIU-MUNICIPAL-768x576.jpg 768w, https:\/\/bisbalpenedes.com\/web\/wp-content\/uploads\/2020\/01\/POLIESPORTIU-MUNICIPAL-1024x768.jpg 1024w\" sizes=\"(max-width: 300px) 100vw, 300px\" \/><\/a><\/p>\n<p style=\"text-align: justify;\"><span style=\"color: #000000;\">La Junta de govern del 14 de desembre va aprovar sol\u00b7licitar, a la Diputaci\u00f3 de Tarragona, l\u2019ampliaci\u00f3 del termini per a l\u2019execuci\u00f3 de les obres de rehabilitaci\u00f3 del poliesportiu municipal, subvencionades, en part, amb el Pla d\u2019Acci\u00f3 Municipal (PAM) 2018, ja que no estaran finalitzades el desembre de 2021.<\/span><\/p>\n<p style=\"text-align: justify;\"><span style=\"color: #000000;\">Est\u00e0 previst que les obres de rehabilitaci\u00f3 de la fase 1 (pavell\u00f3 m\u00e9s edifici annex per al vest\u00edbul i els vestuaris) es licitin aquest mes de desembre i la durada aproximada de les obres \u00e9s de 18 mesos.<\/span><\/p>\n<p style=\"text-align: justify;\"><span style=\"color: #000000;\">Segons el PAM 2018, les obres haurien d\u2019estar finalitzades a finals del 2021 i, com que a hores d\u2019ara no es podria complir aquest requeriment, l\u2019Ajuntament sol\u00b7licitar\u00e0 l\u2019ampliaci\u00f3 del termini, ja que les bases de la subvenci\u00f3 estableixen que les inversions que estan subvencionades amb el PAM 2018 s\u2019han d\u2019executar abans del 31 de desembre de 2021 i que, excepcionalment, es pot sol\u00b7licitar l\u2019ampliaci\u00f3 de termini fins al 30 de juny de 2023 com a m\u00e0xim. La subvenci\u00f3 aprovada \u00e9s de 150.720\u20ac i \u00e9s per a la fase 1.1. de les obres de rehabilitaci\u00f3 del poliesportiu.<\/span><\/p>\n<hr \/>\n<p style=\"text-align: justify;\"><span style=\"color: #000000;\"><strong>CASTELLANO |<\/strong> La Junta de gobierno del 14 de diciembre\u00a0aprob\u00f3\u00a0solicitar, a la Diputaci\u00f3n de Tarragona, la ampliaci\u00f3n del plazo para la ejecuci\u00f3n de las obras de rehabilitaci\u00f3n del polideportivo municipal, subvencionadas, en parte, con el Plan de Acci\u00f3n Municipal (PAM) 2018, ya que no estar\u00e1n finalizadas en diciembre de 2021.<\/span><\/p>\n<p style=\"text-align: justify;\"><span style=\"color: #000000;\">Est\u00e1 previsto que las obras de rehabilitaci\u00f3n de la fase 1 (pabell\u00f3n m\u00e1s edificio anexo para el vest\u00edbulo y los vestuarios) se liciten este mes de diciembre y la duraci\u00f3n aproximada de las obras es de 18 meses.<\/span><\/p>\n<p style=\"text-align: justify;\"><span style=\"color: #000000;\">Seg\u00fan el PAM 2018, las obras deber\u00edan estar finalizadas a finales de este 2021 y, como que en el momento actual no se podr\u00eda cumplir este requerimiento, el Ayuntamiento solicitar\u00e1 la ampliaci\u00f3n del plazo, ya que las bases de la subvenci\u00f3n establecen que las inversiones que est\u00e1n subvencionadas con el PAM 2018 se tienen que ejecutar antes del 31 de diciembre de 2021 y que, excepcionalmente, se puede solicitar la ampliaci\u00f3n del plazo hasta el 30 de junio de 2023 como m\u00e1ximo. La subvenci\u00f3n aprobada es de 150.720\u20ac y es para destinarla a la fase 1.1. de las obras de rehabilitaci\u00f3n del polideportivo.<\/span><\/p>\n","protected":false},"excerpt":{"rendered":"<p>La Junta de govern del 14 de desembre va aprovar sol\u00b7licitar, a la Diputaci\u00f3 de Tarragona, l\u2019ampliaci\u00f3 del termini per a l\u2019execuci\u00f3 de les obres de rehabilitaci\u00f3 del poliesportiu municipal, &hellip; <a href=\"https:\/\/bisbalpenedes.com\/web\/2020\/12\/23\/la-junta-de-govern-ha-aprovat-sollicitar-lampliacio-del-termini-per-a-lexecucio-de-les-obres-de-rehabilitacio-del-poliesportiu-municipal\/\" class=\"more-link\">Read More<\/a><\/p>\n","protected":false},"author":4,"featured_media":11619,"comment_status":"closed","ping_status":"closed","sticky":false,"template":"","format":"standard","meta":[],"categories":[3085,8,15],"tags":[686,2765,483],"_links":{"self":[{"href":"https:\/\/bisbalpenedes.com\/web\/wp-json\/wp\/v2\/posts\/15878"}],"collection":[{"href":"https:\/\/bisbalpenedes.com\/web\/wp-json\/wp\/v2\/posts"}],"about":[{"href":"https:\/\/bisbalpenedes.com\/web\/wp-json\/wp\/v2\/types\/post"}],"author":[{"embeddable":true,"href":"https:\/\/bisbalpenedes.com\/web\/wp-json\/wp\/v2\/users\/4"}],"replies":[{"embeddable":true,"href":"https:\/\/bisbalpenedes.com\/web\/wp-json\/wp\/v2\/comments?post=15878"}],"version-history":[{"count":2,"href":"https:\/\/bisbalpenedes.com\/web\/wp-json\/wp\/v2\/posts\/15878\/revisions"}],"predecessor-version":[{"id":15882,"href":"https:\/\/bisbalpenedes.com\/web\/wp-json\/wp\/v2\/posts\/15878\/revisions\/15882"}],"wp:featuredmedia":[{"embeddable":true,"href":"https:\/\/bisbalpenedes.com\/web\/wp-json\/wp\/v2\/media\/11619"}],"wp:attachment":[{"href":"https:\/\/bisbalpenedes.com\/web\/wp-json\/wp\/v2\/media?parent=15878"}],"wp:term":[{"taxonomy":"category","embeddable":true,"href":"https:\/\/bisbalpenedes.com\/web\/wp-json\/wp\/v2\/categories?post=15878"},{"taxonomy":"post_tag","embeddable":true,"href":"https:\/\/bisbalpenedes.com\/web\/wp-json\/wp\/v2\/tags?post=15878"}],"curies":[{"name":"wp","href":"https:\/\/api.w.org\/{rel}","templated":true}]}}