{"id":15869,"date":"2020-12-22T20:55:18","date_gmt":"2020-12-22T18:55:18","guid":{"rendered":"http:\/\/bisbalpenedes.com\/web\/?p=15869"},"modified":"2020-12-22T22:36:41","modified_gmt":"2020-12-22T20:36:41","slug":"els-alcaldes-i-alcaldesses-del-baix-penedes-fan-un-front-comu-perque-la-installacio-de-parcs-fotovoltaics-estigui-consensuada-amb-el-territori","status":"publish","type":"post","link":"https:\/\/bisbalpenedes.com\/web\/2020\/12\/22\/els-alcaldes-i-alcaldesses-del-baix-penedes-fan-un-front-comu-perque-la-installacio-de-parcs-fotovoltaics-estigui-consensuada-amb-el-territori\/","title":{"rendered":"Els alcaldes i alcaldesses del Baix Pened\u00e8s fan un front com\u00fa perqu\u00e8 la instal\u00b7laci\u00f3 de parcs fotovoltaics estigui consensuada amb el territori"},"content":{"rendered":"<p style=\"text-align: justify;\"><a href=\"http:\/\/bisbalpenedes.com\/web\/2020\/12\/22\/els-alcaldes-i-alcaldesses-del-baix-penedes-fan-un-front-comu-perque-la-installacio-de-parcs-fotovoltaics-estigui-consensuada-amb-el-territori\/img_0100\/\" rel=\"attachment wp-att-15870\"><img loading=\"lazy\" class=\"aligncenter size-large wp-image-15870\" src=\"http:\/\/bisbalpenedes.com\/web\/wp-content\/uploads\/2020\/12\/IMG_0100-1024x683.jpg\" alt=\"ALCALDES BAIX PENEDES\" width=\"630\" height=\"420\" srcset=\"https:\/\/bisbalpenedes.com\/web\/wp-content\/uploads\/2020\/12\/IMG_0100-1024x683.jpg 1024w, https:\/\/bisbalpenedes.com\/web\/wp-content\/uploads\/2020\/12\/IMG_0100-600x400.jpg 600w, https:\/\/bisbalpenedes.com\/web\/wp-content\/uploads\/2020\/12\/IMG_0100-300x200.jpg 300w, https:\/\/bisbalpenedes.com\/web\/wp-content\/uploads\/2020\/12\/IMG_0100-768x512.jpg 768w\" sizes=\"(max-width: 630px) 100vw, 630px\" \/><\/a><\/p>\n<p style=\"text-align: justify;\"><span style=\"color: #000000;\">La majoria d\u2019alcaldes de la comarca han comparegut aquest dimarts en roda de premsa contra la ubicaci\u00f3 en terrenys agr\u00edcoles de dues plantes fotovoltaiques previstes, ja que aquesta instal\u00b7laci\u00f3 no s\u2019ha consensuat amb el territori. La compareixen\u00e7a ha tingut lloc en un dels terrenys afectats, ubicat a la Bisbal. D\u2019altra banda, el Ple ordinari d\u2019aquest dilluns ha aprovat, per unanimitat, el manifest que demana que la instal\u00b7laci\u00f3 de parcs fotovoltaics estigui consensuada amb el territori. Aquest mateix manifest es va aprovar, per unanimitat, al darrer Consell d\u2019Alcaldes.<\/span><\/p>\n<p style=\"text-align: justify;\"><span style=\"color: #000000;\">El manifest exposa que els projectes afecten els municipis de Sant Jaume dels Domenys, Lloren\u00e7 del Pened\u00e8s, La Bisbal del Pened\u00e8s i Banyeres del Pened\u00e8s i detalla que \u201cvetllem perqu\u00e8 el futur de la nostra comarca segueixi lligat als valors paisatg\u00edstics, naturals i culturals que donen identitat a la nostra terra i a la seva gent. Cal preservar aquesta riquesa paisatg\u00edstica, natural i cultural i fer-la compatible amb la ind\u00fastria\u201d i afegeixen que estan \u201cconven\u00e7uts de la necessitat d\u2019un canvi de paradigma energ\u00e8tic, que aposti per l\u2019energia sostenible a nivell econ\u00f2mic, social i mediambiental\u201d i defensen que \u201cl\u2019energia neta no pot justificar l\u2019agressi\u00f3 mediambiental, paisatg\u00edstica i patrimonial de la nostra comarca\u201d. Per tot plegat el manifest diu \u201cS\u00cd a l\u2019energia sostenible, a les instal\u00b7lacions d\u2019autoconsum a les ind\u00fastries i a la instal\u00b7laci\u00f3 de parcs fotovoltaics a parcel\u00b7les industrials. NO a la proposta de planta fotovoltaica en terrenys agr\u00edcoles en \u00fas perjudicant la nostra comarca i el seu entorn social, econ\u00f2mic, natural i paisatg\u00edstic.<\/span><\/p>\n<p style=\"text-align: justify;\"><a href=\"http:\/\/bisbalpenedes.com\/web\/2020\/12\/22\/els-alcaldes-i-alcaldesses-del-baix-penedes-fan-un-front-comu-perque-la-installacio-de-parcs-fotovoltaics-estigui-consensuada-amb-el-territori\/image3\/\" rel=\"attachment wp-att-15871\"><img loading=\"lazy\" class=\"aligncenter size-medium wp-image-15871\" src=\"http:\/\/bisbalpenedes.com\/web\/wp-content\/uploads\/2020\/12\/image3-300x200.jpeg\" alt=\"image3\" width=\"300\" height=\"200\" srcset=\"https:\/\/bisbalpenedes.com\/web\/wp-content\/uploads\/2020\/12\/image3-300x200.jpeg 300w, https:\/\/bisbalpenedes.com\/web\/wp-content\/uploads\/2020\/12\/image3-600x400.jpeg 600w, https:\/\/bisbalpenedes.com\/web\/wp-content\/uploads\/2020\/12\/image3-768x512.jpeg 768w, https:\/\/bisbalpenedes.com\/web\/wp-content\/uploads\/2020\/12\/image3-1024x683.jpeg 1024w\" sizes=\"(max-width: 300px) 100vw, 300px\" \/><\/a><\/p>\n<p style=\"text-align: justify;\"><span style=\"color: #000000;\">Enlla\u00e7 al manifest:<\/span>\u00a0<a href=\"http:\/\/bisbalpenedes.com\/web\/2020\/12\/22\/els-alcaldes-i-alcaldesses-del-baix-penedes-fan-un-front-comu-perque-la-installacio-de-parcs-fotovoltaics-estigui-consensuada-amb-el-territori\/manifest-parcs-fotovoltaics-consnsuats\/\" rel=\"attachment wp-att-15874\">Manifest Parcs Fotovoltaics Consnsuats<\/a><\/p>\n<hr \/>\n<p style=\"text-align: justify;\"><span style=\"color: #000000;\"><strong>CASTELLANO |<\/strong> La mayor\u00eda de alcaldes de la comarca han comparecido este martes en rueda de prensa contra la ubicaci\u00f3n en terrenos agr\u00edcolas de dos plantas fotovoltaicas previstas, ya que esta instalaci\u00f3n no se ha consensuado con el territorio. La comparecencia ha tenido lugar en uno de los terrenos afectados, ubicado en la Bisbal. Por otro lado, el Pleno ordinario de este lunes ha aprobado, por unanimidad, el manifiesto que solicita que la instalaci\u00f3n de parques fotovoltaicos est\u00e9 consensuada con el territorio. Este mismo manifiesto se aprob\u00f3, por unanimidad, en el \u00faltimo Consejo de Alcaldes.<\/span><\/p>\n<p style=\"text-align: justify;\"><span style=\"color: #000000;\">El manifiesto expone que los proyectos afectan a los municipios de Sant Jaume dels Domenys, Lloren\u00e7 del Pened\u00e8s, La Bisbal del Pened\u00e8s y Banyeres del Pened\u00e8s y detalla que \u201cvelamos para que el futuro de nuestra comarca siga ligado a los valores paisaj\u00edsticos, naturales y culturales que dan identidad a nuestra tierra y a su gente. Hay que preservar esta riqueza paisaj\u00edstica, natural y cultural y hacerla compatible con la industria\u201d y a\u00f1aden que est\u00e1n \u201cconvencidos de la necesidad de un cambio de paradigma energ\u00e9tico, que apueste por la energ\u00eda sostenible a nivel econ\u00f3mico, social y medioambiental\u201d y defienden que \u201cla energ\u00eda limpia no puede justificar la agresi\u00f3n medioambiental, paisaj\u00edstica y patrimonial de nuestra comarca\u201d. Por todo ello, el manifiesto dice \u201cS\u00cd a la energ\u00eda sostenible, a las instalaciones de autoconsumo en las industrias y a la instalaci\u00f3n de parques fotovoltaicos en parcelas industriales. NO a la propuesta de planta fotovoltaica en terrenos agr\u00edcolas en uso perjudicando nuestra comarca y su entrono social, econ\u00f3mico, natural y paisaj\u00edstico\u201d.<\/span><\/p>\n<p style=\"text-align: justify;\"><span style=\"color: #000000;\">Enlace al manifiesto:<\/span>\u00a0<a href=\"http:\/\/bisbalpenedes.com\/web\/2020\/12\/22\/els-alcaldes-i-alcaldesses-del-baix-penedes-fan-un-front-comu-perque-la-installacio-de-parcs-fotovoltaics-estigui-consensuada-amb-el-territori\/manifest-parcs-fotovoltaics-consnsuats\/\" rel=\"attachment wp-att-15874\">Manifest Parcs Fotovoltaics Consnsuats<\/a><\/p>\n","protected":false},"excerpt":{"rendered":"<p>La majoria d\u2019alcaldes de la comarca han comparegut aquest dimarts en roda de premsa contra la ubicaci\u00f3 en terrenys agr\u00edcoles de dues plantes fotovoltaiques previstes, ja que aquesta instal\u00b7laci\u00f3 no &hellip; <a href=\"https:\/\/bisbalpenedes.com\/web\/2020\/12\/22\/els-alcaldes-i-alcaldesses-del-baix-penedes-fan-un-front-comu-perque-la-installacio-de-parcs-fotovoltaics-estigui-consensuada-amb-el-territori\/\" class=\"more-link\">Read More<\/a><\/p>\n","protected":false},"author":4,"featured_media":15870,"comment_status":"closed","ping_status":"closed","sticky":false,"template":"","format":"standard","meta":[],"categories":[2057,8],"tags":[1511,2328,459,1376,4146,249,325],"_links":{"self":[{"href":"https:\/\/bisbalpenedes.com\/web\/wp-json\/wp\/v2\/posts\/15869"}],"collection":[{"href":"https:\/\/bisbalpenedes.com\/web\/wp-json\/wp\/v2\/posts"}],"about":[{"href":"https:\/\/bisbalpenedes.com\/web\/wp-json\/wp\/v2\/types\/post"}],"author":[{"embeddable":true,"href":"https:\/\/bisbalpenedes.com\/web\/wp-json\/wp\/v2\/users\/4"}],"replies":[{"embeddable":true,"href":"https:\/\/bisbalpenedes.com\/web\/wp-json\/wp\/v2\/comments?post=15869"}],"version-history":[{"count":5,"href":"https:\/\/bisbalpenedes.com\/web\/wp-json\/wp\/v2\/posts\/15869\/revisions"}],"predecessor-version":[{"id":15877,"href":"https:\/\/bisbalpenedes.com\/web\/wp-json\/wp\/v2\/posts\/15869\/revisions\/15877"}],"wp:featuredmedia":[{"embeddable":true,"href":"https:\/\/bisbalpenedes.com\/web\/wp-json\/wp\/v2\/media\/15870"}],"wp:attachment":[{"href":"https:\/\/bisbalpenedes.com\/web\/wp-json\/wp\/v2\/media?parent=15869"}],"wp:term":[{"taxonomy":"category","embeddable":true,"href":"https:\/\/bisbalpenedes.com\/web\/wp-json\/wp\/v2\/categories?post=15869"},{"taxonomy":"post_tag","embeddable":true,"href":"https:\/\/bisbalpenedes.com\/web\/wp-json\/wp\/v2\/tags?post=15869"}],"curies":[{"name":"wp","href":"https:\/\/api.w.org\/{rel}","templated":true}]}}