{"id":15866,"date":"2020-12-22T20:46:47","date_gmt":"2020-12-22T18:46:47","guid":{"rendered":"http:\/\/bisbalpenedes.com\/web\/?p=15866"},"modified":"2020-12-22T20:46:47","modified_gmt":"2020-12-22T18:46:47","slug":"sha-aprovat-el-calendari-laboral-dels-treballadors-de-lajuntament-de-la-bisbal-del-penedes-per-a-lany-2021","status":"publish","type":"post","link":"https:\/\/bisbalpenedes.com\/web\/2020\/12\/22\/sha-aprovat-el-calendari-laboral-dels-treballadors-de-lajuntament-de-la-bisbal-del-penedes-per-a-lany-2021\/","title":{"rendered":"S&#8217;ha aprovat el calendari laboral dels treballadors de l&#8217;Ajuntament de la Bisbal del Pened\u00e8s per a l&#8217;any 2021"},"content":{"rendered":"<p style=\"text-align: justify;\"><span style=\"color: #000000;\">La mesa de negociaci\u00f3 amb els treballadors p\u00fablics de l\u2019Ajuntament de la Bisbal del Pened\u00e8s, representada per treballadors funcionaris i laborals, la secret\u00e0ria municipal i l\u2019alcaldessa Agn\u00e8s Ferr\u00e9, es van reunir el passat dilluns 21 de desembre per acordar el calendari laboral per al 2021. Posteriorment, l\u2019alcaldessa va signar el corresponent Decret d\u2019Alcaldia d\u2019aquest acord.<\/span><\/p>\n<p style=\"text-align: justify;\"><span style=\"color: #000000;\">El calendari laboral del 2021 inclou els seg\u00fcents festius:<\/span><\/p>\n<p style=\"padding-left: 30px; text-align: justify;\"><span style=\"color: #000000;\">1 de gener (Cap d\u2019any)<\/span><\/p>\n<p style=\"padding-left: 30px; text-align: justify;\"><span style=\"color: #000000;\">6 de gener (Reis)<\/span><\/p>\n<p style=\"padding-left: 30px; text-align: justify;\"><span style=\"color: #000000;\">2 d\u2019abril (Divendres Sant)<\/span><\/p>\n<p style=\"padding-left: 30px; text-align: justify;\"><span style=\"color: #000000;\">5 d\u2019abril (Pasqua)<\/span><\/p>\n<p style=\"padding-left: 30px; text-align: justify;\"><span style=\"color: #000000;\">23 d\u2019abril (Sant Jordi, festa local)<\/span><\/p>\n<p style=\"padding-left: 30px; text-align: justify;\"><span style=\"color: #000000;\">1 de maig (Festa del Treball)<\/span><\/p>\n<p style=\"padding-left: 30px; text-align: justify;\"><span style=\"color: #000000;\">24 de juny (Sant Joan)<\/span><\/p>\n<p style=\"padding-left: 30px; text-align: justify;\"><span style=\"color: #000000;\">16 d\u2019agost (Festa Major, festa local)<\/span><\/p>\n<p style=\"padding-left: 30px; text-align: justify;\"><span style=\"color: #000000;\">11 de setembre (Diada Nacional de Catalunya)<\/span><\/p>\n<p style=\"padding-left: 30px; text-align: justify;\"><span style=\"color: #000000;\">12 d\u2019octubre (Festa Nacional d\u2019Espanya)<\/span><\/p>\n<p style=\"padding-left: 30px; text-align: justify;\"><span style=\"color: #000000;\">1 de novembre (Tots Sants)<\/span><\/p>\n<p style=\"padding-left: 30px; text-align: justify;\"><span style=\"color: #000000;\">6 de desembre (Dia de la Constituci\u00f3)<\/span><\/p>\n<p style=\"padding-left: 30px; text-align: justify;\"><span style=\"color: #000000;\">8 de desembre (La Immaculada)<\/span><\/p>\n<p style=\"padding-left: 30px; text-align: justify;\"><span style=\"color: #000000;\">24 de desembre (festa administrativa)<\/span><\/p>\n<p style=\"padding-left: 30px; text-align: justify;\"><span style=\"color: #000000;\">25 de desembre (Nadal)<\/span><\/p>\n<p style=\"padding-left: 30px; text-align: justify;\"><span style=\"color: #000000;\">31 de desembre (festa administrativa)<\/span><\/p>\n<p style=\"text-align: justify;\"><span style=\"color: #000000;\">Ser\u00e0 festa addicional de compensaci\u00f3 per festiu que cau en dia de descans, el 25 de desembre.<\/span><\/p>\n<p style=\"text-align: justify;\"><span style=\"color: #000000;\">Us recordem els horaris d\u2019atenci\u00f3 a la ciutadania de l\u2019Ajuntament de la Bisbal del Pened\u00e8s i la Biblioteca p\u00fablica:<\/span><\/p>\n<table>\n<tbody>\n<tr>\n<td colspan=\"2\" width=\"311\"><span style=\"color: #000000;\"><strong>Horaris d\u2019atenci\u00f3 de l\u2019Ajuntament de la Bisbal del Pened\u00e8s<\/strong><\/span><\/td>\n<\/tr>\n<tr>\n<td colspan=\"2\" width=\"311\"><span style=\"color: #000000;\"><strong>Horari d\u2019hivern<\/strong><\/span><\/td>\n<\/tr>\n<tr>\n<td width=\"155\"><span style=\"color: #000000;\">Dilluns<\/span><\/td>\n<td width=\"155\"><span style=\"color: #000000;\">De 9.00 a 14.00h i de 16.00h a 19.00h<\/span><\/td>\n<\/tr>\n<tr>\n<td width=\"155\"><span style=\"color: #000000;\">Dimarts, dimecres, dijous i divendres<\/span><\/td>\n<td width=\"155\"><span style=\"color: #000000;\">De 9.00 a 14.00h<\/span><\/td>\n<\/tr>\n<tr>\n<td colspan=\"2\" width=\"311\"><span style=\"color: #000000;\"><strong>Horari d\u2019estiu<\/strong><\/span><\/td>\n<\/tr>\n<tr>\n<td width=\"155\"><span style=\"color: #000000;\">De dilluns a divendres<\/span><\/td>\n<td width=\"155\"><span style=\"color: #000000;\">De 9.00 a 14.00h<\/span><\/td>\n<\/tr>\n<\/tbody>\n<\/table>\n<table>\n<tbody>\n<tr>\n<td colspan=\"2\" width=\"311\"><span style=\"color: #000000;\"><strong>Horaris d\u2019atenci\u00f3 de la Biblioteca p\u00fablica<\/strong><\/span><\/td>\n<\/tr>\n<tr>\n<td colspan=\"2\" width=\"311\"><span style=\"color: #000000;\"><strong>Horari d\u2019hivern<\/strong><\/span><\/td>\n<\/tr>\n<tr>\n<td width=\"155\"><span style=\"color: #000000;\">De dilluns a divendres<\/span><\/td>\n<td width=\"155\"><span style=\"color: #000000;\">De 16.30h a 20.30h<\/span><\/td>\n<\/tr>\n<tr>\n<td width=\"155\"><span style=\"color: #000000;\">Dissabtes<\/span><\/td>\n<td width=\"155\"><span style=\"color: #000000;\">De 10.00h a 14.00h<\/span><\/td>\n<\/tr>\n<tr>\n<td colspan=\"2\" width=\"311\"><span style=\"color: #000000;\"><strong>Horari d\u2019estiu<\/strong><\/span><\/td>\n<\/tr>\n<tr>\n<td width=\"155\"><span style=\"color: #000000;\">De dilluns a divendres<\/span><\/td>\n<td width=\"155\"><span style=\"color: #000000;\">De 16.30h a 20.30h<\/span><\/td>\n<\/tr>\n<\/tbody>\n<\/table>\n<hr \/>\n<p style=\"text-align: justify;\"><span style=\"color: #000000;\"><strong>CASTELLANO |\u00a0<\/strong>La mesa de negociaci\u00f3n con los trabajadores p\u00fablicos del Ayuntamiento de la Bisbal del Pened\u00e8s, representada por trabajadores funcionarios y laborales, la secretaria municipal y la alcaldesa Agn\u00e8s Ferr\u00e9, se reunieron el pasado lunes 21 de diciembre para acordar el calendario laboral para el 2021. Posteriormente, la alcaldesa firm\u00f3 el correspondiente Decreto de Alcald\u00eda de este acuerdo.<\/span><\/p>\n<p style=\"text-align: justify;\"><span style=\"color: #000000;\">El calendario laboral 2021 incluye los siguientes festivos:<\/span><\/p>\n<p style=\"padding-left: 30px; text-align: justify;\"><span style=\"color: #000000;\">1 de enero (A\u00f1o nuevo)<\/span><\/p>\n<p style=\"padding-left: 30px; text-align: justify;\"><span style=\"color: #000000;\">6 de enero (Reyes)<\/span><\/p>\n<p style=\"padding-left: 30px; text-align: justify;\"><span style=\"color: #000000;\">2 de abril (Viernes Santo)<\/span><\/p>\n<p style=\"padding-left: 30px; text-align: justify;\"><span style=\"color: #000000;\">5 de abril (Pascua)<\/span><\/p>\n<p style=\"padding-left: 30px; text-align: justify;\"><span style=\"color: #000000;\">23 de abril (Sant Jordi, fiesta local)<\/span><\/p>\n<p style=\"padding-left: 30px; text-align: justify;\"><span style=\"color: #000000;\">1 de mayo (Fiesta del Trabajo)<\/span><\/p>\n<p style=\"padding-left: 30px; text-align: justify;\"><span style=\"color: #000000;\">24 de junio (San Juan)<\/span><\/p>\n<p style=\"padding-left: 30px; text-align: justify;\"><span style=\"color: #000000;\">16 de agosto (Fiesta Mayor, fiesta local)<\/span><\/p>\n<p style=\"padding-left: 30px; text-align: justify;\"><span style=\"color: #000000;\">11 de septiembre (Diada Nacional de Catalunya)<\/span><\/p>\n<p style=\"padding-left: 30px; text-align: justify;\"><span style=\"color: #000000;\">12 de octubre (Fiesta Nacional de Espa\u00f1a)<\/span><\/p>\n<p style=\"padding-left: 30px; text-align: justify;\"><span style=\"color: #000000;\">1 noviembre (d\u00eda de todos los santos)<\/span><\/p>\n<p style=\"padding-left: 30px; text-align: justify;\"><span style=\"color: #000000;\">6 de diciembre (d\u00eda de la Constituci\u00f3n)<\/span><\/p>\n<p style=\"padding-left: 30px; text-align: justify;\"><span style=\"color: #000000;\">8 de diciembre (La Inmaculada)<\/span><\/p>\n<p style=\"padding-left: 30px; text-align: justify;\"><span style=\"color: #000000;\">24 de diciembre (fiesta administrativa)<\/span><\/p>\n<p style=\"padding-left: 30px; text-align: justify;\"><span style=\"color: #000000;\">25 de diciembre (Navidad)<\/span><\/p>\n<p style=\"padding-left: 30px; text-align: justify;\"><span style=\"color: #000000;\">31 de diciembre (fiesta administrativa)<\/span><\/p>\n<p style=\"text-align: justify;\"><span style=\"color: #000000;\">Ser\u00e1 fiesta adicional de compensaci\u00f3n por festivo que cae en d\u00eda laborable, el 25 de diciembre.<\/span><\/p>\n<p style=\"text-align: justify;\"><span style=\"color: #000000;\">Os recordamos los horarios de atenci\u00f3n a la ciudadan\u00eda del Ayuntamiento de la Bisbal del Pened\u00e8s y la Biblioteca p\u00fablica:<\/span><\/p>\n<table>\n<tbody>\n<tr>\n<td colspan=\"2\" width=\"311\"><span style=\"color: #000000;\"><strong>Horarios de atenci\u00f3n del Ayuntamiento de la Bisbal del Pened\u00e8s<\/strong><\/span><\/td>\n<\/tr>\n<tr>\n<td colspan=\"2\" width=\"311\"><span style=\"color: #000000;\"><strong>Horario de invierno<\/strong><\/span><\/td>\n<\/tr>\n<tr>\n<td width=\"155\"><span style=\"color: #000000;\">Lunes<\/span><\/td>\n<td width=\"155\"><span style=\"color: #000000;\">De 9.00 a 14.00h y de 16.00h a 19.00h<\/span><\/td>\n<\/tr>\n<tr>\n<td width=\"155\"><span style=\"color: #000000;\">Martes, mi\u00e9rcoles, jueves y viernes<\/span><\/td>\n<td width=\"155\"><span style=\"color: #000000;\">De 9.00 a 14.00h<\/span><\/td>\n<\/tr>\n<tr>\n<td colspan=\"2\" width=\"311\"><span style=\"color: #000000;\"><strong>Horario de verano<\/strong><\/span><\/td>\n<\/tr>\n<tr>\n<td width=\"155\"><span style=\"color: #000000;\">De lunes a viernes<\/span><\/td>\n<td width=\"155\"><span style=\"color: #000000;\">De 9.00 a 14.00h<\/span><\/td>\n<\/tr>\n<\/tbody>\n<\/table>\n<table>\n<tbody>\n<tr style=\"text-align: justify;\">\n<td colspan=\"2\" width=\"311\"><span style=\"color: #000000;\"><strong>Horarios de atenci\u00f3n de la Biblioteca p\u00fablica<\/strong><\/span><\/td>\n<\/tr>\n<tr style=\"text-align: justify;\">\n<td colspan=\"2\" width=\"311\"><span style=\"color: #000000;\"><strong>Horario de invierno<\/strong><\/span><\/td>\n<\/tr>\n<tr style=\"text-align: justify;\">\n<td width=\"155\"><span style=\"color: #000000;\">De lunes a viernes<\/span><\/td>\n<td width=\"155\"><span style=\"color: #000000;\">De 16.30h a 20.30h<\/span><\/td>\n<\/tr>\n<tr style=\"text-align: justify;\">\n<td width=\"155\"><span style=\"color: #000000;\">S\u00e1bados<\/span><\/td>\n<td width=\"155\"><span style=\"color: #000000;\">De 10.00h a 14.00h<\/span><\/td>\n<\/tr>\n<tr style=\"text-align: justify;\">\n<td colspan=\"2\" width=\"311\"><span style=\"color: #000000;\"><strong>Horario de verano<\/strong><\/span><\/td>\n<\/tr>\n<tr>\n<td style=\"text-align: justify;\" width=\"155\"><span style=\"color: #000000;\">De lunes a viernes<\/span><\/td>\n<td width=\"155\">\n<p style=\"text-align: justify;\"><span style=\"color: #000000;\">De 16.30h a 20.30h<\/span><\/p>\n<\/td>\n<\/tr>\n<\/tbody>\n<\/table>\n<p>&nbsp;<\/p>\n","protected":false},"excerpt":{"rendered":"<p>La mesa de negociaci\u00f3 amb els treballadors p\u00fablics de l\u2019Ajuntament de la Bisbal del Pened\u00e8s, representada per treballadors funcionaris i laborals, la secret\u00e0ria municipal i l\u2019alcaldessa Agn\u00e8s Ferr\u00e9, es van &hellip; <a href=\"https:\/\/bisbalpenedes.com\/web\/2020\/12\/22\/sha-aprovat-el-calendari-laboral-dels-treballadors-de-lajuntament-de-la-bisbal-del-penedes-per-a-lany-2021\/\" class=\"more-link\">Read More<\/a><\/p>\n","protected":false},"author":4,"featured_media":13964,"comment_status":"closed","ping_status":"closed","sticky":false,"template":"","format":"standard","meta":[],"categories":[2057,8],"tags":[1896,2941],"_links":{"self":[{"href":"https:\/\/bisbalpenedes.com\/web\/wp-json\/wp\/v2\/posts\/15866"}],"collection":[{"href":"https:\/\/bisbalpenedes.com\/web\/wp-json\/wp\/v2\/posts"}],"about":[{"href":"https:\/\/bisbalpenedes.com\/web\/wp-json\/wp\/v2\/types\/post"}],"author":[{"embeddable":true,"href":"https:\/\/bisbalpenedes.com\/web\/wp-json\/wp\/v2\/users\/4"}],"replies":[{"embeddable":true,"href":"https:\/\/bisbalpenedes.com\/web\/wp-json\/wp\/v2\/comments?post=15866"}],"version-history":[{"count":2,"href":"https:\/\/bisbalpenedes.com\/web\/wp-json\/wp\/v2\/posts\/15866\/revisions"}],"predecessor-version":[{"id":15868,"href":"https:\/\/bisbalpenedes.com\/web\/wp-json\/wp\/v2\/posts\/15866\/revisions\/15868"}],"wp:featuredmedia":[{"embeddable":true,"href":"https:\/\/bisbalpenedes.com\/web\/wp-json\/wp\/v2\/media\/13964"}],"wp:attachment":[{"href":"https:\/\/bisbalpenedes.com\/web\/wp-json\/wp\/v2\/media?parent=15866"}],"wp:term":[{"taxonomy":"category","embeddable":true,"href":"https:\/\/bisbalpenedes.com\/web\/wp-json\/wp\/v2\/categories?post=15866"},{"taxonomy":"post_tag","embeddable":true,"href":"https:\/\/bisbalpenedes.com\/web\/wp-json\/wp\/v2\/tags?post=15866"}],"curies":[{"name":"wp","href":"https:\/\/api.w.org\/{rel}","templated":true}]}}