{"id":15864,"date":"2020-12-22T20:42:48","date_gmt":"2020-12-22T18:42:48","guid":{"rendered":"http:\/\/bisbalpenedes.com\/web\/?p=15864"},"modified":"2021-01-27T13:46:24","modified_gmt":"2021-01-27T11:46:24","slug":"shan-aprovat-els-pagaments-dels-triennis-del-personal-laboral-de-lajuntament","status":"publish","type":"post","link":"https:\/\/bisbalpenedes.com\/web\/2020\/12\/22\/shan-aprovat-els-pagaments-dels-triennis-del-personal-laboral-de-lajuntament\/","title":{"rendered":"S\u2019han aprovat els pagaments dels triennis del personal laboral de l\u2019Ajuntament"},"content":{"rendered":"<p style=\"text-align: justify;\"><span style=\"color: #000000;\">L\u2019alcaldessa de la Bisbal del Pened\u00e8s, Agn\u00e8s Ferr\u00e9, va signar diversos Decrets d\u2019Alcaldia el passat divendres 18 de desembre per recon\u00e8ixer i fer el corresponent pagament dels triennis del personal laboral que ho ha sol\u00b7licitat. Tamb\u00e9 es va donar compte a la taula de negociaci\u00f3 amb els representants del personal laboral i funcionari de l\u2019Ajuntament que va tenir lloc el 21 de desembre de 2020.<\/span><\/p>\n<p style=\"text-align: justify;\"><span style=\"color: #000000;\">En total, s\u2019ha signat per Decret aprovar triennis a 12 treballadors i treballadores laborals que ho han sol\u00b7licitat, amb efectes retroactius del 19 d\u2019abril de 2019. Tamb\u00e9 es va aprovar el pagament d\u2019aquests triennis del 19 d\u2019abril de 2019 al 30 de novembre de 2020 per un total de 8.162,15\u20ac. Val a dir que, a partir de la n\u00f2mina del mes de desembre de 2020, aquests triennis ja quedaran incorporats.<\/span><\/p>\n<p style=\"text-align: justify;\"><span style=\"color: #000000;\">L\u2019alcaldessa de la Bisbal del Pened\u00e8s ha explicat que \u201cel Ple del 18\/04\/2019 va aprovar l\u2019adhesi\u00f3 a l\u2019Acord com\u00fa de condicions per als empleats p\u00fablics dels ens locals de Catalunya de menys de 20.000 habitants, entrant en vigor l\u2019endem\u00e0\u201d.<\/span><\/p>\n<p style=\"text-align: justify;\"><span style=\"color: #000000;\">L\u2019acord com\u00fa de condicions s\u2019aplica \u00edntegrament als funcionaris de carrera, interins i en pr\u00e0ctiques, i al personal laboral per temps indefinit, indefinit fix, temporal i en pr\u00e0ctiques.<\/span><\/p>\n<p style=\"text-align: justify;\"><span style=\"color: #000000;\"><strong>Qu\u00e8 s\u00f3n els triennis?<\/strong><\/span><\/p>\n<p style=\"text-align: justify;\"><span style=\"color: #000000;\">Les retribucions b\u00e0siques dels empleats p\u00fablics inclouen els triennis, consistents en una quantitat que es fixa a la Llei de pressupostos generals de l\u2019Estat de cada any per a cada grup o subgrup de classificaci\u00f3 professional per cada tres anys de servei.<\/span><\/p>\n<p style=\"text-align: justify;\"><span style=\"color: #000000;\">L\u2019alcaldessa ha explicat que \u201cels triennis s\u00f3n d\u2019aplicaci\u00f3 nom\u00e9s al personal funcionari, per\u00f2 en la mesa de negociaci\u00f3 de comen\u00e7aments d\u2019abril de 2019, s\u2019aprov\u00e0 el car\u00e0cter retroactiu del reconeixement de triennis del personal laboral des de l\u2019entrada en vigor de l\u2019Acord com\u00fa de condicions per als empleats p\u00fablics dels ens locals de Catalunya de menys de 20.000 habitants, sempre que ho sol\u00b7liciti de la persona interessada\u201d.<\/span><\/p>\n<hr \/>\n<p style=\"text-align: justify;\"><span style=\"color: #000000;\"><strong>CASTELLANO |\u00a0<\/strong>La alcaldesa de la Bisbal del Pened\u00e8s, Agn\u00e8s Ferr\u00e9, firm\u00f3 varios Decretos de Alcald\u00eda el pasado viernes 18 de diciembre para reconocer y hacer el correspondiente pago de los trienios del personal laboral que lo ha solicitado. Tambi\u00e9n se dio cuenta en la mesa de negociaci\u00f3n con los representantes del personal laboral y funcionario del Ayuntamiento que tuvo lugar el 21 de diciembre de 2020.<\/span><\/p>\n<p style=\"text-align: justify;\"><span style=\"color: #000000;\">En total, se ha firmado por Decreto aprobar trienios a 12 trabajadores y trabajadoras laborales que lo han solicitado, con efectos retroactivos del 19 de abril de 2019. Tambi\u00e9n se aprob\u00f3 el pago de estos trienios del 19 de abril de 2019 al 30 de noviembre de 2020 por un total de 8.162,15\u20ac. Cabe decir que, a partir de la n\u00f3mina del mes de diciembre de 2020, estos trienios ya quedar\u00e1n incorporados.<\/span><\/p>\n<p style=\"text-align: justify;\"><span style=\"color: #000000;\">La alcaldesa de la Bisbal del Pened\u00e8s ha explicado que \u201cel Pleno del 18\/04\/2019 aprob\u00f3 la adhesi\u00f3n al Acuerdo com\u00fan de condiciones para los empleados p\u00fablicos de los entes locales de Catalunya de menos de 20.000 habitantes, entrando en vigor al d\u00eda siguiente\u201d.<\/span><\/p>\n<p style=\"text-align: justify;\"><span style=\"color: #000000;\">El acuerdo com\u00fan de condiciones se les aplica \u00edntegramente a los p\u00fablicos de carrera, interinos y en pr\u00e1cticas, y al personal laboral para tiempo indefinido, indefinido fijo, temporal y en pr\u00e1cticas.<\/span><\/p>\n<p style=\"text-align: justify;\"><span style=\"color: #000000;\"><strong>\u00bfQu\u00e9 son los trienios?<\/strong><\/span><\/p>\n<p style=\"text-align: justify;\"><span style=\"color: #000000;\">Las retribuciones b\u00e1sicas de los empleados p\u00fablicos incluyes los trienios, consistentes en una cantidad que se fija en la Ley de presupuestos generales del Estado de cada a\u00f1o para cada grupo o subgrupo de clasificaci\u00f3n profesional para cada tres a\u00f1os de servicio. La alcaldesa ha explicado que \u201clos trienios son de aplicaci\u00f3n solamente al personal funcionario, pero en la mesa de negociaci\u00f3n de principios de abril de 2019, se aprob\u00f3 el car\u00e1cter retroactivo del reconocimiento de trienios del personal laboral desde la entrada en vigor del Acuerdo com\u00fan de condiciones para los empleados p\u00fablicos de los entes locales de Catalunya de menos de 20.000 habitantes, siempre que lo solicite la persona interesada\u201d.<\/span><\/p>\n","protected":false},"excerpt":{"rendered":"<p>L\u2019alcaldessa de la Bisbal del Pened\u00e8s, Agn\u00e8s Ferr\u00e9, va signar diversos Decrets d\u2019Alcaldia el passat divendres 18 de desembre per recon\u00e8ixer i fer el corresponent pagament dels triennis del personal &hellip; <a href=\"https:\/\/bisbalpenedes.com\/web\/2020\/12\/22\/shan-aprovat-els-pagaments-dels-triennis-del-personal-laboral-de-lajuntament\/\" class=\"more-link\">Read More<\/a><\/p>\n","protected":false},"author":4,"featured_media":14717,"comment_status":"closed","ping_status":"closed","sticky":false,"template":"","format":"standard","meta":[],"categories":[2057,8],"tags":[216,846,4278],"_links":{"self":[{"href":"https:\/\/bisbalpenedes.com\/web\/wp-json\/wp\/v2\/posts\/15864"}],"collection":[{"href":"https:\/\/bisbalpenedes.com\/web\/wp-json\/wp\/v2\/posts"}],"about":[{"href":"https:\/\/bisbalpenedes.com\/web\/wp-json\/wp\/v2\/types\/post"}],"author":[{"embeddable":true,"href":"https:\/\/bisbalpenedes.com\/web\/wp-json\/wp\/v2\/users\/4"}],"replies":[{"embeddable":true,"href":"https:\/\/bisbalpenedes.com\/web\/wp-json\/wp\/v2\/comments?post=15864"}],"version-history":[{"count":2,"href":"https:\/\/bisbalpenedes.com\/web\/wp-json\/wp\/v2\/posts\/15864\/revisions"}],"predecessor-version":[{"id":16229,"href":"https:\/\/bisbalpenedes.com\/web\/wp-json\/wp\/v2\/posts\/15864\/revisions\/16229"}],"wp:featuredmedia":[{"embeddable":true,"href":"https:\/\/bisbalpenedes.com\/web\/wp-json\/wp\/v2\/media\/14717"}],"wp:attachment":[{"href":"https:\/\/bisbalpenedes.com\/web\/wp-json\/wp\/v2\/media?parent=15864"}],"wp:term":[{"taxonomy":"category","embeddable":true,"href":"https:\/\/bisbalpenedes.com\/web\/wp-json\/wp\/v2\/categories?post=15864"},{"taxonomy":"post_tag","embeddable":true,"href":"https:\/\/bisbalpenedes.com\/web\/wp-json\/wp\/v2\/tags?post=15864"}],"curies":[{"name":"wp","href":"https:\/\/api.w.org\/{rel}","templated":true}]}}