{"id":15861,"date":"2020-12-21T16:24:35","date_gmt":"2020-12-21T14:24:35","guid":{"rendered":"http:\/\/bisbalpenedes.com\/web\/?p=15861"},"modified":"2020-12-21T16:25:45","modified_gmt":"2020-12-21T14:25:45","slug":"saprova-el-pagament-de-les-subvencions-per-al-transport-escolar-intramunicipal-del-ccbp","status":"publish","type":"post","link":"https:\/\/bisbalpenedes.com\/web\/2020\/12\/21\/saprova-el-pagament-de-les-subvencions-per-al-transport-escolar-intramunicipal-del-ccbp\/","title":{"rendered":"La Junta de govern ha aprovat el pagament de les subvencions per al transport escolar intramunicipal del CCBP"},"content":{"rendered":"<p style=\"text-align: justify;\"><span style=\"color: #000000;\">La Junta de govern del 14 de desembre va aprovar, a petici\u00f3 de la Regidoria d\u2019Ensenyament, el pagament de les subvencions per al transport escolar intramunicipal del Consell Comarcal del Baix Pened\u00e8s per al curs 2019\/2020 a dues fam\u00edlies, per un total de 63\u20ac.<\/span><\/p>\n<p style=\"text-align: justify;\"><span style=\"color: #000000;\">Enguany, a causa de la pand\u00e8mia de Covid-19 \u2013que va interrompre el curs escolar presencial a partir del mar\u00e7- s\u2019hi han presentat menys fam\u00edlies. De les sis fam\u00edlies que van resultar benefici\u00e0ries, s\u2019ha aprovat fer el pagament a dues d\u2019elles, ja que s\u00f3n les que han presentat els rebuts de pagament del transport escolar. Les quatre fam\u00edlies restants no han aportat els rebuts de pagament del transport i, per tant, no es pot aprovar el pagament de la subvenci\u00f3.<\/span><\/p>\n<hr \/>\n<p style=\"text-align: justify;\"><span style=\"color: #000000;\">\u00a0<\/span><\/p>\n<p style=\"text-align: justify;\"><span style=\"color: #000000;\"><strong>CASTELLANO |<\/strong> La Junta de gobierno del 14 de diciembre aprob\u00f3, a petici\u00f3n de la Concejal\u00eda de Educaci\u00f3n, el pago de las subvenciones para el transporte escolar intramunicipal del Consell Comarcal del Baix Pened\u00e8s para el curso 2019\/2020 a dos familias, por un total de 63\u20ac.<\/span><\/p>\n<p style=\"text-align: justify;\"><span style=\"color: #000000;\">Este a\u00f1o, a causa de la pandemia de Covid-19 \u2013que interrumpi\u00f3 el curso escolar presencial a partir del mes de marzo- se han presentado menos familias. De las seis familias que resultaron beneficiarias, se ha aprobado hacer el pago a dos de ellas, ya que son las que han presentado los recibos de pago del transporte escolar. Las cuatro familias restantes no han aportado los recibos de pago del transporte y, por tanto, no se puede aprobar el pago de la subvenci\u00f3n.<\/span><\/p>\n","protected":false},"excerpt":{"rendered":"<p>La Junta de govern del 14 de desembre va aprovar, a petici\u00f3 de la Regidoria d\u2019Ensenyament, el pagament de les subvencions per al transport escolar intramunicipal del Consell Comarcal del &hellip; <a href=\"https:\/\/bisbalpenedes.com\/web\/2020\/12\/21\/saprova-el-pagament-de-les-subvencions-per-al-transport-escolar-intramunicipal-del-ccbp\/\" class=\"more-link\">Read More<\/a><\/p>\n","protected":false},"author":4,"featured_media":6391,"comment_status":"closed","ping_status":"closed","sticky":false,"template":"","format":"standard","meta":[],"categories":[3456,8],"tags":[1056,862,4277,356],"_links":{"self":[{"href":"https:\/\/bisbalpenedes.com\/web\/wp-json\/wp\/v2\/posts\/15861"}],"collection":[{"href":"https:\/\/bisbalpenedes.com\/web\/wp-json\/wp\/v2\/posts"}],"about":[{"href":"https:\/\/bisbalpenedes.com\/web\/wp-json\/wp\/v2\/types\/post"}],"author":[{"embeddable":true,"href":"https:\/\/bisbalpenedes.com\/web\/wp-json\/wp\/v2\/users\/4"}],"replies":[{"embeddable":true,"href":"https:\/\/bisbalpenedes.com\/web\/wp-json\/wp\/v2\/comments?post=15861"}],"version-history":[{"count":2,"href":"https:\/\/bisbalpenedes.com\/web\/wp-json\/wp\/v2\/posts\/15861\/revisions"}],"predecessor-version":[{"id":15863,"href":"https:\/\/bisbalpenedes.com\/web\/wp-json\/wp\/v2\/posts\/15861\/revisions\/15863"}],"wp:featuredmedia":[{"embeddable":true,"href":"https:\/\/bisbalpenedes.com\/web\/wp-json\/wp\/v2\/media\/6391"}],"wp:attachment":[{"href":"https:\/\/bisbalpenedes.com\/web\/wp-json\/wp\/v2\/media?parent=15861"}],"wp:term":[{"taxonomy":"category","embeddable":true,"href":"https:\/\/bisbalpenedes.com\/web\/wp-json\/wp\/v2\/categories?post=15861"},{"taxonomy":"post_tag","embeddable":true,"href":"https:\/\/bisbalpenedes.com\/web\/wp-json\/wp\/v2\/tags?post=15861"}],"curies":[{"name":"wp","href":"https:\/\/api.w.org\/{rel}","templated":true}]}}