{"id":15859,"date":"2020-12-21T16:15:41","date_gmt":"2020-12-21T14:15:41","guid":{"rendered":"http:\/\/bisbalpenedes.com\/web\/?p=15859"},"modified":"2020-12-21T16:15:41","modified_gmt":"2020-12-21T14:15:41","slug":"sadjudiquen-les-obres-denderroc-de-la-fassina","status":"publish","type":"post","link":"https:\/\/bisbalpenedes.com\/web\/2020\/12\/21\/sadjudiquen-les-obres-denderroc-de-la-fassina\/","title":{"rendered":"S\u2019adjudiquen les obres d\u2019enderroc de la fassina"},"content":{"rendered":"<p style=\"text-align: justify;\"><span style=\"color: #000000;\">L\u2019Ajuntament de la Bisbal del Pened\u00e8s informa que la Junta de govern local ha aprovat, a petici\u00f3 de les regidories d\u2019Urbanisme i Cultura, adjudicar les obres d\u2019enderroc de la fassina, amb excepci\u00f3 de la torre, a l\u2019empresa Obres i Serveis Roig SA. Aquesta ha estat l\u2019empresa que ha obtingut m\u00e9s puntuaci\u00f3 a la licitaci\u00f3 i l\u2019import de l\u2019adjudicaci\u00f3 ascendeix a 56.745,72\u20ac. Pr\u00f2ximament se signar\u00e0 el contracte i s\u2019informar\u00e0 la ciutadania sobre l\u2019inici de les obres.<\/span><\/p>\n<hr \/>\n<p style=\"text-align: justify;\"><span style=\"color: #000000;\"><strong>CASTELLANO |<\/strong> El Ayuntamiento de la Bisbal del Pened\u00e8s infomra que, la Junta de gobierno local ha aprobado, a petici\u00f3n de las concejal\u00edas de Urbanismo y Cultura, adjudicar las obras de derribo de la fassina, con excepci\u00f3n de la torre, a la empresa Obres i Serveis Roig SA. Esta ha sido la empresa que ha obtenido una mayor puntuaci\u00f3n en la licitaci\u00f3n y el importe de la adjudicaci\u00f3n asciende a 56.745,72\u20ac. Pr\u00f3ximamente se firmar\u00e1 el contrato y se informar\u00e1 a la ciudadan\u00eda sobre inicio de las obras.<\/span><\/p>\n<p style=\"text-align: justify;\"><a href=\"http:\/\/bisbalpenedes.com\/web\/2018\/09\/12\/lequip-de-govern-esta-tramitant-la-compra-de-lantiga-fassina-perque-pugui-ser-usada-com-a-magatzem-municipal\/la-fassina\/\" rel=\"attachment wp-att-7002\"><img loading=\"lazy\" class=\"aligncenter size-large wp-image-7002\" src=\"http:\/\/bisbalpenedes.com\/web\/wp-content\/uploads\/2018\/09\/LA-FASSINA-1024x683.jpg\" alt=\"LA FASSINA\" width=\"630\" height=\"420\" srcset=\"https:\/\/bisbalpenedes.com\/web\/wp-content\/uploads\/2018\/09\/LA-FASSINA-1024x683.jpg 1024w, https:\/\/bisbalpenedes.com\/web\/wp-content\/uploads\/2018\/09\/LA-FASSINA-600x400.jpg 600w, https:\/\/bisbalpenedes.com\/web\/wp-content\/uploads\/2018\/09\/LA-FASSINA-300x200.jpg 300w, https:\/\/bisbalpenedes.com\/web\/wp-content\/uploads\/2018\/09\/LA-FASSINA-768x512.jpg 768w\" sizes=\"(max-width: 630px) 100vw, 630px\" \/><\/a><\/p>\n","protected":false},"excerpt":{"rendered":"<p>L\u2019Ajuntament de la Bisbal del Pened\u00e8s informa que la Junta de govern local ha aprovat, a petici\u00f3 de les regidories d\u2019Urbanisme i Cultura, adjudicar les obres d\u2019enderroc de la fassina, &hellip; <a href=\"https:\/\/bisbalpenedes.com\/web\/2020\/12\/21\/sadjudiquen-les-obres-denderroc-de-la-fassina\/\" class=\"more-link\">Read More<\/a><\/p>\n","protected":false},"author":4,"featured_media":7002,"comment_status":"closed","ping_status":"closed","sticky":false,"template":"","format":"standard","meta":[],"categories":[13,8,15],"tags":[2317],"_links":{"self":[{"href":"https:\/\/bisbalpenedes.com\/web\/wp-json\/wp\/v2\/posts\/15859"}],"collection":[{"href":"https:\/\/bisbalpenedes.com\/web\/wp-json\/wp\/v2\/posts"}],"about":[{"href":"https:\/\/bisbalpenedes.com\/web\/wp-json\/wp\/v2\/types\/post"}],"author":[{"embeddable":true,"href":"https:\/\/bisbalpenedes.com\/web\/wp-json\/wp\/v2\/users\/4"}],"replies":[{"embeddable":true,"href":"https:\/\/bisbalpenedes.com\/web\/wp-json\/wp\/v2\/comments?post=15859"}],"version-history":[{"count":1,"href":"https:\/\/bisbalpenedes.com\/web\/wp-json\/wp\/v2\/posts\/15859\/revisions"}],"predecessor-version":[{"id":15860,"href":"https:\/\/bisbalpenedes.com\/web\/wp-json\/wp\/v2\/posts\/15859\/revisions\/15860"}],"wp:featuredmedia":[{"embeddable":true,"href":"https:\/\/bisbalpenedes.com\/web\/wp-json\/wp\/v2\/media\/7002"}],"wp:attachment":[{"href":"https:\/\/bisbalpenedes.com\/web\/wp-json\/wp\/v2\/media?parent=15859"}],"wp:term":[{"taxonomy":"category","embeddable":true,"href":"https:\/\/bisbalpenedes.com\/web\/wp-json\/wp\/v2\/categories?post=15859"},{"taxonomy":"post_tag","embeddable":true,"href":"https:\/\/bisbalpenedes.com\/web\/wp-json\/wp\/v2\/tags?post=15859"}],"curies":[{"name":"wp","href":"https:\/\/api.w.org\/{rel}","templated":true}]}}