{"id":15841,"date":"2020-12-18T18:16:09","date_gmt":"2020-12-18T16:16:09","guid":{"rendered":"http:\/\/bisbalpenedes.com\/web\/?p=15841"},"modified":"2020-12-18T18:17:19","modified_gmt":"2020-12-18T16:17:19","slug":"sha-aprovat-iniciar-lexpedient-de-contractacio-per-a-adquirir-mobiliari-i-maquinaria-per-a-diversos-equipaments-municipals","status":"publish","type":"post","link":"https:\/\/bisbalpenedes.com\/web\/2020\/12\/18\/sha-aprovat-iniciar-lexpedient-de-contractacio-per-a-adquirir-mobiliari-i-maquinaria-per-a-diversos-equipaments-municipals\/","title":{"rendered":"S&#8217;ha aprovat iniciar l&#8217;expedient de contractaci\u00f3 per a adquirir mobiliari i maquin\u00e0ria per a diversos equipaments municipals"},"content":{"rendered":"<p><a href=\"http:\/\/bisbalpenedes.com\/web\/2018\/01\/19\/sha-aprovat-el-contracte-menor-per-a-la-redaccio-del-projecte-basic-dexecucio-i-direccio-dobra-de-la-rehabilitacio-de-les-cases-dels-mestres\/cases-dels-mestres\/\" rel=\"attachment wp-att-4408\"><img loading=\"lazy\" class=\"aligncenter size-medium wp-image-4408\" src=\"http:\/\/bisbalpenedes.com\/web\/wp-content\/uploads\/2018\/01\/cases-dels-mestres-e1560243306900-300x185.jpg\" alt=\"cases dels mestres\" width=\"300\" height=\"185\" srcset=\"https:\/\/bisbalpenedes.com\/web\/wp-content\/uploads\/2018\/01\/cases-dels-mestres-e1560243306900-300x185.jpg 300w, https:\/\/bisbalpenedes.com\/web\/wp-content\/uploads\/2018\/01\/cases-dels-mestres-e1560243306900-600x370.jpg 600w, https:\/\/bisbalpenedes.com\/web\/wp-content\/uploads\/2018\/01\/cases-dels-mestres-e1560243306900-768x473.jpg 768w, https:\/\/bisbalpenedes.com\/web\/wp-content\/uploads\/2018\/01\/cases-dels-mestres-e1560243306900-1024x631.jpg 1024w\" sizes=\"(max-width: 300px) 100vw, 300px\" \/><\/a><\/p>\n<p>La Junta de govern local del passat dilluns 14 de desembre va aprovar, a petici\u00f3 de la Regidoria de Barris, iniciar l\u2019expedient de contractaci\u00f3, mitjan\u00e7ant procediment obert simplificat, del seg\u00fcent subministrament de mobiliari i maquin\u00e0ria:<\/p>\n<ul>\n<li>Mobiliari i electrodom\u00e8stics b\u00e0sics per a les antigues cases dels mestres.<\/li>\n<li>11 cadires per als membres del consistori per a la sala de plens.<\/li>\n<li>Mobiliari i maquin\u00e0ria per al bar i mobiliari per al despatx i la sala de reunions del Local Social de La Miralba.<\/li>\n<li>Reposar la maquin\u00e0ria del local social de Can Gordei.<\/li>\n<\/ul>\n<p>La Junta de govern tamb\u00e9 ha aprovat ordenar la redacci\u00f3 dels plecs de cl\u00e0usules administratives i prescripcions t\u00e8cniques. Es dividir\u00e0 en dos lots:<\/p>\n<p style=\"padding-left: 30px;\">Lot 1: mobiliari, per un total de 13.405,35\u20ac (IVA incl\u00f2s)<\/p>\n<p style=\"padding-left: 30px;\">Lot 2: maquin\u00e0ria i electrodom\u00e8stics, per un total de 9.142,76\u20ac (IVA incl\u00f2s)<\/p>\n<p>Est\u00e0 previst que la darrera Junta de govern d\u2019aquest 2020 aprovi la licitaci\u00f3 per tal que les empreses puguin presentar les seves propostes.<\/p>\n<hr \/>\n<p><strong>CASTELLANO |<\/strong> La Junta de gobierno local del pasado lunes 14 de diciembre aprob\u00f3, a petici\u00f3n de la Concejal\u00eda de Barrios, iniciar el expediente de contrataci\u00f3n, mediante procedimiento abierto simplificado, del siguiente suministro de mobiliario y maquinaria:<\/p>\n<ul>\n<li>Mobiliario y electrodom\u00e9sticos b\u00e1sicos para las antiguas casas de los maestros.<\/li>\n<li>11 sillas para los miembros del consistorio para la sala de plenos.<\/li>\n<li>Mobiliario y maquinaria para el bar y mobiliario para el despacho y la sala de reuniones del Local Social de la Miralba.<\/li>\n<li>Reponer la maquinaria del local social de Can Gordei.<\/li>\n<\/ul>\n<p style=\"padding-left: 30px;\">La Junta de gobierno tambi\u00e9n ha aprobado ordenar la redacci\u00f3n de los pliegos de cl\u00e1usulas administrativas y prescripciones t\u00e9cnicas. Se dividir\u00e1 en dos lotes:<\/p>\n<p style=\"padding-left: 30px;\">Lote 1: mobiliario, por un total de 13.405,35\u20ac (IVA incluido)<\/p>\n<p style=\"padding-left: 30px;\">Lote 2: maquinaria y electrodom\u00e9sticos, por un total de 9.142,76\u20ac (IVA incluido)<\/p>\n<p>Est\u00e1 previsto que la \u00faltima Junta de gobierno de este 2020 apruebe la licitaci\u00f3n por tal que las empresas puedan presentar sus propuestas.<\/p>\n","protected":false},"excerpt":{"rendered":"<p>La Junta de govern local del passat dilluns 14 de desembre va aprovar, a petici\u00f3 de la Regidoria de Barris, iniciar l\u2019expedient de contractaci\u00f3, mitjan\u00e7ant procediment obert simplificat, del seg\u00fcent &hellip; <a href=\"https:\/\/bisbalpenedes.com\/web\/2020\/12\/18\/sha-aprovat-iniciar-lexpedient-de-contractacio-per-a-adquirir-mobiliari-i-maquinaria-per-a-diversos-equipaments-municipals\/\" class=\"more-link\">Read More<\/a><\/p>\n","protected":false},"author":4,"featured_media":4408,"comment_status":"closed","ping_status":"closed","sticky":false,"template":"","format":"standard","meta":[],"categories":[1047,8],"tags":[384,2443,1895,4273,2605],"_links":{"self":[{"href":"https:\/\/bisbalpenedes.com\/web\/wp-json\/wp\/v2\/posts\/15841"}],"collection":[{"href":"https:\/\/bisbalpenedes.com\/web\/wp-json\/wp\/v2\/posts"}],"about":[{"href":"https:\/\/bisbalpenedes.com\/web\/wp-json\/wp\/v2\/types\/post"}],"author":[{"embeddable":true,"href":"https:\/\/bisbalpenedes.com\/web\/wp-json\/wp\/v2\/users\/4"}],"replies":[{"embeddable":true,"href":"https:\/\/bisbalpenedes.com\/web\/wp-json\/wp\/v2\/comments?post=15841"}],"version-history":[{"count":1,"href":"https:\/\/bisbalpenedes.com\/web\/wp-json\/wp\/v2\/posts\/15841\/revisions"}],"predecessor-version":[{"id":15842,"href":"https:\/\/bisbalpenedes.com\/web\/wp-json\/wp\/v2\/posts\/15841\/revisions\/15842"}],"wp:featuredmedia":[{"embeddable":true,"href":"https:\/\/bisbalpenedes.com\/web\/wp-json\/wp\/v2\/media\/4408"}],"wp:attachment":[{"href":"https:\/\/bisbalpenedes.com\/web\/wp-json\/wp\/v2\/media?parent=15841"}],"wp:term":[{"taxonomy":"category","embeddable":true,"href":"https:\/\/bisbalpenedes.com\/web\/wp-json\/wp\/v2\/categories?post=15841"},{"taxonomy":"post_tag","embeddable":true,"href":"https:\/\/bisbalpenedes.com\/web\/wp-json\/wp\/v2\/tags?post=15841"}],"curies":[{"name":"wp","href":"https:\/\/api.w.org\/{rel}","templated":true}]}}