{"id":15837,"date":"2020-12-18T08:41:26","date_gmt":"2020-12-18T06:41:26","guid":{"rendered":"http:\/\/bisbalpenedes.com\/web\/?p=15837"},"modified":"2020-12-18T08:41:26","modified_gmt":"2020-12-18T06:41:26","slug":"dies-dobertura-del-consultori-medic-durant-les-festes-de-nadal-i-cap-dany","status":"publish","type":"post","link":"https:\/\/bisbalpenedes.com\/web\/2020\/12\/18\/dies-dobertura-del-consultori-medic-durant-les-festes-de-nadal-i-cap-dany\/","title":{"rendered":"Dies d&#8217;obertura del consultori m\u00e8dic durant les festes de Nadal i Cap d&#8217;Any"},"content":{"rendered":"<div class=\"\" data-block=\"true\" data-editor=\"fhlvo\" data-offset-key=\"flac2-0-0\">\n<div class=\"_1mf _1mj\" style=\"text-align: justify;\" data-offset-key=\"flac2-0-0\"><span style=\"color: #000000;\">Us adjuntem la informaci\u00f3 que ens ha fet arribar la Xarxa Sanit\u00e0ria i Social Santa Tecla en refer\u00e8ncia als dies d&#8217;obertura del consultori m\u00e8dic de la Bisbal del Pened\u00e8s durant les festes de Nadal d&#8217;enguany.<\/span><\/div>\n<\/div>\n<div class=\"\" data-block=\"true\" data-editor=\"fhlvo\" data-offset-key=\"9v4j3-0-0\">\n<div class=\"_1mf _1mj\" style=\"text-align: justify;\" data-offset-key=\"9v4j3-0-0\"><\/div>\n<div class=\"_1mf _1mj\" style=\"text-align: justify;\" data-offset-key=\"9v4j3-0-0\">\n<hr \/>\n<p><span style=\"color: #000000;\">Os adjuntamos la informaci\u00f3n que nos ha hecho llegar la Xarxa Sanit\u00e0ria i Social Santa Tecla en referencia a los d\u00edas de apertura del consultorio m\u00e9dico de la Bisbal del Pened\u00e8s durante las fiestas de Navidad de este a\u00f1o.<\/span><\/div>\n<div class=\"_1mf _1mj\" style=\"text-align: justify;\" data-offset-key=\"9v4j3-0-0\"><\/div>\n<\/div>\n<div class=\"_1mf _1mj\" style=\"text-align: justify;\" data-offset-key=\"9v4j3-0-0\"><a href=\"http:\/\/bisbalpenedes.com\/web\/2020\/12\/18\/dies-dobertura-del-consultori-medic-durant-les-festes-de-nadal-i-cap-dany\/201218-consultori-medic-nadal\/\" rel=\"attachment wp-att-15838\"><img loading=\"lazy\" class=\"aligncenter size-large wp-image-15838\" src=\"http:\/\/bisbalpenedes.com\/web\/wp-content\/uploads\/2020\/12\/201218-CONSULTORI-MEDIC-NADAL-1024x1024.jpg\" alt=\"201218 CONSULTORI MEDIC NADAL\" width=\"630\" height=\"630\" srcset=\"https:\/\/bisbalpenedes.com\/web\/wp-content\/uploads\/2020\/12\/201218-CONSULTORI-MEDIC-NADAL-1024x1024.jpg 1024w, https:\/\/bisbalpenedes.com\/web\/wp-content\/uploads\/2020\/12\/201218-CONSULTORI-MEDIC-NADAL-300x300.jpg 300w, https:\/\/bisbalpenedes.com\/web\/wp-content\/uploads\/2020\/12\/201218-CONSULTORI-MEDIC-NADAL-100x100.jpg 100w, https:\/\/bisbalpenedes.com\/web\/wp-content\/uploads\/2020\/12\/201218-CONSULTORI-MEDIC-NADAL-600x600.jpg 600w, https:\/\/bisbalpenedes.com\/web\/wp-content\/uploads\/2020\/12\/201218-CONSULTORI-MEDIC-NADAL-150x150.jpg 150w, https:\/\/bisbalpenedes.com\/web\/wp-content\/uploads\/2020\/12\/201218-CONSULTORI-MEDIC-NADAL-768x768.jpg 768w, https:\/\/bisbalpenedes.com\/web\/wp-content\/uploads\/2020\/12\/201218-CONSULTORI-MEDIC-NADAL.jpg 1080w\" sizes=\"(max-width: 630px) 100vw, 630px\" \/><\/a><\/div>\n","protected":false},"excerpt":{"rendered":"<p>Us adjuntem la informaci\u00f3 que ens ha fet arribar la Xarxa Sanit\u00e0ria i Social Santa Tecla en refer\u00e8ncia als dies d&#8217;obertura del consultori m\u00e8dic de la Bisbal del Pened\u00e8s durant &hellip; <a href=\"https:\/\/bisbalpenedes.com\/web\/2020\/12\/18\/dies-dobertura-del-consultori-medic-durant-les-festes-de-nadal-i-cap-dany\/\" class=\"more-link\">Read More<\/a><\/p>\n","protected":false},"author":4,"featured_media":15838,"comment_status":"closed","ping_status":"closed","sticky":false,"template":"","format":"standard","meta":[],"categories":[8,14],"tags":[2678,2701,784,95],"_links":{"self":[{"href":"https:\/\/bisbalpenedes.com\/web\/wp-json\/wp\/v2\/posts\/15837"}],"collection":[{"href":"https:\/\/bisbalpenedes.com\/web\/wp-json\/wp\/v2\/posts"}],"about":[{"href":"https:\/\/bisbalpenedes.com\/web\/wp-json\/wp\/v2\/types\/post"}],"author":[{"embeddable":true,"href":"https:\/\/bisbalpenedes.com\/web\/wp-json\/wp\/v2\/users\/4"}],"replies":[{"embeddable":true,"href":"https:\/\/bisbalpenedes.com\/web\/wp-json\/wp\/v2\/comments?post=15837"}],"version-history":[{"count":2,"href":"https:\/\/bisbalpenedes.com\/web\/wp-json\/wp\/v2\/posts\/15837\/revisions"}],"predecessor-version":[{"id":15840,"href":"https:\/\/bisbalpenedes.com\/web\/wp-json\/wp\/v2\/posts\/15837\/revisions\/15840"}],"wp:featuredmedia":[{"embeddable":true,"href":"https:\/\/bisbalpenedes.com\/web\/wp-json\/wp\/v2\/media\/15838"}],"wp:attachment":[{"href":"https:\/\/bisbalpenedes.com\/web\/wp-json\/wp\/v2\/media?parent=15837"}],"wp:term":[{"taxonomy":"category","embeddable":true,"href":"https:\/\/bisbalpenedes.com\/web\/wp-json\/wp\/v2\/categories?post=15837"},{"taxonomy":"post_tag","embeddable":true,"href":"https:\/\/bisbalpenedes.com\/web\/wp-json\/wp\/v2\/tags?post=15837"}],"curies":[{"name":"wp","href":"https:\/\/api.w.org\/{rel}","templated":true}]}}