{"id":15824,"date":"2020-12-16T15:23:17","date_gmt":"2020-12-16T13:23:17","guid":{"rendered":"http:\/\/bisbalpenedes.com\/web\/?p=15824"},"modified":"2020-12-16T15:23:18","modified_gmt":"2020-12-16T13:23:18","slug":"lalcaldessa-i-la-primera-tinenta-dalcaldia-han-visitat-les-obres-de-la-c-51-junt-amb-el-conseller-de-territori-i-sostenibilitat-i-els-alcaldes-dels-municipis-per-on-passa-la-via","status":"publish","type":"post","link":"https:\/\/bisbalpenedes.com\/web\/2020\/12\/16\/lalcaldessa-i-la-primera-tinenta-dalcaldia-han-visitat-les-obres-de-la-c-51-junt-amb-el-conseller-de-territori-i-sostenibilitat-i-els-alcaldes-dels-municipis-per-on-passa-la-via\/","title":{"rendered":"L&#8217;alcaldessa i la primera tinenta d&#8217;alcaldia han visitat les obres de la C-51 junt amb el conseller de Territori i Sostenibilitat i els alcaldes dels municipis per on passa la via"},"content":{"rendered":"<p style=\"text-align: justify;\"><a href=\"http:\/\/bisbalpenedes.com\/web\/2020\/12\/16\/lalcaldessa-i-la-primera-tinenta-dalcaldia-han-visitat-les-obres-de-la-c-51-junt-amb-el-conseller-de-territori-i-sostenibilitat-i-els-alcaldes-dels-municipis-per-on-passa-la-via\/agnes-vilardida-1\/\" rel=\"attachment wp-att-15826\"><img loading=\"lazy\" class=\"aligncenter size-large wp-image-15826\" src=\"http:\/\/bisbalpenedes.com\/web\/wp-content\/uploads\/2020\/12\/AGNES-VILARDIDA-1-1024x768.jpeg\" alt=\"AGNES VILARDIDA 1\" width=\"630\" height=\"473\" srcset=\"https:\/\/bisbalpenedes.com\/web\/wp-content\/uploads\/2020\/12\/AGNES-VILARDIDA-1.jpeg 1024w, https:\/\/bisbalpenedes.com\/web\/wp-content\/uploads\/2020\/12\/AGNES-VILARDIDA-1-600x450.jpeg 600w, https:\/\/bisbalpenedes.com\/web\/wp-content\/uploads\/2020\/12\/AGNES-VILARDIDA-1-300x225.jpeg 300w, https:\/\/bisbalpenedes.com\/web\/wp-content\/uploads\/2020\/12\/AGNES-VILARDIDA-1-768x576.jpeg 768w\" sizes=\"(max-width: 630px) 100vw, 630px\" \/><\/a><\/p>\n<p style=\"text-align: justify;\"><span style=\"color: #000000;\">Aquest dimarts 15 de desembre, l\u2019alcaldessa de la Bisbal del Pened\u00e8s, Agn\u00e8s Ferr\u00e9, i la primera tinenta d\u2019alcaldia, Judith Vidal, han participat en la visita d\u2019obres que la Conselleria de Territori i Sostenibilitat de la Generalitat de Catalunya ha fet a la C-51, concretament al seu pas per Vilardida (Alt Camp).<\/span><\/p>\n<p style=\"text-align: justify;\"><span style=\"color: #000000;\">Les obres d\u2019aquesta via ja estan pr\u00e0cticament finalitzades i inclo\u00efen la rotonda que s\u2019ha constru\u00eft a la Bisbal del Pened\u00e8s. El conseller de Territori i Sostenibilitat, Dami\u00e0 Calvet, ha visitat l\u2019actuaci\u00f3, juntament amb els alcaldes de Br\u00e0fim, Rodony\u00e0, Montferri, Vila-rodona i l\u2019alcaldessa Bisbalenca, que s\u2019ha mostrat satisfeta per la finalitzaci\u00f3 de les obres \u201ctot i que han trigat m\u00e9s del compte, la nova rotonda ha millorat la comunicaci\u00f3 entre diversos barris del municipi i el centre de la vila i tamb\u00e9 ha millorat el tr\u00e0nsit cap a altres municipis de la contornada\u201d.<\/span><\/p>\n<hr \/>\n<p style=\"text-align: justify;\"><span style=\"color: #000000;\"><strong>CASTELLANO |<\/strong> Este martes 15 de diciembre, la alcaldesa de la Bisbal del Pened\u00e8s, Agn\u00e8s Ferr\u00e9, y la primera teniente de alcald\u00eda, Judith Vidal, han participado en la visita de obras que la Consejer\u00eda de Territorio y Sostenibilidad de la Generalitat de Catalunya ha hecho en la C-51, concretamente a su paso por Vildardida (Alt Camp).<\/span><\/p>\n<p style=\"text-align: justify;\"><span style=\"color: #000000;\">Las obras de esta v\u00eda ya est\u00e1n pr\u00e1cticamente finalizadas e inclu\u00edan la rotonda que se ha construido en la Bisbal del Pened\u00e8s. El consejero de Territorio y Sostenibilidad, Dami\u00e0 Calvet, ha visitado la actuaci\u00f3n junto con los alcaldes de Br\u00e0fim, Rodony\u00e0, Montferri, Vila-rodona y la alcaldesa de la Bisbal, que se ha mostrado satisfecha por la finalizaci\u00f3n de las obras \u201caunque han tardado m\u00e1s de la cuenta, la nueva rotonda ha mejorado la comunicaci\u00f3n de varios barrios del municipio y el centro del pueblo y tambi\u00e9n ha mejorado el tr\u00e1fico hacia otros municipios de los alrededores\u201d.<\/span><\/p>\n<p style=\"text-align: justify;\"><a href=\"http:\/\/bisbalpenedes.com\/web\/2020\/12\/16\/lalcaldessa-i-la-primera-tinenta-dalcaldia-han-visitat-les-obres-de-la-c-51-junt-amb-el-conseller-de-territori-i-sostenibilitat-i-els-alcaldes-dels-municipis-per-on-passa-la-via\/agnes-vilardida-2\/\" rel=\"attachment wp-att-15825\"><img loading=\"lazy\" class=\"aligncenter size-large wp-image-15825\" src=\"http:\/\/bisbalpenedes.com\/web\/wp-content\/uploads\/2020\/12\/AGNES-VILARDIDA-2-1024x768.jpeg\" alt=\"AGNES VILARDIDA 2\" width=\"630\" height=\"473\" srcset=\"https:\/\/bisbalpenedes.com\/web\/wp-content\/uploads\/2020\/12\/AGNES-VILARDIDA-2.jpeg 1024w, https:\/\/bisbalpenedes.com\/web\/wp-content\/uploads\/2020\/12\/AGNES-VILARDIDA-2-600x450.jpeg 600w, https:\/\/bisbalpenedes.com\/web\/wp-content\/uploads\/2020\/12\/AGNES-VILARDIDA-2-300x225.jpeg 300w, https:\/\/bisbalpenedes.com\/web\/wp-content\/uploads\/2020\/12\/AGNES-VILARDIDA-2-768x576.jpeg 768w\" sizes=\"(max-width: 630px) 100vw, 630px\" \/><\/a><\/p>\n","protected":false},"excerpt":{"rendered":"<p>Aquest dimarts 15 de desembre, l\u2019alcaldessa de la Bisbal del Pened\u00e8s, Agn\u00e8s Ferr\u00e9, i la primera tinenta d\u2019alcaldia, Judith Vidal, han participat en la visita d\u2019obres que la Conselleria de &hellip; <a href=\"https:\/\/bisbalpenedes.com\/web\/2020\/12\/16\/lalcaldessa-i-la-primera-tinenta-dalcaldia-han-visitat-les-obres-de-la-c-51-junt-amb-el-conseller-de-territori-i-sostenibilitat-i-els-alcaldes-dels-municipis-per-on-passa-la-via\/\" class=\"more-link\">Read More<\/a><\/p>\n","protected":false},"author":4,"featured_media":15825,"comment_status":"closed","ping_status":"closed","sticky":false,"template":"","format":"standard","meta":[],"categories":[2057,2294,8],"tags":[299,393,298],"_links":{"self":[{"href":"https:\/\/bisbalpenedes.com\/web\/wp-json\/wp\/v2\/posts\/15824"}],"collection":[{"href":"https:\/\/bisbalpenedes.com\/web\/wp-json\/wp\/v2\/posts"}],"about":[{"href":"https:\/\/bisbalpenedes.com\/web\/wp-json\/wp\/v2\/types\/post"}],"author":[{"embeddable":true,"href":"https:\/\/bisbalpenedes.com\/web\/wp-json\/wp\/v2\/users\/4"}],"replies":[{"embeddable":true,"href":"https:\/\/bisbalpenedes.com\/web\/wp-json\/wp\/v2\/comments?post=15824"}],"version-history":[{"count":2,"href":"https:\/\/bisbalpenedes.com\/web\/wp-json\/wp\/v2\/posts\/15824\/revisions"}],"predecessor-version":[{"id":15828,"href":"https:\/\/bisbalpenedes.com\/web\/wp-json\/wp\/v2\/posts\/15824\/revisions\/15828"}],"wp:featuredmedia":[{"embeddable":true,"href":"https:\/\/bisbalpenedes.com\/web\/wp-json\/wp\/v2\/media\/15825"}],"wp:attachment":[{"href":"https:\/\/bisbalpenedes.com\/web\/wp-json\/wp\/v2\/media?parent=15824"}],"wp:term":[{"taxonomy":"category","embeddable":true,"href":"https:\/\/bisbalpenedes.com\/web\/wp-json\/wp\/v2\/categories?post=15824"},{"taxonomy":"post_tag","embeddable":true,"href":"https:\/\/bisbalpenedes.com\/web\/wp-json\/wp\/v2\/tags?post=15824"}],"curies":[{"name":"wp","href":"https:\/\/api.w.org\/{rel}","templated":true}]}}