{"id":15819,"date":"2020-12-16T15:09:31","date_gmt":"2020-12-16T13:09:31","guid":{"rendered":"http:\/\/bisbalpenedes.com\/web\/?p=15819"},"modified":"2020-12-16T15:15:20","modified_gmt":"2020-12-16T13:15:20","slug":"el-proper-dilluns-21-de-desembre-a-les-19h-tindra-lloc-el-ple-ordinari-de-lajuntament-de-la-bisbal-del-penedes","status":"publish","type":"post","link":"https:\/\/bisbalpenedes.com\/web\/2020\/12\/16\/el-proper-dilluns-21-de-desembre-a-les-19h-tindra-lloc-el-ple-ordinari-de-lajuntament-de-la-bisbal-del-penedes\/","title":{"rendered":"El proper dilluns 21 de desembre a les 19h tindr\u00e0 lloc el Ple Ordinari de l\u2019Ajuntament de la Bisbal del Pened\u00e8s"},"content":{"rendered":"<p style=\"text-align: justify;\"><span style=\"color: #000000;\">Aquest dimecres\u00a0s\u2019ha convocat el Ple ordinari d&#8217;aquest trimestre. Tindr\u00e0 lloc el proper dilluns 21 de desembre a les 19:00h.<\/span><br \/>\n<span style=\"color: #000000;\"> El ple se celebrar\u00e0 de forma presencial i a porta tancada per poder garantir totes les mesures de prevenci\u00f3 de contagis per la Covid-19. Posteriorment es podr\u00e0 veure l\u2019enregistrament a Youtube.<\/span><\/p>\n<p style=\"text-align: justify;\"><span style=\"color: #000000;\">Aquests s\u00f3n els punts de l\u2019ordre del dia:<\/span><\/p>\n<p style=\"text-align: justify; padding-left: 30px;\"><span style=\"color: #000000;\">1.-Aprovaci\u00f3 de l\u2019acta de la sessi\u00f3 ordin\u00e0ria anterior de data 21.09.2020<\/span><\/p>\n<p style=\"text-align: justify; padding-left: 30px;\"><span style=\"color: #000000;\">2.-Aprovaci\u00f3 de l\u2019acta de la sessi\u00f3 extraordin\u00e0ria de data 26.10.2020<\/span><\/p>\n<p style=\"text-align: justify; padding-left: 30px;\"><span style=\"color: #000000;\">3.-Aprovaci\u00f3 de l\u2019acta de la sessi\u00f3 extraordin\u00e0ria de data 25.11.2020<\/span><\/p>\n<p style=\"text-align: justify; padding-left: 30px;\"><span style=\"color: #000000;\">4.-Aprovaci\u00f3 de l\u2019acta de la sessi\u00f3 extraordin\u00e0ria de data 04.12.2020<\/span><\/p>\n<p style=\"text-align: justify; padding-left: 30px;\"><span style=\"color: #000000;\">5.-Modificaci\u00f3 del conveni per a la delegaci\u00f3 de la recaptaci\u00f3 a BASE-Gesti\u00f3 d\u2019Ingressos<\/span><\/p>\n<p style=\"text-align: justify; padding-left: 30px;\"><span style=\"color: #000000;\">6.-Reconeixement Extrajudicial de Cr\u00e8dits<\/span><\/p>\n<p style=\"text-align: justify; padding-left: 30px;\"><span style=\"color: #000000;\">7.-Modificaci\u00f3 de Cr\u00e8dit<\/span><\/p>\n<p style=\"text-align: justify; padding-left: 30px;\"><span style=\"color: #000000;\">8.-Modificaci\u00f3 de Cr\u00e8dit.<\/span><\/p>\n<p style=\"text-align: justify; padding-left: 30px;\"><span style=\"color: #000000;\">9.-Moci\u00f3 per una tornada segura a l\u2019escola presentada pel grup municipal del PSC<\/span><\/p>\n<p style=\"text-align: justify; padding-left: 30px;\"><span style=\"color: #000000;\">10.-Per\u00edode mig de pagament tercer trimestre 2020.<\/span><\/p>\n<p style=\"text-align: justify; padding-left: 30px;\"><span style=\"color: #000000;\">11.-Execuci\u00f3 del pressupost del tercer trimestre de 2020.<\/span><\/p>\n<p style=\"text-align: justify; padding-left: 30px;\"><span style=\"color: #000000;\">12.-Pla anual de control financer exercici 2019.<\/span><\/p>\n<p style=\"text-align: justify; padding-left: 30px;\"><span style=\"color: #000000;\">13.-Donar compte dels Decrets d\u2019Alcaldia.<\/span><\/p>\n<p style=\"text-align: justify; padding-left: 30px;\"><span style=\"color: #000000;\">14.-Donar compte de les Actes de la Junta de Govern Local.<\/span><\/p>\n<p style=\"text-align: justify; padding-left: 30px;\"><span style=\"color: #000000;\">Torn de Precs i preguntes<\/span><\/p>\n<p style=\"text-align: justify;\"><span style=\"color: #000000;\">Segons el ROM aprovat al Ple de l\u2019Ajuntament de la Bisbal el 19 de juny de 2017, la ciutadania pot participar en els Plens Ordinaris. Tot seguit us detallem el funcionament d\u2019aquest sup\u00f2sit:<\/span><br \/>\n<span style=\"color: #000000;\"> Totes les persones tenen dret a intervenir en les sessions ordin\u00e0ries del Ple en el punt de l\u2019ordre del dia de \u2018Precs i preguntes\u2019, d\u2019acord amb les prescripcions seg\u00fcents:<\/span><\/p>\n<ul style=\"text-align: justify;\">\n<li><span style=\"color: #000000;\">El prec o pregunta s\u2019haur\u00e0 de sol\u2022licitar a l\u2019Alcaldia:<\/span><br \/>\n<span style=\"color: #000000;\"> o per escrit i entrar-lo\/a al Registre General com a m\u00e0xim 24 hores abans del Ple Ordinari<\/span><br \/>\n<span style=\"color: #000000;\"> o Per Twitter a @BisbalPenedes com a m\u00e0xim 24h abans del Ple Ordinari, complint el protocol d\u2019\u00fas de les xarxes socials i emprant l\u2019etiqueta\u00a0<a style=\"color: #000000;\" href=\"https:\/\/www.facebook.com\/hashtag\/plebisbalpened%C3%A8s?__eep__=6&amp;source=feed_text&amp;epa=HASHTAG&amp;__xts__%5B0%5D=68.ARD1wXWwwlno0rOKPmoxxgSz89WYH5i8NHgdzmCY3U1GDyNswWNuLJC5R3CyiwZ8glyCklNOgb5D6-ILDBbxPeAhsZdMu8qbfllJN2mwOAG9lPX1POezHU4xpQ6CrtbSOFPuM13bcQDPXDkcT8uMdzLDRgfw5h57ESASLFFbhrUkWoxSN8IheJ2bj9-81sTG3gqQ-wPW1oTv63_qHlpWUiTPav-2exYCEXYInFYQJDcg-f8siVOv1iRTgFStQHuyX1OUlmXnMQEAJGyp0rbWxJ0DXP_c3jiScxjBnW0-ebrftvJ5rcDs6dNS_U1mdQ8lmfvzgSMIsH-xyDrOEt-i4-01nqBm&amp;__tn__=%2ANK-R\">#PleBisbalPened\u00e8s<\/a>, seguit del prec o pregunta.<\/span><\/li>\n<li><span style=\"color: #000000;\">L\u2019assumpte objecte del prec o pregunta haur\u00e0 de ser de compet\u00e8ncia municipal sobre l\u2019acci\u00f3 de govern o estar directament relacionat amb els punts inclosos a l\u2019ordre del dia.<\/span><\/li>\n<li><span style=\"color: #000000;\">Cada ciutad\u00e0\/ana pot formular un prec i una pregunta en un mateix Ple. La longitud m\u00e0xima de cada piulada \u00e9s de 140 car\u00e0cters i no es pot continuar la pregunta en un segon \u2018tweet\u2019.<\/span><\/li>\n<li><span style=\"color: #000000;\">L\u2019alcaldia podr\u00e0 no respondre si \u00e9s un assumpte sobre el qual l\u2019Ajuntament no t\u00e9 compet\u00e8ncies o si ja s\u2019ha presentat la mateixa pregunta en una altra sessi\u00f3 plen\u00e0ria en els \u00faltims 6 mesos.<\/span><\/li>\n<li><span style=\"color: #000000;\">L\u2019alcaldia comunicar\u00e0, acabat el termini m\u00e0xim de presentaci\u00f3 de preguntes, a qui vagin dirigides les preguntes o peticions sol\u2022licitades perqu\u00e8 les pugui respondre.<\/span><\/li>\n<li><span style=\"color: #000000;\">L\u2019Alcaldia llegir\u00e0 la pregunta en veu alta.<\/span><\/li>\n<li><span style=\"color: #000000;\">L\u2019alcaldia o a qui va adre\u00e7ada la pregunta, la respondr\u00e0 en la mateixa sessi\u00f3 del Ple.<\/span><\/li>\n<\/ul>\n<hr \/>\n<p style=\"text-align: justify;\"><span style=\"color: #000000;\"><strong>CASTELLANO |<\/strong>\u00a0Este mi\u00e9rcoles\u00a0se ha convocado el Pleno ordinario de este trimestre. Tendr\u00e1 lugar el pr\u00f3ximo lunes 21 de diciembre a las 19:00h.<\/span><br \/>\n<span style=\"color: #000000;\"> El Pleno se celebrar\u00e1 de forma presencial y a puerta cerrada para poder garantizar todas las medidas de prevenci\u00f3n de contagios por la Covid-19. Posteriormente se podr\u00e1 ver la grabaci\u00f3n en Youtube.<\/span><\/p>\n<p style=\"text-align: justify;\"><span style=\"color: #000000;\">Estos son los puntos del orden del d\u00eda:<\/span><\/p>\n<p style=\"text-align: justify; padding-left: 30px;\"><span style=\"color: #000000;\">1.-Aprobaci\u00f3n del acta de la sesi\u00f3n ordinaria anterior de fecha 21.09.2020<\/span><\/p>\n<p style=\"text-align: justify; padding-left: 30px;\"><span style=\"color: #000000;\">2.-Aprobaci\u00f3n del acta de la sesi\u00f3n extraordinaria de fecha 26.10.2020<\/span><\/p>\n<p style=\"text-align: justify; padding-left: 30px;\"><span style=\"color: #000000;\">3.-Aprobaci\u00f3n del acta de la sesi\u00f3n extraordinaria de fecha 25.11.2020<\/span><\/p>\n<p style=\"text-align: justify; padding-left: 30px;\"><span style=\"color: #000000;\">4.-Aprobaci\u00f3n del acta de la sesi\u00f3n extraordinaria de fecha 04.12.2020<\/span><\/p>\n<p style=\"text-align: justify; padding-left: 30px;\"><span style=\"color: #000000;\">5.-Modificaci\u00f3n del convenio para la delegaci\u00f3n de la recaudaci\u00f3n a BASE-Gesti\u00f3n de ingresos<\/span><\/p>\n<p style=\"text-align: justify; padding-left: 30px;\"><span style=\"color: #000000;\">6.-Reconocimiento Extrajudicial de Cr\u00e9ditos.<\/span><\/p>\n<p style=\"text-align: justify; padding-left: 30px;\"><span style=\"color: #000000;\">7.-Modificaci\u00f3n de Cr\u00e9dito.<\/span><\/p>\n<p style=\"text-align: justify; padding-left: 30px;\"><span style=\"color: #000000;\">8.-Modificaci\u00f3n de Cr\u00e9dito.<\/span><\/p>\n<p style=\"text-align: justify; padding-left: 30px;\"><span style=\"color: #000000;\">9.-Moci\u00f3n por una vuelta segura al colegio presentada por el grupo municipal del PSC<\/span><\/p>\n<p style=\"text-align: justify; padding-left: 30px;\"><span style=\"color: #000000;\">10.-Periodo medio de pago del tercer trimestre de 2020.<\/span><\/p>\n<p style=\"text-align: justify; padding-left: 30px;\"><span style=\"color: #000000;\">11.-Ejecuci\u00f3n del presupuesto del tercer trimestre de 2020.<\/span><\/p>\n<p style=\"text-align: justify; padding-left: 30px;\"><span style=\"color: #000000;\">12.-Plan anual de control financiero del ejercicio 2019.<\/span><\/p>\n<p style=\"text-align: justify; padding-left: 30px;\"><span style=\"color: #000000;\">13.-Dar cuenta de los Decretos de Alcald\u00eda<\/span><\/p>\n<p style=\"text-align: justify; padding-left: 30px;\"><span style=\"color: #000000;\">14.-Dar cuenta de las Actas de la Junta de Gobierno Local<\/span><\/p>\n<p style=\"text-align: justify; padding-left: 30px;\"><span style=\"color: #000000;\">Turno de ruegos y preguntas.<\/span><\/p>\n<p style=\"text-align: justify;\"><span style=\"color: #000000;\">Seg\u00fan el ROM aprobado en el Pleno del Ayuntamiento de la Bisbal del Pened\u00e8s el pasado 19 de junio del 2017, la ciudadan\u00eda puede participar en los Plenos Ordinarios. A continuaci\u00f3n os detallamos el funcionamiento de este supuesto:<\/span><br \/>\n<span style=\"color: #000000;\"> Todas las personas tienen derecho a intervenir en las sesiones ordinarias del Pleno en el punto de la orden del d\u00eda de \u2018Ruegos y preguntas\u2019, de acuerdo con las prescripciones siguientes:<\/span><\/p>\n<ul>\n<li style=\"text-align: justify;\"><span style=\"color: #000000;\">El ruego o pregunta deber\u00e1 solicitarse a Alcald\u00eda:<\/span><br \/>\n<span style=\"color: #000000;\"> o Por escrito y entrarlo\/la por escrito como m\u00e1ximo 24 horas antes del Pleno Ordinario<\/span><br \/>\n<span style=\"color: #000000;\"> o Por Twitter en @BisbalPenedes como m\u00e1ximo 24h antes del Pleno Ordinario, cumpliendo el protocolo de uso de las redes sociales con el formato\u00a0<a style=\"color: #000000;\" href=\"https:\/\/www.facebook.com\/hashtag\/plebisbalpened%C3%A8s?__eep__=6&amp;source=feed_text&amp;epa=HASHTAG&amp;__xts__%5B0%5D=68.ARD1wXWwwlno0rOKPmoxxgSz89WYH5i8NHgdzmCY3U1GDyNswWNuLJC5R3CyiwZ8glyCklNOgb5D6-ILDBbxPeAhsZdMu8qbfllJN2mwOAG9lPX1POezHU4xpQ6CrtbSOFPuM13bcQDPXDkcT8uMdzLDRgfw5h57ESASLFFbhrUkWoxSN8IheJ2bj9-81sTG3gqQ-wPW1oTv63_qHlpWUiTPav-2exYCEXYInFYQJDcg-f8siVOv1iRTgFStQHuyX1OUlmXnMQEAJGyp0rbWxJ0DXP_c3jiScxjBnW0-ebrftvJ5rcDs6dNS_U1mdQ8lmfvzgSMIsH-xyDrOEt-i4-01nqBm&amp;__tn__=%2ANK-R\">#PleBisbalPened\u00e8s<\/a>, seguido del ruego o pregunta.<\/span><\/li>\n<li style=\"text-align: justify;\"><span style=\"color: #000000;\">El asunto objeto del ruego o pregunta deber\u00e1 ser de competencia municipal sobre la acci\u00f3n de gobierno o estar directamente relacionado con los puntos incluidos en el orden del d\u00eda.<\/span><\/li>\n<li style=\"text-align: justify;\"><span style=\"color: #000000;\">Cada ciudadano\/na puede formular un ruego y una pregunta en un mismo Pleno. La longitud m\u00e1xima de cada tweet es de 140 caracteres y no se puede continuar la pregunta con un segundo \u2018tweet.<\/span><\/li>\n<li style=\"text-align: justify;\"><span style=\"color: #000000;\">Alcald\u00eda podr\u00e1 no responder si es un asunto sobre el cual el Ayuntamiento no tiene competencias o si ya se ha presentado la misma pregunta en otra sesi\u00f3n plenaria de los \u00faltimos 6 meses.<\/span><\/li>\n<li style=\"text-align: justify;\"><span style=\"color: #000000;\">Alcald\u00eda comunicar\u00e1, terminado el plazo m\u00e1ximo de presentaci\u00f3n de preguntas, a quien vayan dirigidas las preguntas o peticiones solicitadas para que las pueda responder.<\/span><\/li>\n<li style=\"text-align: justify;\"><span style=\"color: #000000;\">Alcald\u00eda leer\u00e1 la pregunta en voz alta.<\/span><\/li>\n<li style=\"text-align: justify;\"><span style=\"color: #000000;\">Alcald\u00eda o a quien vaya dirigida la pregunta, la responder\u00e1 en la misma sesi\u00f3n del Pleno.<\/span><\/li>\n<\/ul>\n","protected":false},"excerpt":{"rendered":"<p>Aquest dimecres\u00a0s\u2019ha convocat el Ple ordinari d&#8217;aquest trimestre. Tindr\u00e0 lloc el proper dilluns 21 de desembre a les 19:00h. El ple se celebrar\u00e0 de forma presencial i a porta tancada &hellip; <a href=\"https:\/\/bisbalpenedes.com\/web\/2020\/12\/16\/el-proper-dilluns-21-de-desembre-a-les-19h-tindra-lloc-el-ple-ordinari-de-lajuntament-de-la-bisbal-del-penedes\/\" class=\"more-link\">Read More<\/a><\/p>\n","protected":false},"author":4,"featured_media":14975,"comment_status":"closed","ping_status":"closed","sticky":false,"template":"","format":"standard","meta":[],"categories":[8,2250],"tags":[139,249,2719],"_links":{"self":[{"href":"https:\/\/bisbalpenedes.com\/web\/wp-json\/wp\/v2\/posts\/15819"}],"collection":[{"href":"https:\/\/bisbalpenedes.com\/web\/wp-json\/wp\/v2\/posts"}],"about":[{"href":"https:\/\/bisbalpenedes.com\/web\/wp-json\/wp\/v2\/types\/post"}],"author":[{"embeddable":true,"href":"https:\/\/bisbalpenedes.com\/web\/wp-json\/wp\/v2\/users\/4"}],"replies":[{"embeddable":true,"href":"https:\/\/bisbalpenedes.com\/web\/wp-json\/wp\/v2\/comments?post=15819"}],"version-history":[{"count":4,"href":"https:\/\/bisbalpenedes.com\/web\/wp-json\/wp\/v2\/posts\/15819\/revisions"}],"predecessor-version":[{"id":15823,"href":"https:\/\/bisbalpenedes.com\/web\/wp-json\/wp\/v2\/posts\/15819\/revisions\/15823"}],"wp:featuredmedia":[{"embeddable":true,"href":"https:\/\/bisbalpenedes.com\/web\/wp-json\/wp\/v2\/media\/14975"}],"wp:attachment":[{"href":"https:\/\/bisbalpenedes.com\/web\/wp-json\/wp\/v2\/media?parent=15819"}],"wp:term":[{"taxonomy":"category","embeddable":true,"href":"https:\/\/bisbalpenedes.com\/web\/wp-json\/wp\/v2\/categories?post=15819"},{"taxonomy":"post_tag","embeddable":true,"href":"https:\/\/bisbalpenedes.com\/web\/wp-json\/wp\/v2\/tags?post=15819"}],"curies":[{"name":"wp","href":"https:\/\/api.w.org\/{rel}","templated":true}]}}