{"id":15813,"date":"2020-12-15T18:07:59","date_gmt":"2020-12-15T16:07:59","guid":{"rendered":"http:\/\/bisbalpenedes.com\/web\/?p=15813"},"modified":"2020-12-15T18:08:12","modified_gmt":"2020-12-15T16:08:12","slug":"aquest-dilluns-shan-aprovat-dos-punts-de-la-junta-de-govern-amb-competencies-delegades-del-ple","status":"publish","type":"post","link":"https:\/\/bisbalpenedes.com\/web\/2020\/12\/15\/aquest-dilluns-shan-aprovat-dos-punts-de-la-junta-de-govern-amb-competencies-delegades-del-ple\/","title":{"rendered":"Aquest dilluns s\u2019han aprovat dos punts de la Junta de Govern amb compet\u00e8ncies delegades del Ple"},"content":{"rendered":"<p style=\"text-align: center;\"><iframe loading=\"lazy\" src=\"https:\/\/www.youtube.com\/embed\/ZvsJWRuBrio\" width=\"560\" height=\"315\" frameborder=\"0\" allowfullscreen=\"allowfullscreen\"><\/iframe><\/p>\n<p style=\"text-align: justify;\"><span style=\"color: #000000;\">La Junta de Govern del dilluns 15 de desembre inclo\u00efa dos punts amb Compet\u00e8ncies Delegades del Ple:<\/span><\/p>\n<p style=\"padding-left: 30px; text-align: justify;\"><span style=\"color: #000000;\">-Licitaci\u00f3 del subministrament, instal\u00b7laci\u00f3 i manteniment de les c\u00e0meres lectores de matr\u00edcules.<\/span><\/p>\n<p style=\"padding-left: 30px; text-align: justify;\"><span style=\"color: #000000;\">-Contractaci\u00f3 de les obres corresponents a les fases 1.1. i 1.2. del projecte de remodelaci\u00f3 del pavell\u00f3 poliesportiu municipal.<\/span><\/p>\n<p style=\"text-align: justify;\"><span style=\"color: #000000;\">Ambd\u00f3s punts van ser aprovats.<\/span><\/p>\n<p style=\"text-align: justify;\"><span style=\"color: #000000;\">Les sessions de la Junta de Govern Local no s\u00f3n p\u00fabliques per\u00f2 quan s\u2019actua amb compet\u00e8ncies delegades del Ple, la sessi\u00f3 se sotmet als mateixos requisits de publicitat que les sessions del Ple, que s\u00ed que s\u00f3n p\u00fabliques. Aix\u00ed ho va declarar la STS 161\/2013, de 26 de setembre.<\/span><\/p>\n<p style=\"text-align: justify;\"><span style=\"color: #000000;\">Tenint en compte les mesures preses per evitar la propagaci\u00f3 de la COVID-19, aquests punts de l\u2019ordre del dia de la Junta de Govern Local no s&#8217;han votat amb p\u00fablic, sin\u00f3 que s&#8217;han gravat en v\u00eddeo i ara el publiquem per poder garantir aix\u00ed la seva publicitat.<\/span><\/p>\n<p style=\"text-align: justify;\"><span style=\"color: #000000;\">Per tot plegat, els regidors i regidores de l\u2019oposici\u00f3 -que no formem part de la Junta de Govern local- van rebre la informaci\u00f3 sobre les\u00a0dues propostes a la seva b\u00fastia de correu electr\u00f2nic la setmana passada.\u00a0Tres regidors de l\u2019oposici\u00f3: Daniel Caballero (PSC), Jos\u00e9 Mar\u00cda Cuadros (PSC) i Xavier Faura (Units-FIC) van sol\u00b7licitar \u2013el passat divendres- ser presents a la Junta de Govern, tenint en compte que s\u2019hi votaven aquests punts. Es va acceptar la petici\u00f3 d\u2019estar presents durant el tractament i la votaci\u00f3 dels punts amb compet\u00e8ncies del Ple i se li va comunicar tamb\u00e9 a les regidores Maguy Antol\u00edn (Ara la Bisbal) i S\u00edlvia Monfort (ERC-AM). Finalment, van assistir a la Junta de Govern els dos regidors del PSC.<\/span><\/p>\n<p style=\"text-align: justify;\"><span style=\"color: #000000;\">Enlla\u00e7 al v\u00eddeo:\u00a0<a href=\"https:\/\/youtu.be\/ZvsJWRuBrio\" target=\"_blank\">https:\/\/youtu.be\/ZvsJWRuBrio<\/a><\/span><\/p>\n<hr \/>\n<p style=\"text-align: justify;\"><span style=\"color: #000000;\"><strong>CASTELLANO |<\/strong> La Junta de Gobierno del lunes 15 de diciembre inclu\u00eda dos puntos con Competencias Delegadas del Pleno:<\/span><\/p>\n<p style=\"padding-left: 30px; text-align: justify;\"><span style=\"color: #000000;\">-Licitaci\u00f3n del suministro, instalaci\u00f3n y mantenimiento de las c\u00e1maras lectoras de matr\u00edculas.<\/span><\/p>\n<p style=\"padding-left: 30px; text-align: justify;\"><span style=\"color: #000000;\">-Contrataci\u00f3n de las obras correspondientes a las fases 1.1. y 1.2 del proyecto de remodelaci\u00f3n del pabell\u00f3n polideportivo municipal.<\/span><\/p>\n<p style=\"text-align: justify;\"><span style=\"color: #000000;\">Ambos puntos fueron aprobados.<\/span><\/p>\n<p style=\"text-align: justify;\"><span style=\"color: #000000;\">Las sesiones de la Junta de Gobierno Local no son p\u00fablicas, pero cuando se act\u00faa con competencias delegadas del Pleno, la sesi\u00f3n se somete a los mismos requisitos de publicidad que las sesiones del Pleno, que s\u00ed son p\u00fablicas. As\u00ed lo declar\u00f3 la STS 161\/2013, de 26 de septiembre.<\/span><\/p>\n<p style=\"text-align: justify;\"><span style=\"color: #000000;\">Teniendo en cuenta las medidas tomadas para evitar la propagaci\u00f3n de la COIVD-19, estos puntos del orden del d\u00eda de la Junta de Gobierno Local no se votaron con p\u00fablico, sino que se grabaron en v\u00eddeo y ahora lo publicamos para poder garantizar as\u00ed su publicidad.<\/span><\/p>\n<p style=\"text-align: justify;\"><span style=\"color: #000000;\">Por todo ello, los concejales y concejalas de la oposici\u00f3n -que no forman parte de la Junta de Gobierno Local- recibieron la informaci\u00f3n sobre las\u00a0dos propuestas en su buz\u00f3n de correo electr\u00f3nico la semana pasada.\u00a0Tres concejales de la oposici\u00f3n: Daniel Caballero (PSC), Jos\u00e9 Mar\u00eda Cuadros (PSC) y Xavier Faura (Units-FIC) solicitaron \u2013el pasado viernes- estar presentes en la Junta de Gobierno, teniendo en cuenta que se votaban estos puntos.<\/span><\/p>\n<p style=\"text-align: justify;\"><span style=\"color: #000000;\">Se acept\u00f3 la petici\u00f3n de estar presentes durante el tratamiento y la votaci\u00f3n de los puntos con competencias del Pleno y se le comunic\u00f3 tambi\u00e9n a las concejalas Maguy Antol\u00edn (Ara la Bisbal) y Silvia Monfort (ERC-AM). Finalmente asistieron a la Junta de Gobierno los dos concejales del PSC.<\/span><\/p>\n<p style=\"text-align: justify;\"><span style=\"color: #000000;\">Enlace al v\u00eddeo:\u00a0<a href=\"https:\/\/youtu.be\/ZvsJWRuBrio\" target=\"_blank\"><strong>https:\/\/youtu.be\/ZvsJWRuBrio<\/strong><\/a><\/span><\/p>\n","protected":false},"excerpt":{"rendered":"<p>La Junta de Govern del dilluns 15 de desembre inclo\u00efa dos punts amb Compet\u00e8ncies Delegades del Ple: -Licitaci\u00f3 del subministrament, instal\u00b7laci\u00f3 i manteniment de les c\u00e0meres lectores de matr\u00edcules. -Contractaci\u00f3 &hellip; <a href=\"https:\/\/bisbalpenedes.com\/web\/2020\/12\/15\/aquest-dilluns-shan-aprovat-dos-punts-de-la-junta-de-govern-amb-competencies-delegades-del-ple\/\" class=\"more-link\">Read More<\/a><\/p>\n","protected":false},"author":4,"featured_media":15814,"comment_status":"closed","ping_status":"closed","sticky":false,"template":"","format":"standard","meta":[],"categories":[3085,8,2250],"tags":[],"_links":{"self":[{"href":"https:\/\/bisbalpenedes.com\/web\/wp-json\/wp\/v2\/posts\/15813"}],"collection":[{"href":"https:\/\/bisbalpenedes.com\/web\/wp-json\/wp\/v2\/posts"}],"about":[{"href":"https:\/\/bisbalpenedes.com\/web\/wp-json\/wp\/v2\/types\/post"}],"author":[{"embeddable":true,"href":"https:\/\/bisbalpenedes.com\/web\/wp-json\/wp\/v2\/users\/4"}],"replies":[{"embeddable":true,"href":"https:\/\/bisbalpenedes.com\/web\/wp-json\/wp\/v2\/comments?post=15813"}],"version-history":[{"count":4,"href":"https:\/\/bisbalpenedes.com\/web\/wp-json\/wp\/v2\/posts\/15813\/revisions"}],"predecessor-version":[{"id":15818,"href":"https:\/\/bisbalpenedes.com\/web\/wp-json\/wp\/v2\/posts\/15813\/revisions\/15818"}],"wp:featuredmedia":[{"embeddable":true,"href":"https:\/\/bisbalpenedes.com\/web\/wp-json\/wp\/v2\/media\/15814"}],"wp:attachment":[{"href":"https:\/\/bisbalpenedes.com\/web\/wp-json\/wp\/v2\/media?parent=15813"}],"wp:term":[{"taxonomy":"category","embeddable":true,"href":"https:\/\/bisbalpenedes.com\/web\/wp-json\/wp\/v2\/categories?post=15813"},{"taxonomy":"post_tag","embeddable":true,"href":"https:\/\/bisbalpenedes.com\/web\/wp-json\/wp\/v2\/tags?post=15813"}],"curies":[{"name":"wp","href":"https:\/\/api.w.org\/{rel}","templated":true}]}}