{"id":15795,"date":"2020-12-15T08:59:01","date_gmt":"2020-12-15T06:59:01","guid":{"rendered":"http:\/\/bisbalpenedes.com\/web\/?p=15795"},"modified":"2020-12-15T08:59:01","modified_gmt":"2020-12-15T06:59:01","slug":"els-reis-dorient-porten-molts-llibres-consulteu-o-visiteu-la-biblioteca-i-les-llibreries","status":"publish","type":"post","link":"https:\/\/bisbalpenedes.com\/web\/2020\/12\/15\/els-reis-dorient-porten-molts-llibres-consulteu-o-visiteu-la-biblioteca-i-les-llibreries\/","title":{"rendered":"Els Reis d&#8217;Orient porten molts llibres! Consulteu o visiteu la biblioteca i les llibreries!"},"content":{"rendered":"<p class=\"p2\" style=\"text-align: justify;\"><a href=\"http:\/\/bisbalpenedes.com\/web\/2020\/12\/15\/els-reis-dorient-porten-molts-llibres-consulteu-o-visiteu-la-biblioteca-i-les-llibreries\/carta-als-reis-biblio\/\" rel=\"attachment wp-att-15797\"><img loading=\"lazy\" class=\"aligncenter size-large wp-image-15797\" src=\"http:\/\/bisbalpenedes.com\/web\/wp-content\/uploads\/2020\/12\/CARTA-ALS-REIS-BIBLIO-1024x727.jpg\" alt=\"CARTA ALS REIS BIBLIO\" width=\"630\" height=\"447\" srcset=\"https:\/\/bisbalpenedes.com\/web\/wp-content\/uploads\/2020\/12\/CARTA-ALS-REIS-BIBLIO-1024x727.jpg 1024w, https:\/\/bisbalpenedes.com\/web\/wp-content\/uploads\/2020\/12\/CARTA-ALS-REIS-BIBLIO-600x426.jpg 600w, https:\/\/bisbalpenedes.com\/web\/wp-content\/uploads\/2020\/12\/CARTA-ALS-REIS-BIBLIO-300x213.jpg 300w, https:\/\/bisbalpenedes.com\/web\/wp-content\/uploads\/2020\/12\/CARTA-ALS-REIS-BIBLIO-768x545.jpg 768w, https:\/\/bisbalpenedes.com\/web\/wp-content\/uploads\/2020\/12\/CARTA-ALS-REIS-BIBLIO.jpg 1747w\" sizes=\"(max-width: 630px) 100vw, 630px\" \/><\/a><\/p>\n<p class=\"p2\" style=\"text-align: justify;\">Com cada any, Ses Majestats els Reis d\u2019Orient han demanat a les biblioteques p\u00fabliques que recomanin als nens i nenes -i a les seves fam\u00edlies- lectures, i que tamb\u00e9 facilitin una carta impresa perqu\u00e8 els infants puguin apuntar-hi quins llibres volen demanar.<\/p>\n<p class=\"p2\" style=\"text-align: justify;\">Per ajudar els infants i les seves fam\u00edlies a decidir quins llibres volen demanar als Reis Mags, el Servei de Biblioteques del Departament de Cultura ha creat una selecci\u00f3 de novetats que trobareu a la biblioteca.<\/p>\n<p class=\"p2\" style=\"text-align: justify;\">Els Reis Mags tamb\u00e9 demanen als nens i nenes que recordin a les seves fam\u00edlies que necessiten que els acompanyin a visitar -durant<\/p>\n<p class=\"p2\" style=\"text-align: justify;\">aquests dies- llibreries i biblioteques. All\u00e0 podran trobar molts t\u00edtols interessants per demanar a la carta als Reis.<\/p>\n<hr \/>\n<p class=\"p2\" style=\"text-align: justify;\"><strong>CASTELLANO |<\/strong> Como cada a\u00f1o, Sus Majestades los Reyes de Oriente han pedido a las bibliotecas p\u00fablicas que recomienden a los ni\u00f1os y ni\u00f1as -y a sus familias- lecturas, y que tambi\u00e9n faciliten una carta impresa para que los ni\u00f1os puedan apuntar en ella qu\u00e9 libros quieren pedir.<\/p>\n<p class=\"p2\" style=\"text-align: justify;\">Para ayudar a los ni\u00f1os y ni\u00f1as y sus familias a decidir qu\u00e9 libros quieren pedir a los Reyes Magos, el Servicio de Bibliotecas del Departamento de Cultura ha creado una selecci\u00f3n de novedades que encontrar\u00e9is en la biblioteca.<\/p>\n<p class=\"p2\" style=\"text-align: justify;\">Los Reyes Magos tambi\u00e9n piden a los ni\u00f1os y ni\u00f1as que recuerden a sus familias que necesitan que los acompa\u00f1en a visitar -durante estos d\u00edas- librer\u00edas y bibliotecas. All\u00ed podr\u00e1n encontrar muchos t\u00edtulos interesantes para pedir en la carta a los Reyes.<\/p>\n","protected":false},"excerpt":{"rendered":"<p>Com cada any, Ses Majestats els Reis d\u2019Orient han demanat a les biblioteques p\u00fabliques que recomanin als nens i nenes -i a les seves fam\u00edlies- lectures, i que tamb\u00e9 facilitin &hellip; <a href=\"https:\/\/bisbalpenedes.com\/web\/2020\/12\/15\/els-reis-dorient-porten-molts-llibres-consulteu-o-visiteu-la-biblioteca-i-les-llibreries\/\" class=\"more-link\">Read More<\/a><\/p>\n","protected":false},"author":4,"featured_media":15797,"comment_status":"closed","ping_status":"closed","sticky":false,"template":"","format":"standard","meta":[],"categories":[13,8],"tags":[2697,148,1084,984],"_links":{"self":[{"href":"https:\/\/bisbalpenedes.com\/web\/wp-json\/wp\/v2\/posts\/15795"}],"collection":[{"href":"https:\/\/bisbalpenedes.com\/web\/wp-json\/wp\/v2\/posts"}],"about":[{"href":"https:\/\/bisbalpenedes.com\/web\/wp-json\/wp\/v2\/types\/post"}],"author":[{"embeddable":true,"href":"https:\/\/bisbalpenedes.com\/web\/wp-json\/wp\/v2\/users\/4"}],"replies":[{"embeddable":true,"href":"https:\/\/bisbalpenedes.com\/web\/wp-json\/wp\/v2\/comments?post=15795"}],"version-history":[{"count":3,"href":"https:\/\/bisbalpenedes.com\/web\/wp-json\/wp\/v2\/posts\/15795\/revisions"}],"predecessor-version":[{"id":15799,"href":"https:\/\/bisbalpenedes.com\/web\/wp-json\/wp\/v2\/posts\/15795\/revisions\/15799"}],"wp:featuredmedia":[{"embeddable":true,"href":"https:\/\/bisbalpenedes.com\/web\/wp-json\/wp\/v2\/media\/15797"}],"wp:attachment":[{"href":"https:\/\/bisbalpenedes.com\/web\/wp-json\/wp\/v2\/media?parent=15795"}],"wp:term":[{"taxonomy":"category","embeddable":true,"href":"https:\/\/bisbalpenedes.com\/web\/wp-json\/wp\/v2\/categories?post=15795"},{"taxonomy":"post_tag","embeddable":true,"href":"https:\/\/bisbalpenedes.com\/web\/wp-json\/wp\/v2\/tags?post=15795"}],"curies":[{"name":"wp","href":"https:\/\/api.w.org\/{rel}","templated":true}]}}