{"id":1579,"date":"2016-04-12T18:14:24","date_gmt":"2016-04-12T12:14:24","guid":{"rendered":"http:\/\/bisbalpenedes.com\/web\/?p=1579"},"modified":"2016-04-12T18:14:24","modified_gmt":"2016-04-12T12:14:24","slug":"presentacio-del-llibre-el-cami-ral-de-vilafranca-a-montblanc","status":"publish","type":"post","link":"https:\/\/bisbalpenedes.com\/web\/2016\/04\/12\/presentacio-del-llibre-el-cami-ral-de-vilafranca-a-montblanc\/","title":{"rendered":"Presentaci\u00f3 del llibre: &#8220;El Cam\u00ed ral de Vilafranca a Montblanc&#8221;"},"content":{"rendered":"<p>Aquest diumenge 17 els Senderistes Bisbalencs, juntament amb l&#8217;Instintut d&#8217;Estudis Penedesencs i l&#8217;Ajuntament de la Bisbal organitzen una caminada a Santa Cristina per a la presentaci\u00f3 del llibre: &#8220;El Cam\u00ed ral de Vilafranca a Montblanc&#8221;<\/p>\n<p>Ens trobarem a tres quarts de 9 del mat\u00ed a l&#8217;aparcament de l&#8217;era de batre, al costat del consultori m\u00e8dic, accedint per l&#8217;antiga carretera de la Joncosa. Ens dirigirem a la masia de cal Llagostera, amb cotxes, i d\u2019all\u00e0 iniciarem el passeig pel Cam\u00ed ral, passant per la masia ca l&#8217;Arbocet fins al coll de Santa Cristina, on esmorzarem i farem la presentaci\u00f3 del llibre, a c\u00e0rrec dels autors, Joan Anton Ventura, Casimir Pla i Miquel Vives. Seguirem un tros m\u00e9s fins a cal Caballut i retornarem cap a la Bisbal del Pened\u00e8s. Cal portar un bon cal\u00e7at i beure, esmorzarem coca i cava.++<\/p>\n<p><a href=\"http:\/\/bisbalpenedes.com\/web\/wp-content\/uploads\/2016\/04\/cami-ral-2016-2.jpg\"><img loading=\"lazy\" src=\"http:\/\/bisbalpenedes.com\/web\/wp-content\/uploads\/2016\/04\/cami-ral-2016-2-723x1024.jpg\" alt=\"\" title=\"cami-ral-2016-2\" width=\"630\" height=\"892\" class=\"alignleft size-large wp-image-1580\" srcset=\"https:\/\/bisbalpenedes.com\/web\/wp-content\/uploads\/2016\/04\/cami-ral-2016-2-723x1024.jpg 723w, https:\/\/bisbalpenedes.com\/web\/wp-content\/uploads\/2016\/04\/cami-ral-2016-2-600x849.jpg 600w, https:\/\/bisbalpenedes.com\/web\/wp-content\/uploads\/2016\/04\/cami-ral-2016-2-212x300.jpg 212w, https:\/\/bisbalpenedes.com\/web\/wp-content\/uploads\/2016\/04\/cami-ral-2016-2.jpg 1169w\" sizes=\"(max-width: 630px) 100vw, 630px\" \/><\/a><\/p>\n","protected":false},"excerpt":{"rendered":"<p>Aquest diumenge 17 els Senderistes Bisbalencs, juntament amb l&#8217;Instintut d&#8217;Estudis Penedesencs i l&#8217;Ajuntament de la Bisbal organitzen una caminada a Santa Cristina per a la presentaci\u00f3 del llibre: &#8220;El Cam\u00ed &hellip; <a href=\"https:\/\/bisbalpenedes.com\/web\/2016\/04\/12\/presentacio-del-llibre-el-cami-ral-de-vilafranca-a-montblanc\/\" class=\"more-link\">Read More<\/a><\/p>\n","protected":false},"author":1,"featured_media":1580,"comment_status":"closed","ping_status":"closed","sticky":false,"template":"","format":"standard","meta":[],"categories":[13],"tags":[175],"_links":{"self":[{"href":"https:\/\/bisbalpenedes.com\/web\/wp-json\/wp\/v2\/posts\/1579"}],"collection":[{"href":"https:\/\/bisbalpenedes.com\/web\/wp-json\/wp\/v2\/posts"}],"about":[{"href":"https:\/\/bisbalpenedes.com\/web\/wp-json\/wp\/v2\/types\/post"}],"author":[{"embeddable":true,"href":"https:\/\/bisbalpenedes.com\/web\/wp-json\/wp\/v2\/users\/1"}],"replies":[{"embeddable":true,"href":"https:\/\/bisbalpenedes.com\/web\/wp-json\/wp\/v2\/comments?post=1579"}],"version-history":[{"count":1,"href":"https:\/\/bisbalpenedes.com\/web\/wp-json\/wp\/v2\/posts\/1579\/revisions"}],"predecessor-version":[{"id":1581,"href":"https:\/\/bisbalpenedes.com\/web\/wp-json\/wp\/v2\/posts\/1579\/revisions\/1581"}],"wp:featuredmedia":[{"embeddable":true,"href":"https:\/\/bisbalpenedes.com\/web\/wp-json\/wp\/v2\/media\/1580"}],"wp:attachment":[{"href":"https:\/\/bisbalpenedes.com\/web\/wp-json\/wp\/v2\/media?parent=1579"}],"wp:term":[{"taxonomy":"category","embeddable":true,"href":"https:\/\/bisbalpenedes.com\/web\/wp-json\/wp\/v2\/categories?post=1579"},{"taxonomy":"post_tag","embeddable":true,"href":"https:\/\/bisbalpenedes.com\/web\/wp-json\/wp\/v2\/tags?post=1579"}],"curies":[{"name":"wp","href":"https:\/\/api.w.org\/{rel}","templated":true}]}}