{"id":15788,"date":"2020-12-14T12:13:47","date_gmt":"2020-12-14T10:13:47","guid":{"rendered":"http:\/\/bisbalpenedes.com\/web\/?p=15788"},"modified":"2020-12-14T12:13:47","modified_gmt":"2020-12-14T10:13:47","slug":"sinicia-lexpedient-de-contractacio-de-les-obres-denderroc-de-la-masia-de-la-miralba","status":"publish","type":"post","link":"https:\/\/bisbalpenedes.com\/web\/2020\/12\/14\/sinicia-lexpedient-de-contractacio-de-les-obres-denderroc-de-la-masia-de-la-miralba\/","title":{"rendered":"S\u2019inicia l\u2019expedient de contractaci\u00f3 de les obres d\u2019enderroc de la masia de la Miralba"},"content":{"rendered":"<p><a href=\"http:\/\/bisbalpenedes.com\/web\/2020\/10\/01\/sha-aprovat-inicialment-el-projecte-denderroc-de-la-masia-de-la-miralba\/img_7763-2\/\" rel=\"attachment wp-att-14776\"><img loading=\"lazy\" class=\"aligncenter size-large wp-image-14776\" src=\"http:\/\/bisbalpenedes.com\/web\/wp-content\/uploads\/2020\/09\/IMG_7763-1024x768.jpg\" alt=\"MASIA LA MIRALBA\" width=\"630\" height=\"473\" srcset=\"https:\/\/bisbalpenedes.com\/web\/wp-content\/uploads\/2020\/09\/IMG_7763-1024x768.jpg 1024w, https:\/\/bisbalpenedes.com\/web\/wp-content\/uploads\/2020\/09\/IMG_7763-600x450.jpg 600w, https:\/\/bisbalpenedes.com\/web\/wp-content\/uploads\/2020\/09\/IMG_7763-300x225.jpg 300w, https:\/\/bisbalpenedes.com\/web\/wp-content\/uploads\/2020\/09\/IMG_7763-768x576.jpg 768w, https:\/\/bisbalpenedes.com\/web\/wp-content\/uploads\/2020\/09\/IMG_7763.jpg 2016w\" sizes=\"(max-width: 630px) 100vw, 630px\" \/><\/a><a href=\"http:\/\/bisbalpenedes.com\/web\/2018\/11\/15\/lajuntament-adequara-un-terreny-dequipaments-al-costat-del-local-social-que-sesta-construint-a-la-miralba\/2018-11-12-14-12-02\/\" rel=\"attachment wp-att-7826\"><br \/>\n<\/a><\/p>\n<p><span style=\"color: #000000;\">El passat dijous 10 de desembre l\u2019alcaldessa de la Bisbal del Pened\u00e8s, Agn\u00e8s Ferr\u00e9, va signar un Decret d\u2019alcaldia per aprovar iniciar l\u2019expedient de contractaci\u00f3 de les obres d\u2019enderroc de la masia de La Miralba mitjan\u00e7ant contracte menor d\u2019obres, amb un cost de 17.830,93\u20ac (IVA incl\u00f2s).<\/span><\/p>\n<p style=\"text-align: justify;\"><span style=\"color: #000000;\">S\u2019empla\u00e7a a tres empreses a participar en el procediment de contractaci\u00f3 de les obres d\u2019enderroc de la masia de la Miralba i a qu\u00e8 presentin les seves ofertes:<\/span><\/p>\n<ul style=\"text-align: justify;\">\n<li><span style=\"color: #000000;\">Obres i Serveis Roig, SA (empresa adjudicat\u00e0ria de l\u2019enderroc de la fassina)<\/span><\/li>\n<li><span style=\"color: #000000;\">Excavacions Gass\u00f3, SL (empresa que va quedar segona en la licitaci\u00f3 de les obres d\u2019enderroc de la fassina)<\/span><\/li>\n<li><span style=\"color: #000000;\">Excavacions i Transports Rovira, SA (empresa local)<\/span><\/li>\n<\/ul>\n<p style=\"text-align: justify;\"><span style=\"color: #000000;\">El termini per a la presentaci\u00f3 d\u2019ofertes finalitza el divendres 18 de desembre de 2020 a les 15:00 hores. Posteriorment, es valoraran les propostes i s\u2019adjudicar\u00e0 el contracte menor.<\/span><\/p>\n<p style=\"text-align: justify;\"><span style=\"color: #000000;\">El novembre de 2018 es va adjudicar a l\u2019Ajuntament, mitjan\u00e7ant la Junta de Govern, la finca del carrer Gladiol n\u00famero 8 de La Miaralba, despr\u00e9s que no es pogu\u00e9s adjudicar la venda de la finca per subhasta p\u00fablica. Posteriorment, el juny de 2020, la Junta de Govern va aprovar el contracte menor per a la redacci\u00f3 del projecte t\u00e8cnic d\u2019enderroc, la direcci\u00f3 de l\u2019execuci\u00f3 de l\u2019obra i la coordinaci\u00f3 de seguretat i salut de l\u2019enderroc de la masia de La Miralba. Aquest contracte es va aprovar amb Disseny i Arquitectura Taller Pericial SL. per un import de 5.826,15\u20ac (IVA incl\u00f2s). El passat mes de setembre es va aprovar inicialment, tamb\u00e9 per Junta de Govern, el projecte t\u00e8cnic d\u2019enderroc de la masia de la Miralba i es va exposar al p\u00fablic durant 30 dies a comptar des de l\u2019endem\u00e0 de la publicaci\u00f3 al Butllet\u00ed Oficial de la Prov\u00edncia de Tarragona (BOPT). Com que aquest novembre el projecte ha quedat aprovat definitivament i no s\u2019han presentat al\u00b7legacions dins del termini establert, ara s\u2019ha iniciat l\u2019expedient de contractaci\u00f3 de les obres d\u2019enderroc de la masia de La Miralba.<\/span><\/p>\n<hr \/>\n<p style=\"text-align: justify;\"><span style=\"color: #000000;\"><strong>CASTELLANO |<\/strong> El pasado jueves 10 de diciembre la alcaldesa de la Bisbal del Pened\u00e8s, Agn\u00e8s Ferr\u00e9, firm\u00f3 un Decreto de alcald\u00eda para aprobar iniciar el expediente de contrataci\u00f3n de las obras de derribo de la mas\u00eda de La Miralba mediante contrato menor de obras, con un coste de 17.830,93\u20ac (IVA incluido).<\/span><\/p>\n<p style=\"text-align: justify;\"><span style=\"color: #000000;\">Se emplaza a tres empresas a participar en el procedimiento de contrataci\u00f3n de las obras de derribo de la mas\u00eda de La Miralba y a que presenten sus ofertas:<\/span><\/p>\n<ul style=\"text-align: justify;\">\n<li><span style=\"color: #000000;\">Obres i Serveis Roig, SA (empresa adjudicataria del derribo de <em>la fassina<\/em>)<\/span><\/li>\n<li><span style=\"color: #000000;\">Excavacions Gass\u00f3, SL (empresa que qued\u00f3 segunda en la licitaci\u00f3n de las obras de derribo de la fassina)<\/span><\/li>\n<li><span style=\"color: #000000;\">Excavacions i Transports Rovira, SA (empresa local)<\/span><\/li>\n<\/ul>\n<p style=\"text-align: justify;\"><span style=\"color: #000000;\">El plazo para la presentaci\u00f3n de ofertas finaliza el viernes 18 de diciembre de 2020 a las 15:00 horas. Posteriormente, se valorar\u00e1n las propuestas y se adjudicar\u00e1 el contrato menor.<\/span><\/p>\n<p style=\"text-align: justify;\"><span style=\"color: #000000;\">En noviembre de 2018 se adjudic\u00f3 al Ayuntamiento, mediante la Junta de Gobierno, la finca de la calle Gladiol n\u00famero 8 de La Miralba, despu\u00e9s de que no se pudiera adjudicar la venta de la finca por subasta p\u00fablica. Posteriormente, en junio de 2020, la Junta de Gobierno aprob\u00f3 el contrato menor para la redacci\u00f3n del proyecto t\u00e9cnico de derribo, la direcci\u00f3n de la ejecuci\u00f3n de la obra y la coordinaci\u00f3n de seguridad y salud del derribo de la mas\u00eda de La Miralba. Este contrato se aprob\u00f3 con Disseny i Arquitectura Taller Pericial SL. por un importe de 5.826,15\u20ac (IVA incluido). El pasado mes de septiembre se aprob\u00f3 inicialmente, tambi\u00e9n por Junta de Gobierno, el proyecto t\u00e9cnico de derribo de la mas\u00eda de La Miralba y se expuso al p\u00fablico durante 30 d\u00edas a contar desde el d\u00eda siguiente de la publicaci\u00f3n en el Bolet\u00edn Oficial de la Provincia de Tarragona (BOPT). Como este noviembre el proyecto ha quedado aprobado definitivamente y no se han presentado alegaciones dentro del plazo establecido, ahora se ha iniciado el expediente de contrataci\u00f3n de las obras de derribo de la mas\u00eda de La Miralba.<\/span><\/p>\n","protected":false},"excerpt":{"rendered":"<p>El passat dijous 10 de desembre l\u2019alcaldessa de la Bisbal del Pened\u00e8s, Agn\u00e8s Ferr\u00e9, va signar un Decret d\u2019alcaldia per aprovar iniciar l\u2019expedient de contractaci\u00f3 de les obres d\u2019enderroc de &hellip; <a href=\"https:\/\/bisbalpenedes.com\/web\/2020\/12\/14\/sinicia-lexpedient-de-contractacio-de-les-obres-denderroc-de-la-masia-de-la-miralba\/\" class=\"more-link\">Read More<\/a><\/p>\n","protected":false},"author":4,"featured_media":13789,"comment_status":"closed","ping_status":"closed","sticky":false,"template":"","format":"standard","meta":[],"categories":[2057,8,15],"tags":[3883,246,3882],"_links":{"self":[{"href":"https:\/\/bisbalpenedes.com\/web\/wp-json\/wp\/v2\/posts\/15788"}],"collection":[{"href":"https:\/\/bisbalpenedes.com\/web\/wp-json\/wp\/v2\/posts"}],"about":[{"href":"https:\/\/bisbalpenedes.com\/web\/wp-json\/wp\/v2\/types\/post"}],"author":[{"embeddable":true,"href":"https:\/\/bisbalpenedes.com\/web\/wp-json\/wp\/v2\/users\/4"}],"replies":[{"embeddable":true,"href":"https:\/\/bisbalpenedes.com\/web\/wp-json\/wp\/v2\/comments?post=15788"}],"version-history":[{"count":1,"href":"https:\/\/bisbalpenedes.com\/web\/wp-json\/wp\/v2\/posts\/15788\/revisions"}],"predecessor-version":[{"id":15789,"href":"https:\/\/bisbalpenedes.com\/web\/wp-json\/wp\/v2\/posts\/15788\/revisions\/15789"}],"wp:featuredmedia":[{"embeddable":true,"href":"https:\/\/bisbalpenedes.com\/web\/wp-json\/wp\/v2\/media\/13789"}],"wp:attachment":[{"href":"https:\/\/bisbalpenedes.com\/web\/wp-json\/wp\/v2\/media?parent=15788"}],"wp:term":[{"taxonomy":"category","embeddable":true,"href":"https:\/\/bisbalpenedes.com\/web\/wp-json\/wp\/v2\/categories?post=15788"},{"taxonomy":"post_tag","embeddable":true,"href":"https:\/\/bisbalpenedes.com\/web\/wp-json\/wp\/v2\/tags?post=15788"}],"curies":[{"name":"wp","href":"https:\/\/api.w.org\/{rel}","templated":true}]}}