{"id":15775,"date":"2020-12-12T19:14:07","date_gmt":"2020-12-12T17:14:07","guid":{"rendered":"http:\/\/bisbalpenedes.com\/web\/?p=15775"},"modified":"2020-12-12T19:14:48","modified_gmt":"2020-12-12T17:14:48","slug":"a-partir-del-dilluns-14-de-desembre-es-flexibilitzen-algunes-mesures-del-tram-1","status":"publish","type":"post","link":"https:\/\/bisbalpenedes.com\/web\/2020\/12\/12\/a-partir-del-dilluns-14-de-desembre-es-flexibilitzen-algunes-mesures-del-tram-1\/","title":{"rendered":"A partir del dilluns 14 de desembre es flexibilitzen algunes mesures del tram 1"},"content":{"rendered":"<p><span style=\"color: #000000;\"><a href=\"http:\/\/bisbalpenedes.com\/web\/2020\/12\/12\/a-partir-del-dilluns-14-de-desembre-es-flexibilitzen-algunes-mesures-del-tram-1\/41230fa9-bcba-4dd9-818b-6ba5190b5ae9\/\" rel=\"attachment wp-att-15777\"><img loading=\"lazy\" class=\"aligncenter size-large wp-image-15777\" src=\"http:\/\/bisbalpenedes.com\/web\/wp-content\/uploads\/2020\/12\/41230FA9-BCBA-4DD9-818B-6BA5190B5AE9-1024x576.jpeg\" alt=\"41230FA9-BCBA-4DD9-818B-6BA5190B5AE9\" width=\"630\" height=\"354\" srcset=\"https:\/\/bisbalpenedes.com\/web\/wp-content\/uploads\/2020\/12\/41230FA9-BCBA-4DD9-818B-6BA5190B5AE9-1024x576.jpeg 1024w, https:\/\/bisbalpenedes.com\/web\/wp-content\/uploads\/2020\/12\/41230FA9-BCBA-4DD9-818B-6BA5190B5AE9-600x338.jpeg 600w, https:\/\/bisbalpenedes.com\/web\/wp-content\/uploads\/2020\/12\/41230FA9-BCBA-4DD9-818B-6BA5190B5AE9-300x169.jpeg 300w, https:\/\/bisbalpenedes.com\/web\/wp-content\/uploads\/2020\/12\/41230FA9-BCBA-4DD9-818B-6BA5190B5AE9-768x432.jpeg 768w, https:\/\/bisbalpenedes.com\/web\/wp-content\/uploads\/2020\/12\/41230FA9-BCBA-4DD9-818B-6BA5190B5AE9.jpeg 1200w\" sizes=\"(max-width: 630px) 100vw, 630px\" \/><\/a><br \/>\nJa s&#8217;ha publicat al DOGC la resoluci\u00f3 que flexibilitza algunes mesures del tram 1 a partir de dilluns 14 de desembre.<\/span><\/p>\n<p><span style=\"color: #000000;\">M\u00e9s informaci\u00f3 a:<\/span> <a href=\"http:\/\/web.gencat.cat\/ca\/actualitat\/detall\/Obertura-progressiva-dactivitats\" target=\"_blank\">http:\/\/web.gencat.cat\/ca\/actualitat\/detall\/Obertura-progressiva-dactivitats<\/a><\/p>\n<p><span style=\"color: #000000;\">La resta de restriccions es mantenen:<\/span> <a href=\"https:\/\/web.gencat.cat\/ca\/activem\/restriccions-territorials\/catalunya\/\" target=\"_blank\">https:\/\/web.gencat.cat\/ca\/activem\/restriccions-territorials\/catalunya\/<\/a><\/p>\n<hr \/>\n<p><span style=\"color: #000000;\">Ya se ha publicado en el DOGC la resoluci\u00f3n que flexibiliza algunas medidas del tramo 1 a partir del lunes 14 de diciembre.<\/span><\/p>\n<p><span style=\"color: #000000;\">M\u00e1s informaci\u00f3n en: <a href=\"http:\/\/web.gencat.cat\/ca\/actualitat\/detall\/Obertura-progressiva-dactivitats\" target=\"_blank\">http:\/\/web.gencat.cat\/ca\/actualitat\/detall\/Obertura-progressiva-dactivitats<\/a><\/span><\/p>\n<p><span style=\"color: #000000;\">El resto de restricciones se mantienen: <a href=\"https:\/\/web.gencat.cat\/ca\/activem\/restriccions-territorials\/catalunya\/\" target=\"_blank\">https:\/\/web.gencat.cat\/ca\/activem\/restriccions-territorials\/catalunya\/<\/a><\/span><\/p>\n","protected":false},"excerpt":{"rendered":"<p>Ja s&#8217;ha publicat al DOGC la resoluci\u00f3 que flexibilitza algunes mesures del tram 1 a partir de dilluns 14 de desembre. M\u00e9s informaci\u00f3 a: http:\/\/web.gencat.cat\/ca\/actualitat\/detall\/Obertura-progressiva-dactivitats La resta de restriccions es &hellip; <a href=\"https:\/\/bisbalpenedes.com\/web\/2020\/12\/12\/a-partir-del-dilluns-14-de-desembre-es-flexibilitzen-algunes-mesures-del-tram-1\/\" class=\"more-link\">Read More<\/a><\/p>\n","protected":false},"author":4,"featured_media":15777,"comment_status":"closed","ping_status":"closed","sticky":false,"template":"","format":"standard","meta":[],"categories":[8,2797],"tags":[3550,3559,82,3664,28],"_links":{"self":[{"href":"https:\/\/bisbalpenedes.com\/web\/wp-json\/wp\/v2\/posts\/15775"}],"collection":[{"href":"https:\/\/bisbalpenedes.com\/web\/wp-json\/wp\/v2\/posts"}],"about":[{"href":"https:\/\/bisbalpenedes.com\/web\/wp-json\/wp\/v2\/types\/post"}],"author":[{"embeddable":true,"href":"https:\/\/bisbalpenedes.com\/web\/wp-json\/wp\/v2\/users\/4"}],"replies":[{"embeddable":true,"href":"https:\/\/bisbalpenedes.com\/web\/wp-json\/wp\/v2\/comments?post=15775"}],"version-history":[{"count":3,"href":"https:\/\/bisbalpenedes.com\/web\/wp-json\/wp\/v2\/posts\/15775\/revisions"}],"predecessor-version":[{"id":15779,"href":"https:\/\/bisbalpenedes.com\/web\/wp-json\/wp\/v2\/posts\/15775\/revisions\/15779"}],"wp:featuredmedia":[{"embeddable":true,"href":"https:\/\/bisbalpenedes.com\/web\/wp-json\/wp\/v2\/media\/15777"}],"wp:attachment":[{"href":"https:\/\/bisbalpenedes.com\/web\/wp-json\/wp\/v2\/media?parent=15775"}],"wp:term":[{"taxonomy":"category","embeddable":true,"href":"https:\/\/bisbalpenedes.com\/web\/wp-json\/wp\/v2\/categories?post=15775"},{"taxonomy":"post_tag","embeddable":true,"href":"https:\/\/bisbalpenedes.com\/web\/wp-json\/wp\/v2\/tags?post=15775"}],"curies":[{"name":"wp","href":"https:\/\/api.w.org\/{rel}","templated":true}]}}