{"id":15769,"date":"2020-12-11T21:09:57","date_gmt":"2020-12-11T19:09:57","guid":{"rendered":"http:\/\/bisbalpenedes.com\/web\/?p=15769"},"modified":"2020-12-11T21:09:58","modified_gmt":"2020-12-11T19:09:58","slug":"avis-per-vent-per-al-divendres-11-i-el-dissabte-12-de-desembre-de-2020","status":"publish","type":"post","link":"https:\/\/bisbalpenedes.com\/web\/2020\/12\/11\/avis-per-vent-per-al-divendres-11-i-el-dissabte-12-de-desembre-de-2020\/","title":{"rendered":"Av\u00eds per vent per al divendres 11 i el dissabte 12 de desembre de 2020"},"content":{"rendered":"<div class=\"\" data-block=\"true\" data-editor=\"6ncnn\" data-offset-key=\"5lt6p-0-0\">\n<div class=\"_1mf _1mj\" style=\"text-align: justify;\" data-offset-key=\"5lt6p-0-0\"><span style=\"color: #000000;\" data-offset-key=\"5lt6p-0-0\"><span data-text=\"true\">El Servei Meteorol\u00f2gic de Catalunya ha em\u00e8s un av\u00eds per vent per aquesta nit i dem\u00e0, durant tot el dia. Extremeu les precaucions.<\/span><\/span><\/div>\n<\/div>\n<div class=\"\" style=\"text-align: justify;\" data-block=\"true\" data-editor=\"6ncnn\" data-offset-key=\"3m2hl-0-0\">\n<div class=\"_1mf _1mj\" data-offset-key=\"3m2hl-0-0\"><span style=\"color: #000000;\" data-offset-key=\"3m2hl-0-0\">\u00a0<\/span><\/div>\n<\/div>\n<div class=\"\" style=\"text-align: justify;\" data-block=\"true\" data-editor=\"6ncnn\" data-offset-key=\"f58u-0-0\">\n<div class=\"_1mf _1mj\" data-offset-key=\"f58u-0-0\">\n<hr \/>\n<p><span style=\"color: #000000;\" data-offset-key=\"f58u-0-0\"><span data-text=\"true\"><br \/>\n<\/span><\/span><\/div>\n<\/div>\n<div class=\"\" data-block=\"true\" data-editor=\"6ncnn\" data-offset-key=\"42p3k-0-0\">\n<div class=\"_1mf _1mj\" style=\"text-align: justify;\" data-offset-key=\"42p3k-0-0\"><span style=\"color: #000000;\">El Servicio Meteorol\u00f3gico de Catalunya ha emitido un aviso por viento para esta noche y ma\u00f1ana, durante todo el d\u00eda. Extremad las precauciones.<\/span><\/div>\n<div class=\"_1mf _1mj\" style=\"text-align: justify;\" data-offset-key=\"42p3k-0-0\"><\/div>\n<\/div>\n<div class=\"_1mf _1mj\" style=\"text-align: justify;\" data-offset-key=\"42p3k-0-0\"><a href=\"http:\/\/bisbalpenedes.com\/web\/2020\/12\/11\/avis-per-vent-per-al-divendres-11-i-el-dissabte-12-de-desembre-de-2020\/avis-vent-dissabte-12-desembre\/\" rel=\"attachment wp-att-15771\"><br \/>\n<\/a> <a href=\"http:\/\/bisbalpenedes.com\/web\/2020\/12\/11\/avis-per-vent-per-al-divendres-11-i-el-dissabte-12-de-desembre-de-2020\/avis-vent-divendres-11-desembre-2020\/\" rel=\"attachment wp-att-15772\"><img loading=\"lazy\" class=\"aligncenter size-large wp-image-15772\" src=\"http:\/\/bisbalpenedes.com\/web\/wp-content\/uploads\/2020\/12\/AVIS-VENT-DIVENDRES-11-DESEMBRE-2020-768x1024.jpeg\" alt=\"AVIS VENT DIVENDRES 11 DESEMBRE 2020\" width=\"630\" height=\"840\" srcset=\"https:\/\/bisbalpenedes.com\/web\/wp-content\/uploads\/2020\/12\/AVIS-VENT-DIVENDRES-11-DESEMBRE-2020-768x1024.jpeg 768w, https:\/\/bisbalpenedes.com\/web\/wp-content\/uploads\/2020\/12\/AVIS-VENT-DIVENDRES-11-DESEMBRE-2020-600x800.jpeg 600w, https:\/\/bisbalpenedes.com\/web\/wp-content\/uploads\/2020\/12\/AVIS-VENT-DIVENDRES-11-DESEMBRE-2020-225x300.jpeg 225w, https:\/\/bisbalpenedes.com\/web\/wp-content\/uploads\/2020\/12\/AVIS-VENT-DIVENDRES-11-DESEMBRE-2020.jpeg 1200w\" sizes=\"(max-width: 630px) 100vw, 630px\" \/><\/a><\/div>\n<div class=\"_1mf _1mj\" style=\"text-align: justify;\" data-offset-key=\"42p3k-0-0\"><a href=\"http:\/\/bisbalpenedes.com\/web\/2020\/12\/11\/avis-per-vent-per-al-divendres-11-i-el-dissabte-12-de-desembre-de-2020\/avis-vent-dissabte-12-desembre\/\" rel=\"attachment wp-att-15771\"><img loading=\"lazy\" class=\"aligncenter size-large wp-image-15771\" src=\"http:\/\/bisbalpenedes.com\/web\/wp-content\/uploads\/2020\/12\/AVIS-VENT-DISSABTE-12-DESEMBRE-768x1024.jpeg\" alt=\"AVIS VENT DISSABTE 12 DESEMBRE\" width=\"630\" height=\"840\" srcset=\"https:\/\/bisbalpenedes.com\/web\/wp-content\/uploads\/2020\/12\/AVIS-VENT-DISSABTE-12-DESEMBRE-768x1024.jpeg 768w, https:\/\/bisbalpenedes.com\/web\/wp-content\/uploads\/2020\/12\/AVIS-VENT-DISSABTE-12-DESEMBRE-600x800.jpeg 600w, https:\/\/bisbalpenedes.com\/web\/wp-content\/uploads\/2020\/12\/AVIS-VENT-DISSABTE-12-DESEMBRE-225x300.jpeg 225w, https:\/\/bisbalpenedes.com\/web\/wp-content\/uploads\/2020\/12\/AVIS-VENT-DISSABTE-12-DESEMBRE.jpeg 1200w\" sizes=\"(max-width: 630px) 100vw, 630px\" \/><\/a><\/div>\n<div class=\"_1mf _1mj\" style=\"text-align: justify;\" data-offset-key=\"42p3k-0-0\"><\/div>\n<div class=\"\" data-block=\"true\" data-editor=\"6ncnn\" data-offset-key=\"42p3k-0-0\">\n<div class=\"_1mf _1mj\" style=\"text-align: justify;\" data-offset-key=\"42p3k-0-0\"><a href=\"http:\/\/bisbalpenedes.com\/web\/2020\/12\/11\/avis-per-vent-per-al-divendres-11-i-el-dissabte-12-de-desembre-de-2020\/infografies_ventades_tots_page-0002\/\" rel=\"attachment wp-att-15770\"><img loading=\"lazy\" class=\"aligncenter size-large wp-image-15770\" src=\"http:\/\/bisbalpenedes.com\/web\/wp-content\/uploads\/2020\/12\/infografies_ventades_TOTS_page-0002-1024x1024.jpg\" alt=\"infografies_ventades_TOTS_page-0002\" width=\"630\" height=\"630\" srcset=\"https:\/\/bisbalpenedes.com\/web\/wp-content\/uploads\/2020\/12\/infografies_ventades_TOTS_page-0002-1024x1024.jpg 1024w, https:\/\/bisbalpenedes.com\/web\/wp-content\/uploads\/2020\/12\/infografies_ventades_TOTS_page-0002-300x300.jpg 300w, https:\/\/bisbalpenedes.com\/web\/wp-content\/uploads\/2020\/12\/infografies_ventades_TOTS_page-0002-100x100.jpg 100w, https:\/\/bisbalpenedes.com\/web\/wp-content\/uploads\/2020\/12\/infografies_ventades_TOTS_page-0002-600x600.jpg 600w, https:\/\/bisbalpenedes.com\/web\/wp-content\/uploads\/2020\/12\/infografies_ventades_TOTS_page-0002-150x150.jpg 150w, https:\/\/bisbalpenedes.com\/web\/wp-content\/uploads\/2020\/12\/infografies_ventades_TOTS_page-0002-768x768.jpg 768w, https:\/\/bisbalpenedes.com\/web\/wp-content\/uploads\/2020\/12\/infografies_ventades_TOTS_page-0002.jpg 1250w\" sizes=\"(max-width: 630px) 100vw, 630px\" \/><\/a><\/div>\n<\/div>\n<div class=\"\" data-block=\"true\" data-editor=\"6ncnn\" data-offset-key=\"f29o5-0-0\"><\/div>\n<div class=\"\" data-block=\"true\" data-editor=\"6ncnn\" data-offset-key=\"5u1f2-0-0\"><\/div>\n","protected":false},"excerpt":{"rendered":"<p>El Servei Meteorol\u00f2gic de Catalunya ha em\u00e8s un av\u00eds per vent per aquesta nit i dem\u00e0, durant tot el dia. Extremeu les precaucions. \u00a0 El Servicio Meteorol\u00f3gico de Catalunya ha &hellip; <a href=\"https:\/\/bisbalpenedes.com\/web\/2020\/12\/11\/avis-per-vent-per-al-divendres-11-i-el-dissabte-12-de-desembre-de-2020\/\" class=\"more-link\">Read More<\/a><\/p>\n","protected":false},"author":4,"featured_media":15770,"comment_status":"closed","ping_status":"closed","sticky":false,"template":"","format":"standard","meta":[],"categories":[1628,2543,8],"tags":[3566,1188,1187,3362],"_links":{"self":[{"href":"https:\/\/bisbalpenedes.com\/web\/wp-json\/wp\/v2\/posts\/15769"}],"collection":[{"href":"https:\/\/bisbalpenedes.com\/web\/wp-json\/wp\/v2\/posts"}],"about":[{"href":"https:\/\/bisbalpenedes.com\/web\/wp-json\/wp\/v2\/types\/post"}],"author":[{"embeddable":true,"href":"https:\/\/bisbalpenedes.com\/web\/wp-json\/wp\/v2\/users\/4"}],"replies":[{"embeddable":true,"href":"https:\/\/bisbalpenedes.com\/web\/wp-json\/wp\/v2\/comments?post=15769"}],"version-history":[{"count":2,"href":"https:\/\/bisbalpenedes.com\/web\/wp-json\/wp\/v2\/posts\/15769\/revisions"}],"predecessor-version":[{"id":15774,"href":"https:\/\/bisbalpenedes.com\/web\/wp-json\/wp\/v2\/posts\/15769\/revisions\/15774"}],"wp:featuredmedia":[{"embeddable":true,"href":"https:\/\/bisbalpenedes.com\/web\/wp-json\/wp\/v2\/media\/15770"}],"wp:attachment":[{"href":"https:\/\/bisbalpenedes.com\/web\/wp-json\/wp\/v2\/media?parent=15769"}],"wp:term":[{"taxonomy":"category","embeddable":true,"href":"https:\/\/bisbalpenedes.com\/web\/wp-json\/wp\/v2\/categories?post=15769"},{"taxonomy":"post_tag","embeddable":true,"href":"https:\/\/bisbalpenedes.com\/web\/wp-json\/wp\/v2\/tags?post=15769"}],"curies":[{"name":"wp","href":"https:\/\/api.w.org\/{rel}","templated":true}]}}