{"id":15749,"date":"2020-12-10T15:13:05","date_gmt":"2020-12-10T13:13:05","guid":{"rendered":"http:\/\/bisbalpenedes.com\/web\/?p=15749"},"modified":"2020-12-10T15:13:34","modified_gmt":"2020-12-10T13:13:34","slug":"la-regidoria-densenyament-ha-lliurat-els-premis-al-merit-escolar-del-curs-2019-2020-a-5-alumnes-bisbalencs","status":"publish","type":"post","link":"https:\/\/bisbalpenedes.com\/web\/2020\/12\/10\/la-regidoria-densenyament-ha-lliurat-els-premis-al-merit-escolar-del-curs-2019-2020-a-5-alumnes-bisbalencs\/","title":{"rendered":"La Regidoria d\u2019Ensenyament ha lliurat els premis al m\u00e8rit escolar del curs 2019-2020 a 5 alumnes bisbalencs"},"content":{"rendered":"<p style=\"text-align: justify;\"><a href=\"http:\/\/bisbalpenedes.com\/web\/2020\/12\/10\/la-regidoria-densenyament-ha-lliurat-els-premis-al-merit-escolar-del-curs-2019-2020-a-5-alumnes-bisbalencs\/collage-merit-escolar-2019-2020\/\" rel=\"attachment wp-att-15751\"><img loading=\"lazy\" class=\"aligncenter wp-image-15751 size-large\" src=\"http:\/\/bisbalpenedes.com\/web\/wp-content\/uploads\/2020\/12\/COLLAGE-MERIT-ESCOLAR-2019-2020-1024x1024.jpg\" alt=\"COLLAGE MERIT ESCOLAR 2019-2020\" width=\"630\" height=\"630\" srcset=\"https:\/\/bisbalpenedes.com\/web\/wp-content\/uploads\/2020\/12\/COLLAGE-MERIT-ESCOLAR-2019-2020-1024x1024.jpg 1024w, https:\/\/bisbalpenedes.com\/web\/wp-content\/uploads\/2020\/12\/COLLAGE-MERIT-ESCOLAR-2019-2020-300x300.jpg 300w, https:\/\/bisbalpenedes.com\/web\/wp-content\/uploads\/2020\/12\/COLLAGE-MERIT-ESCOLAR-2019-2020-100x100.jpg 100w, https:\/\/bisbalpenedes.com\/web\/wp-content\/uploads\/2020\/12\/COLLAGE-MERIT-ESCOLAR-2019-2020-600x600.jpg 600w, https:\/\/bisbalpenedes.com\/web\/wp-content\/uploads\/2020\/12\/COLLAGE-MERIT-ESCOLAR-2019-2020-150x150.jpg 150w, https:\/\/bisbalpenedes.com\/web\/wp-content\/uploads\/2020\/12\/COLLAGE-MERIT-ESCOLAR-2019-2020-768x768.jpg 768w\" sizes=\"(max-width: 630px) 100vw, 630px\" \/><\/a><\/p>\n<p style=\"text-align: justify;\"><span style=\"color: #000000;\">La Regidoria d\u2019Ensenyament ha lliurat els premis al m\u00e8rit escolar del curs 2019-2020 a 5 alumnes bisbalencs. Enguany, tenim en compte la situaci\u00f3 excepcional que estem vivint a causa de la pand\u00e8mia de COVID-19, no s\u2019ha celebrat un acte conjunt, sin\u00f3 que s\u2019han convocat els guanyadors a l\u2019Ajuntament on han rebut els seus premis.<\/span><\/p>\n<p style=\"text-align: justify;\"><span style=\"color: #000000;\">Els alumnes de l\u2019escola han rebut una tauleta i els de l\u2019institut un ordinador.<\/span><\/p>\n<p style=\"text-align: justify;\"><span style=\"color: #000000;\">Els alumnes que han rebut aquest reconeixement, s\u00f3n:<\/span><\/p>\n<p style=\"padding-left: 30px; text-align: justify;\"><span style=\"color: #000000;\">-Iv\u00e1n Balada de 6\u00e8 de prim\u00e0ria<\/span><\/p>\n<p style=\"padding-left: 30px; text-align: justify;\"><span style=\"color: #000000;\">-Arnau Castell\u00f3 de 6\u00e8 de prim\u00e0ria<\/span><\/p>\n<p style=\"padding-left: 30px; text-align: justify;\"><span style=\"color: #000000;\">-Sara Samper de 6\u00e8 de prim\u00e0ria<\/span><\/p>\n<p style=\"padding-left: 30px; text-align: justify;\"><span style=\"color: #000000;\">-Mary Perucho de 4t d\u2019ESO<\/span><\/p>\n<p style=\"padding-left: 30px; text-align: justify;\"><span style=\"color: #000000;\">-F\u00e0tima Riambau de 2n de BAT<\/span><\/p>\n<p style=\"text-align: justify;\"><span style=\"color: #000000;\">Els premis al m\u00e8rit escolar s\u00f3n un reconeixement a l\u2019esfor\u00e7 dels alumnes.<\/span><\/p>\n<hr \/>\n<p style=\"text-align: justify;\"><span style=\"color: #000000;\"><strong>CASTELLANO |<\/strong> La Concejal\u00eda de Educaci\u00f3n ha entregado los premios al m\u00e9rito escolar del curso 2019-2020 a 5 alumnos bisbalenses. Este a\u00f1o, teniendo en cuenta la situaci\u00f3n excepcional que estamos viviendo a causa de la pandemia de COVID-19, no se ha celebrado un acto conjunto, sino que los ganadores han sido convocados en el Ayuntamiento donde han recibido sus premios.<\/span><br \/>\n<span style=\"color: #000000;\"> Los alumnos de la escuela han recibido una tablet y los del instituto un ordenador.<\/span><br \/>\n<span style=\"color: #000000;\"> Los alumnos que han recibido este reconocimiento, son:<\/span><\/p>\n<p style=\"padding-left: 30px; text-align: justify;\"><span style=\"color: #000000;\">-Iv\u00e1n Balada de 6\u00ba de primaria<\/span><\/p>\n<p style=\"padding-left: 30px; text-align: justify;\"><span style=\"color: #000000;\">-Arnau Castell\u00f3 de 6\u00ba de primaria<\/span><\/p>\n<p style=\"padding-left: 30px; text-align: justify;\"><span style=\"color: #000000;\">-Sara Samper de 6\u00ba de primaria<\/span><\/p>\n<p style=\"padding-left: 30px; text-align: justify;\"><span style=\"color: #000000;\">-Mary Perucho de 4\u00ba de ESO<\/span><\/p>\n<p style=\"padding-left: 30px; text-align: justify;\"><span style=\"color: #000000;\">-F\u00e0tima Riambau de 2\u00ba de BAT<\/span><\/p>\n<p style=\"text-align: justify;\"><span style=\"color: #000000;\">Los premios al m\u00e9rito escolar son un reconocimiento al esfuerzo de los alumnos.<\/span><\/p>\n","protected":false},"excerpt":{"rendered":"<p>La Regidoria d\u2019Ensenyament ha lliurat els premis al m\u00e8rit escolar del curs 2019-2020 a 5 alumnes bisbalencs. Enguany, tenim en compte la situaci\u00f3 excepcional que estem vivint a causa de &hellip; <a href=\"https:\/\/bisbalpenedes.com\/web\/2020\/12\/10\/la-regidoria-densenyament-ha-lliurat-els-premis-al-merit-escolar-del-curs-2019-2020-a-5-alumnes-bisbalencs\/\" class=\"more-link\">Read More<\/a><\/p>\n","protected":false},"author":4,"featured_media":15751,"comment_status":"closed","ping_status":"closed","sticky":false,"template":"","format":"standard","meta":[],"categories":[3456,8],"tags":[355,337,1475,2078],"_links":{"self":[{"href":"https:\/\/bisbalpenedes.com\/web\/wp-json\/wp\/v2\/posts\/15749"}],"collection":[{"href":"https:\/\/bisbalpenedes.com\/web\/wp-json\/wp\/v2\/posts"}],"about":[{"href":"https:\/\/bisbalpenedes.com\/web\/wp-json\/wp\/v2\/types\/post"}],"author":[{"embeddable":true,"href":"https:\/\/bisbalpenedes.com\/web\/wp-json\/wp\/v2\/users\/4"}],"replies":[{"embeddable":true,"href":"https:\/\/bisbalpenedes.com\/web\/wp-json\/wp\/v2\/comments?post=15749"}],"version-history":[{"count":3,"href":"https:\/\/bisbalpenedes.com\/web\/wp-json\/wp\/v2\/posts\/15749\/revisions"}],"predecessor-version":[{"id":15753,"href":"https:\/\/bisbalpenedes.com\/web\/wp-json\/wp\/v2\/posts\/15749\/revisions\/15753"}],"wp:featuredmedia":[{"embeddable":true,"href":"https:\/\/bisbalpenedes.com\/web\/wp-json\/wp\/v2\/media\/15751"}],"wp:attachment":[{"href":"https:\/\/bisbalpenedes.com\/web\/wp-json\/wp\/v2\/media?parent=15749"}],"wp:term":[{"taxonomy":"category","embeddable":true,"href":"https:\/\/bisbalpenedes.com\/web\/wp-json\/wp\/v2\/categories?post=15749"},{"taxonomy":"post_tag","embeddable":true,"href":"https:\/\/bisbalpenedes.com\/web\/wp-json\/wp\/v2\/tags?post=15749"}],"curies":[{"name":"wp","href":"https:\/\/api.w.org\/{rel}","templated":true}]}}