{"id":15694,"date":"2020-12-10T09:14:34","date_gmt":"2020-12-10T07:14:34","guid":{"rendered":"http:\/\/bisbalpenedes.com\/web\/?p=15694"},"modified":"2020-12-10T09:14:34","modified_gmt":"2020-12-10T07:14:34","slug":"mesures-del-procicat-per-a-les-activitats-del-24-de-desembre-al-6-de-gener","status":"publish","type":"post","link":"https:\/\/bisbalpenedes.com\/web\/2020\/12\/10\/mesures-del-procicat-per-a-les-activitats-del-24-de-desembre-al-6-de-gener\/","title":{"rendered":"Mesures del Procicat per a les activitats del 24 de desembre al 6 de gener"},"content":{"rendered":"<p style=\"text-align: justify;\"><span style=\"color: #000000;\">El Pla Territorial de Protecci\u00f3 Civil de Catalunya (Procicat) dels Departaments de Salut i Interior de la Generalitat, ha aprovat el <a style=\"color: #000000;\" href=\"https:\/\/canalsalut.gencat.cat\/ca\/salut-a-z\/c\/coronavirus-2019-ncov\/ciutadania\/pla-obertura-progressiva-activitats\/mesures-especials-festes-nadal\/\">Pla d\u2019adaptaci\u00f3 de l\u2019activitat social de Nadal i canvi d\u2019any a la COVID-19<\/a>. Es tracta d\u2019un pla estrat\u00e8gic per al per\u00edode compr\u00e8s entre els dies 24 de desembre de 2020 i 6 de gener de 2021, i contempla aspectes relacionats amb l\u2019activitat social, la mobilitat, la disposici\u00f3 hor\u00e0ria i activitat comercial, entre d\u2019altres.<\/span><\/p>\n<p style=\"text-align: justify;\"><span style=\"color: #000000;\">El pla recomana que les trobades i reunions socials que es duguin a terme durant aquestes setmanes comportin el nombre m\u00e9s redu\u00eft de persones possible i, en qualsevol cas, estiguin limitades a un nombre m\u00e0xim de 10 persones, entre les quals tamb\u00e9 s\u2019hi han de comptar els infants. A m\u00e9s, s\u2019aconsella que a les reunions no coincideixin persones provinents de m\u00e9s de dues bombolles de conviv\u00e8ncia (\u00e9s a dir, grups de persones m\u00e9s de dos domicilis diferents).<\/span><\/p>\n<p style=\"text-align: justify;\"><span style=\"color: #000000;\">Sempre que sigui possible, es recomana prioritzar les trobades a l\u2019aire lliure, tot i que cal recordar que est\u00e0 prohibit el consum d\u2019aliments o begudes en les trobades a l\u2019espai p\u00fablic. En el cas de trobades en espais tancats, cal garantir una bona ventilaci\u00f3 dels espais compartits, tamb\u00e9 als domicilis durant la trobada (mantenir obertes les finestres, tamb\u00e9 dels lavabos en cas que n\u2019hi hagi). De fet, s\u2019aconsella ventilar abans i despr\u00e9s de la trobada i fer \u00fas constant de la mascareta mentre no s\u2019estigui consumint cap aliment o beguda i seguir les pautes d\u2019higiene de mans. Tamb\u00e9 \u00e9s convenient limitar la durada de les reunions.<\/span><\/p>\n<p style=\"text-align: justify;\"><span style=\"color: #000000;\">El <u>confinament nocturn la nit de Nadal i la nit de Cap d\u2019Any<\/u> es flexibilitzar\u00e0: s\u2019iniciar\u00e0 a les 01.30h dels dies 25 de desembre i 1 de gener. La nit de Reis el confinament nocturn s\u2019endarrerir\u00e0 fins a les 00.00h. La resta de dies el confinament noctur ser\u00e0 de 22h a 06h.<\/span><\/p>\n<p style=\"text-align: justify;\"><span style=\"color: #000000;\">Tota <u>activitat de cultura popular<\/u> s\u2019haur\u00e0 de realitzar de forma adaptada: nom\u00e9s es podr\u00e0 realitzar en espais perimetrats amb control d\u2019accessos per evitar les aglomeracions i amb registre previ. En el cas d\u2019activitats en espais tancats, caldr\u00e0 la preassignaci\u00f3 de seients.<\/span><\/p>\n<p style=\"text-align: justify;\"><span style=\"color: #000000;\">Per a m\u00e9s informaci\u00f3 podeu accedir a l\u2019enlla\u00e7: <a style=\"color: #000000;\" href=\"https:\/\/canalsalut.gencat.cat\/ca\/salut-a-z\/c\/coronavirus-2019-ncov\/ciutadania\/pla-obertura-progressiva-activitats\/mesures-especials-festes-nadal\/\">https:\/\/canalsalut.gencat.cat\/ca\/salut-a-z\/c\/coronavirus-2019-ncov\/ciutadania\/pla-obertura-progressiva-activitats\/mesures-especials-festes-nadal\/<\/a><\/span><\/p>\n<hr \/>\n<p style=\"text-align: justify;\"><span style=\"color: #000000;\"><strong>CASTELLANO |<\/strong>\u00a0El Plan Territorial de Protecci\u00f3n Civil de Catalunya (Procicat) de los Departamentos de Salud e Interior de la Generalitat de Catalunya, ha aprobado el <a style=\"color: #000000;\" href=\"https:\/\/canalsalut.gencat.cat\/ca\/salut-a-z\/c\/coronavirus-2019-ncov\/ciutadania\/pla-obertura-progressiva-activitats\/mesures-especials-festes-nadal\/\">Plan de adaptaci\u00f3n de la actividad social de Navidad y cambio de a\u00f1o a la COVID-19<\/a>. Se trata de un plan estrat\u00e9gico para el per\u00edodo comprendido entre los d\u00edas 24 de diciembre de 2020 y 6 de enero de 2021, y contempla aspectos relacionados con la actividad social, la movilidad, la disposici\u00f3n horaria y la actividad comercial, entre otros.<\/span><\/p>\n<p style=\"text-align: justify;\"><span style=\"color: #000000;\">El plan recomienda que los encuentros y reuniones sociales que se lleven a cabo durante estas semanas comporten el n\u00famero m\u00e1s reducido de personas posible y, en cualquier caso, est\u00e9n limitados a un n\u00famero m\u00e1ximo de 10 personas, entre las cuales tambi\u00e9n hay que contar a los ni\u00f1os. Adem\u00e1s, se aconseja que en las reuniones no coincidan personas provenientes de m\u00e1s de dos burbujas de convivencia (es decir, grupos de personas de m\u00e1s de dos domicilios distintos).<\/span><\/p>\n<p style=\"text-align: justify;\"><span style=\"color: #000000;\">Siempre que sea posible, se recomienda priorizar los encuentros al aire libre, aunque cabe recordar que est\u00e1 prohibido el consumo de alimentos o bebidas en los encuentros en el espacio p\u00fablico. En el caso de encuentros en espacios cerrados, hay que garantizar una buena ventilaci\u00f3n de los espacios compartidos, tambi\u00e9n en los domicilios durante el encuentro (mantener abiertas las ventanas, tambi\u00e9n de los lavabos en caso que dispongan de ventanas o ventilaci\u00f3n de alg\u00fan tipo). De hecho, se aconseja ventilar antes y despu\u00e9s del encuentro y hacer un uso constante de la mascarilla mientras no se est\u00e9 consumiendo ning\u00fan alimento o bebida y seguir las pautas de higiene de manos. Tambi\u00e9n es conveniente limitar la duraci\u00f3n de las reuniones.<\/span><\/p>\n<p style=\"text-align: justify;\"><span style=\"color: #000000;\">El confinamiento nocturno la noche de Navidad y la noche de Fin de a\u00f1o se flexibilizar\u00e1: se iniciar\u00e1 a las 01.30h los d\u00edas 25 de diciembre y 1 de enero. La noche de Reyes el confinamiento nocturno se atrasar\u00e1 hasta las 00.00h. El resto de los d\u00edas el confinamiento nocturno ser\u00e1 de 22h a 6h.<\/span><\/p>\n<p style=\"text-align: justify;\"><span style=\"color: #000000;\">Toda actividad de cultura popular que se lleve a cabo se tendr\u00e1 que realizar de forma adaptada: solo se podr\u00e1 realizar en espacios perimetrados con control de accesos para evitar las aglomeraciones y con registro previo. En el caso de actividades en espacios cerrados, ser\u00e1 necesaria la pre asignaci\u00f3n de asientos.<\/span><\/p>\n<p style=\"text-align: justify;\"><span style=\"color: #000000;\">Para m\u00e1s informaci\u00f3n pod\u00e9is acceder al enlace: <a style=\"color: #000000;\" href=\"https:\/\/canalsalut.gencat.cat\/ca\/salut-a-z\/c\/coronavirus-2019-ncov\/ciutadania\/pla-obertura-progressiva-activitats\/mesures-especials-festes-nadal\/\">https:\/\/canalsalut.gencat.cat\/ca\/salut-a-z\/c\/coronavirus-2019-ncov\/ciutadania\/pla-obertura-progressiva-activitats\/mesures-especials-festes-nadal\/<\/a><\/span><\/p>\n<p style=\"text-align: justify;\"><a href=\"http:\/\/bisbalpenedes.com\/web\/2020\/12\/10\/mesures-del-procicat-per-a-les-activitats-del-24-de-desembre-al-6-de-gener\/infografia-mesures-festes-nadal_page-0001\/\" rel=\"attachment wp-att-15695\"><img loading=\"lazy\" class=\"aligncenter size-large wp-image-15695\" src=\"http:\/\/bisbalpenedes.com\/web\/wp-content\/uploads\/2020\/12\/infografia-mesures-festes-nadal_page-0001-730x1024.jpg\" alt=\"infografia-mesures-festes-nadal_page-0001\" width=\"630\" height=\"884\" srcset=\"https:\/\/bisbalpenedes.com\/web\/wp-content\/uploads\/2020\/12\/infografia-mesures-festes-nadal_page-0001-730x1024.jpg 730w, https:\/\/bisbalpenedes.com\/web\/wp-content\/uploads\/2020\/12\/infografia-mesures-festes-nadal_page-0001-600x842.jpg 600w, https:\/\/bisbalpenedes.com\/web\/wp-content\/uploads\/2020\/12\/infografia-mesures-festes-nadal_page-0001-214x300.jpg 214w, https:\/\/bisbalpenedes.com\/web\/wp-content\/uploads\/2020\/12\/infografia-mesures-festes-nadal_page-0001-768x1077.jpg 768w, https:\/\/bisbalpenedes.com\/web\/wp-content\/uploads\/2020\/12\/infografia-mesures-festes-nadal_page-0001.jpg 1276w\" sizes=\"(max-width: 630px) 100vw, 630px\" \/><\/a><\/p>\n<p style=\"text-align: justify;\">\n","protected":false},"excerpt":{"rendered":"<p>El Pla Territorial de Protecci\u00f3 Civil de Catalunya (Procicat) dels Departaments de Salut i Interior de la Generalitat, ha aprovat el Pla d\u2019adaptaci\u00f3 de l\u2019activitat social de Nadal i canvi &hellip; <a href=\"https:\/\/bisbalpenedes.com\/web\/2020\/12\/10\/mesures-del-procicat-per-a-les-activitats-del-24-de-desembre-al-6-de-gener\/\" class=\"more-link\">Read More<\/a><\/p>\n","protected":false},"author":4,"featured_media":15695,"comment_status":"closed","ping_status":"closed","sticky":false,"template":"","format":"standard","meta":[],"categories":[8,14],"tags":[2678,4267,82,95,4268,4266,97],"_links":{"self":[{"href":"https:\/\/bisbalpenedes.com\/web\/wp-json\/wp\/v2\/posts\/15694"}],"collection":[{"href":"https:\/\/bisbalpenedes.com\/web\/wp-json\/wp\/v2\/posts"}],"about":[{"href":"https:\/\/bisbalpenedes.com\/web\/wp-json\/wp\/v2\/types\/post"}],"author":[{"embeddable":true,"href":"https:\/\/bisbalpenedes.com\/web\/wp-json\/wp\/v2\/users\/4"}],"replies":[{"embeddable":true,"href":"https:\/\/bisbalpenedes.com\/web\/wp-json\/wp\/v2\/comments?post=15694"}],"version-history":[{"count":2,"href":"https:\/\/bisbalpenedes.com\/web\/wp-json\/wp\/v2\/posts\/15694\/revisions"}],"predecessor-version":[{"id":15747,"href":"https:\/\/bisbalpenedes.com\/web\/wp-json\/wp\/v2\/posts\/15694\/revisions\/15747"}],"wp:featuredmedia":[{"embeddable":true,"href":"https:\/\/bisbalpenedes.com\/web\/wp-json\/wp\/v2\/media\/15695"}],"wp:attachment":[{"href":"https:\/\/bisbalpenedes.com\/web\/wp-json\/wp\/v2\/media?parent=15694"}],"wp:term":[{"taxonomy":"category","embeddable":true,"href":"https:\/\/bisbalpenedes.com\/web\/wp-json\/wp\/v2\/categories?post=15694"},{"taxonomy":"post_tag","embeddable":true,"href":"https:\/\/bisbalpenedes.com\/web\/wp-json\/wp\/v2\/tags?post=15694"}],"curies":[{"name":"wp","href":"https:\/\/api.w.org\/{rel}","templated":true}]}}