{"id":15689,"date":"2020-12-10T13:19:55","date_gmt":"2020-12-10T11:19:55","guid":{"rendered":"http:\/\/bisbalpenedes.com\/web\/?p=15689"},"modified":"2020-12-15T10:24:30","modified_gmt":"2020-12-15T08:24:30","slug":"comunicat-sobre-larribada-de-ses-majestats-a-la-bisbal-amb-totes-les-mesures-de-prevencio","status":"publish","type":"post","link":"https:\/\/bisbalpenedes.com\/web\/2020\/12\/10\/comunicat-sobre-larribada-de-ses-majestats-a-la-bisbal-amb-totes-les-mesures-de-prevencio\/","title":{"rendered":"Comunicat sobre l\u2019arribada de Ses Majestats a la Bisbal amb totes les mesures de prevenci\u00f3"},"content":{"rendered":"<p style=\"text-align: justify;\"><a href=\"http:\/\/bisbalpenedes.com\/web\/2020\/12\/10\/comunicat-sobre-larribada-de-ses-majestats-a-la-bisbal-amb-totes-les-mesures-de-prevencio\/arribada-reis-2021\/\" rel=\"attachment wp-att-15806\"><img loading=\"lazy\" class=\"aligncenter size-large wp-image-15806\" src=\"http:\/\/bisbalpenedes.com\/web\/wp-content\/uploads\/2020\/12\/arribada-reis-2021-1024x1024.jpg\" alt=\"arribada reis 2021\" width=\"630\" height=\"630\" srcset=\"https:\/\/bisbalpenedes.com\/web\/wp-content\/uploads\/2020\/12\/arribada-reis-2021-1024x1024.jpg 1024w, https:\/\/bisbalpenedes.com\/web\/wp-content\/uploads\/2020\/12\/arribada-reis-2021-300x300.jpg 300w, https:\/\/bisbalpenedes.com\/web\/wp-content\/uploads\/2020\/12\/arribada-reis-2021-100x100.jpg 100w, https:\/\/bisbalpenedes.com\/web\/wp-content\/uploads\/2020\/12\/arribada-reis-2021-600x600.jpg 600w, https:\/\/bisbalpenedes.com\/web\/wp-content\/uploads\/2020\/12\/arribada-reis-2021-150x150.jpg 150w, https:\/\/bisbalpenedes.com\/web\/wp-content\/uploads\/2020\/12\/arribada-reis-2021-768x768.jpg 768w, https:\/\/bisbalpenedes.com\/web\/wp-content\/uploads\/2020\/12\/arribada-reis-2021.jpg 1080w\" sizes=\"(max-width: 630px) 100vw, 630px\" \/><\/a><a href=\"http:\/\/bisbalpenedes.com\/web\/2020\/12\/10\/comunicat-sobre-larribada-de-ses-majestats-a-la-bisbal-amb-totes-les-mesures-de-prevencio\/arribada-de-ssmm-els-reis-dorient\/\" rel=\"attachment wp-att-15690\"><br \/>\n<\/a><\/p>\n<p style=\"text-align: justify;\"><span style=\"color: #000000;\">La Regidoria de Cultura us fa saber que l\u2019Ajuntament de la Bisbal del Pened\u00e8s est\u00e0 treballant per fer possible l\u2019arribada de Ses Majestats la nit de Reis amb totes les mesures de prevenci\u00f3 per la pand\u00e8mia de Covid-19, sempre que la situaci\u00f3 sanit\u00e0ria i la normativa del moment ho permetin.<\/span><\/p>\n<p style=\"text-align: justify;\"><span style=\"color: #000000;\">Amb l\u2019objectiu d\u2019evitar despla\u00e7aments i aglomeracions, enguany no es far\u00e0 el recorregut de la cavalcada i l\u2019Ajuntament no dur\u00e0 a terme ni col\u00b7laborar\u00e0 en lliuraments de regals en cap local, ni municipal ni privat.<\/span><\/p>\n<p style=\"text-align: justify;\"><span style=\"color: #000000;\">No obstant aix\u00f2, s\u00ed que es far\u00e0 el repartiment d\u2019obsequis per als infants a les seves llars, sempre que es demani amb antel\u00b7laci\u00f3 perqu\u00e8 els Reis es puguin organitzar. Si \u00e9s el vostre cas, \u00e9s imprescindible que us inscriviu a les oficines municipals quan porteu els enc\u00e0rrecs reials (un per infant), els dies:<\/span><\/p>\n<p style=\"padding-left: 30px; text-align: justify;\"><span style=\"color: #000000;\">Dimarts 29 de desembre, de 18h a 20h<\/span><\/p>\n<p style=\"padding-left: 30px; text-align: justify;\"><span style=\"color: #000000;\">Dimecres 30 de desembre, de 18h a 20h<\/span><\/p>\n<p style=\"padding-left: 30px; text-align: justify;\"><span style=\"color: #000000;\">Dijous 30 de desembre, de 18h a 20h<\/span><\/p>\n<p style=\"padding-left: 30px; text-align: justify;\"><span style=\"color: #000000;\">Dissabte 2 de gener, de 10 a 12h<\/span><\/p>\n<p style=\"text-align: justify;\"><span style=\"color: #000000;\">Els nens i les nenes de La Bisbal del Pened\u00e8s han rebut una carta de SSMM els Reis d\u2019Orient, per\u00f2 si algun infant no l\u2019ha rebut, pot passar-la a buscar per les oficines municipals, on els Reis van fer-ne arribar de m\u00e9s per si de cas.<\/span><\/p>\n<p style=\"text-align: justify;\"><span style=\"color: #000000;\">L\u2019Ajuntament agraeix a l\u2019Associaci\u00f3 d\u2019amics i ve\u00efns del Priorat, a la Societat Cultural i Recreativa Bisbalenca, a l\u2019Associaci\u00f3 de Ve\u00efns de la Miralba, a l\u2019Associaci\u00f3 de Ve\u00efns de Can Gordei, a la Comissi\u00f3 de Festes de Can Gordei i a l\u2019Associaci\u00f3 de Ve\u00efns de l\u2019Esplai la implicaci\u00f3 i responsabilitat en l\u2019organitzaci\u00f3 del Patge i l\u2019arribada de SSMM els Reis d\u2019Orient. \u00c9s un any diferent en qu\u00e8 les circumst\u00e0ncies obliguen a tenir responsabilitat i respectar les mesures sanit\u00e0ries.<\/span><\/p>\n<hr \/>\n<p style=\"text-align: justify;\"><span style=\"color: #000000;\"><strong>CASTELLANO |<\/strong> La Concejal\u00eda de Cultura os hace saber que el Ayuntamiento de la Bisbal del Pened\u00e8s est\u00e1 trabajando para hacer posible la llegada de Sus Majestades la noche de Reyes con todas las medidas de prevenci\u00f3n por la pandemia de Covid-19, siempre que la situaci\u00f3n sanitaria y la normativa del momento lo permitan.<\/span><\/p>\n<p style=\"text-align: justify;\"><span style=\"color: #000000;\">Con el objetivo de evitar desplazamientos y aglomeraciones, este a\u00f1o no se har\u00e1 el recorrido de la cabalgata y el Ayuntamiento no llevar\u00e1 a cabo ni colaborar\u00e1 en entregas de regalos en ning\u00fan local, ni municipal ni privado.<\/span><\/p>\n<p style=\"text-align: justify;\"><span style=\"color: #000000;\">No obstante, s\u00ed que se har\u00e1 el reparto de obsequios para los ni\u00f1os en sus casas, siempre que se pida con antelaci\u00f3n para que los Reyes se puedan organizar. Si es vuestro caso, es imprescindible que os inscrib\u00e1is en las oficinas municipales cuando llev\u00e9is los encargos reales (uno por ni\u00f1o\/a), los d\u00edas:<\/span><\/p>\n<p style=\"padding-left: 30px; text-align: justify;\"><span style=\"color: #000000;\">Martes 29 de diciembre, de 18h a 20h<\/span><\/p>\n<p style=\"padding-left: 30px; text-align: justify;\"><span style=\"color: #000000;\">Mi\u00e9rcoles 30 de diciembre, de 18h a 20h<\/span><\/p>\n<p style=\"padding-left: 30px; text-align: justify;\"><span style=\"color: #000000;\">Jueves 30 de diciembre, de 18h a 20h<\/span><\/p>\n<p style=\"padding-left: 30px; text-align: justify;\"><span style=\"color: #000000;\">S\u00e1bado 2 de enero, de 10 a 12h<\/span><\/p>\n<p style=\"text-align: justify;\"><span style=\"color: #000000;\">Los ni\u00f1os y las ni\u00f1as de La Bisbal del Pened\u00e8s han recibido una carta de SSMM los Reyes de Oriente, pero si algun\/a ni\u00f1o\/a no la ha recibido, la puede pasar a buscar por las oficinas municipales, donde los Reyes hicieron llegar cartas de m\u00e1s, por si acaso.<\/span><\/p>\n<p style=\"text-align: justify;\"><span style=\"color: #000000;\">El Ayuntamiento agradece a la Asociaci\u00f3n de amigos y vecinos del Priorat, a la Societat Cultural i Recreativa Bisbalenca, a la Asociaci\u00f3n de vecinos de la Miralba, a l\u2019Asociaci\u00f3n de vecinos de Can Gordei, a la Comisi\u00f3n de Fiestas de Can Gordei y a la Asociaci\u00f3n de Vecinos de l\u2019Esplai la implicaci\u00f3n y responsabilidad en la organizaci\u00f3n del Paje y la llegada de SSMM los Reyes de Oriente. Es un a\u00f1o distinto en el que las circunstancias obligan a tener responsabilidad y respetar las medidas sanitarias.<\/span><\/p>\n<p style=\"text-align: justify;\"><span style=\"color: #000000;\">\u00a0<\/span><\/p>\n","protected":false},"excerpt":{"rendered":"<p>La Regidoria de Cultura us fa saber que l\u2019Ajuntament de la Bisbal del Pened\u00e8s est\u00e0 treballant per fer possible l\u2019arribada de Ses Majestats la nit de Reis amb totes les &hellip; <a href=\"https:\/\/bisbalpenedes.com\/web\/2020\/12\/10\/comunicat-sobre-larribada-de-ses-majestats-a-la-bisbal-amb-totes-les-mesures-de-prevencio\/\" class=\"more-link\">Read More<\/a><\/p>\n","protected":false},"author":4,"featured_media":0,"comment_status":"closed","ping_status":"closed","sticky":false,"template":"","format":"standard","meta":[],"categories":[13,8],"tags":[216,2707,4265,1085,97,1084,2612],"_links":{"self":[{"href":"https:\/\/bisbalpenedes.com\/web\/wp-json\/wp\/v2\/posts\/15689"}],"collection":[{"href":"https:\/\/bisbalpenedes.com\/web\/wp-json\/wp\/v2\/posts"}],"about":[{"href":"https:\/\/bisbalpenedes.com\/web\/wp-json\/wp\/v2\/types\/post"}],"author":[{"embeddable":true,"href":"https:\/\/bisbalpenedes.com\/web\/wp-json\/wp\/v2\/users\/4"}],"replies":[{"embeddable":true,"href":"https:\/\/bisbalpenedes.com\/web\/wp-json\/wp\/v2\/comments?post=15689"}],"version-history":[{"count":4,"href":"https:\/\/bisbalpenedes.com\/web\/wp-json\/wp\/v2\/posts\/15689\/revisions"}],"predecessor-version":[{"id":15807,"href":"https:\/\/bisbalpenedes.com\/web\/wp-json\/wp\/v2\/posts\/15689\/revisions\/15807"}],"wp:attachment":[{"href":"https:\/\/bisbalpenedes.com\/web\/wp-json\/wp\/v2\/media?parent=15689"}],"wp:term":[{"taxonomy":"category","embeddable":true,"href":"https:\/\/bisbalpenedes.com\/web\/wp-json\/wp\/v2\/categories?post=15689"},{"taxonomy":"post_tag","embeddable":true,"href":"https:\/\/bisbalpenedes.com\/web\/wp-json\/wp\/v2\/tags?post=15689"}],"curies":[{"name":"wp","href":"https:\/\/api.w.org\/{rel}","templated":true}]}}