{"id":15678,"date":"2020-12-07T15:21:42","date_gmt":"2020-12-07T13:21:42","guid":{"rendered":"http:\/\/bisbalpenedes.com\/web\/?p=15678"},"modified":"2020-12-07T15:21:42","modified_gmt":"2020-12-07T13:21:42","slug":"un-segle-de-vida-jaume-calbet-i-sole-bisbalenc-supervivent-de-la-lleva-del-bibero","status":"publish","type":"post","link":"https:\/\/bisbalpenedes.com\/web\/2020\/12\/07\/un-segle-de-vida-jaume-calbet-i-sole-bisbalenc-supervivent-de-la-lleva-del-bibero\/","title":{"rendered":"Un segle de vida: Jaume Calbet i Sol\u00e9, bisbalenc supervivent de la lleva del biber\u00f3"},"content":{"rendered":"<p><iframe loading=\"lazy\" src=\"https:\/\/w.soundcloud.com\/player\/?url=https%3A\/\/api.soundcloud.com\/tracks\/942959896&amp;color=%23ff5500&amp;auto_play=false&amp;hide_related=false&amp;show_comments=true&amp;show_user=true&amp;show_reposts=false&amp;show_teaser=true&amp;visual=true\" width=\"100%\" height=\"300\" frameborder=\"no\" scrolling=\"no\"><\/iframe><\/p>\n<div style=\"font-size: 10px; color: #cccccc; line-break: anywhere; word-break: normal; overflow: hidden; white-space: nowrap; text-overflow: ellipsis; font-family: Interstate,Lucida Grande,Lucida Sans Unicode,Lucida Sans,Garuda,Verdana,Tahoma,sans-serif; font-weight: 100;\"><a style=\"color: #cccccc; text-decoration: none;\" title=\"La Bisbal del Pened\u00e8s\" href=\"https:\/\/soundcloud.com\/user-240484202\" target=\"_blank\">La Bisbal del Pened\u00e8s<\/a> \u00b7 <a style=\"color: #cccccc; text-decoration: none;\" title=\"Fragment de l'entrevista al bisbalenc Jaume Calbet amb motiu del seu 100\u00e8 aniversari\" href=\"https:\/\/soundcloud.com\/user-240484202\/fragment-de-lentrevista-al-bisbalenc-jaume-calbet-amb-motiu-del-seu-100e-aniversari\" target=\"_blank\">Fragment de l&#8217;entrevista al bisbalenc Jaume Calbet amb motiu del seu 100\u00e8 aniversari<\/a><\/div>\n<p><span style=\"color: #000000;\">\u00a0El passat 18 de novembre el bisbalenc Jaume Calbet i Sol\u00e9, un dels darrers supervivents de la Lleva del biber\u00f3 de la Bisbal, va celebrar el seu centenari, motiu pel qual els departaments de Cultura i Premsa de l\u2019Ajuntament de la Bisbal del Pened\u00e8s van recollir el seu testimoni en una entrevista en qu\u00e8 Calbet narra els seus records d\u2019infantesa i joventut a la Bisbal, entre els anys 20 i 30 del segle XX, i el llarg periple que suposaren les seves viv\u00e8ncies de la guerra.<\/span><\/p>\n<p><span style=\"color: #000000;\">En l\u2019enlla\u00e7 adjunt podeu llegir l\u2019entrevista, que tamb\u00e9 estar\u00e0 disponible en format f\u00edsic, per a tots aquells que en vulguin, a les oficines municipals i a la Biblioteca p\u00fablica.<\/span><\/p>\n<p><a href=\"http:\/\/bisbalpenedes.com\/web\/wp-content\/uploads\/2020\/12\/Entrevista-Jaume-Calbet-SolE-.pdf\" target=\"_blank\">Feu clic aqu\u00ed per llegir l&#8217;entrevista a Jaume Calbet i Sol\u00e9<\/a><\/p>\n<hr \/>\n<p><iframe loading=\"lazy\" src=\"https:\/\/w.soundcloud.com\/player\/?url=https%3A\/\/api.soundcloud.com\/tracks\/942959896&amp;color=%23ff5500&amp;auto_play=false&amp;hide_related=false&amp;show_comments=true&amp;show_user=true&amp;show_reposts=false&amp;show_teaser=true&amp;visual=true\" width=\"100%\" height=\"300\" frameborder=\"no\" scrolling=\"no\"><\/iframe><\/p>\n<div style=\"font-size: 10px; color: #cccccc; line-break: anywhere; word-break: normal; overflow: hidden; white-space: nowrap; text-overflow: ellipsis; font-family: Interstate,Lucida Grande,Lucida Sans Unicode,Lucida Sans,Garuda,Verdana,Tahoma,sans-serif; font-weight: 100;\"><a style=\"color: #cccccc; text-decoration: none;\" title=\"La Bisbal del Pened\u00e8s\" href=\"https:\/\/soundcloud.com\/user-240484202\" target=\"_blank\">La Bisbal del Pened\u00e8s<\/a> \u00b7 <a style=\"color: #cccccc; text-decoration: none;\" title=\"Fragment de l'entrevista al bisbalenc Jaume Calbet amb motiu del seu 100\u00e8 aniversari\" href=\"https:\/\/soundcloud.com\/user-240484202\/fragment-de-lentrevista-al-bisbalenc-jaume-calbet-amb-motiu-del-seu-100e-aniversari\" target=\"_blank\">Fragment de l&#8217;entrevista al bisbalenc Jaume Calbet amb motiu del seu 100\u00e8 aniversari<\/a><\/div>\n<p><strong>CASTELLANO |<\/strong> El pasado 18 de noviembre el bisbalense Jaume Calbet y Sol\u00e9, uno de los \u00faltimos supervivientes de la Quinta del biber\u00f3n del a Bisbal, celebr\u00f3 su centenario, motivo por el cual los departamentos de Cultura y Prensa del Ayuntamiento de la Bisbal del Pened\u00e8s recogieron su testimonio en una entrevista en la que Calbet narra sus recuerdos de ni\u00f1ez y juventud en la Bisbal, entre los a\u00f1os 20 y 30 del siglo XX, y el largo periplo que supusieron sus vivencias de la guerra.<\/p>\n<p>En el enlace adjunto pod\u00e9is leer la entrevista, que tambi\u00e9n estar\u00e1 disponible en formato f\u00edsico, para todos aquellos que quieran disponer de la misma, en las oficinas municipales y en la Biblioteca p\u00fablica.<\/p>\n<p><a href=\"http:\/\/bisbalpenedes.com\/web\/wp-content\/uploads\/2020\/12\/Entrevista-Jaume-Calbet-SolE-.pdf\" target=\"_blank\">Haced clic aqu\u00ed para leer la entrevista a Jaume Calbet Sol\u00e9<\/a><\/p>\n","protected":false},"excerpt":{"rendered":"<p>La Bisbal del Pened\u00e8s \u00b7 Fragment de l&#8217;entrevista al bisbalenc Jaume Calbet amb motiu del seu 100\u00e8 aniversari \u00a0El passat 18 de novembre el bisbalenc Jaume Calbet i Sol\u00e9, un &hellip; <a href=\"https:\/\/bisbalpenedes.com\/web\/2020\/12\/07\/un-segle-de-vida-jaume-calbet-i-sole-bisbalenc-supervivent-de-la-lleva-del-bibero\/\" class=\"more-link\">Read More<\/a><\/p>\n","protected":false},"author":4,"featured_media":15682,"comment_status":"closed","ping_status":"closed","sticky":false,"template":"","format":"standard","meta":[],"categories":[13,8],"tags":[4208,593,4264,4207,393,4263],"_links":{"self":[{"href":"https:\/\/bisbalpenedes.com\/web\/wp-json\/wp\/v2\/posts\/15678"}],"collection":[{"href":"https:\/\/bisbalpenedes.com\/web\/wp-json\/wp\/v2\/posts"}],"about":[{"href":"https:\/\/bisbalpenedes.com\/web\/wp-json\/wp\/v2\/types\/post"}],"author":[{"embeddable":true,"href":"https:\/\/bisbalpenedes.com\/web\/wp-json\/wp\/v2\/users\/4"}],"replies":[{"embeddable":true,"href":"https:\/\/bisbalpenedes.com\/web\/wp-json\/wp\/v2\/comments?post=15678"}],"version-history":[{"count":1,"href":"https:\/\/bisbalpenedes.com\/web\/wp-json\/wp\/v2\/posts\/15678\/revisions"}],"predecessor-version":[{"id":15683,"href":"https:\/\/bisbalpenedes.com\/web\/wp-json\/wp\/v2\/posts\/15678\/revisions\/15683"}],"wp:featuredmedia":[{"embeddable":true,"href":"https:\/\/bisbalpenedes.com\/web\/wp-json\/wp\/v2\/media\/15682"}],"wp:attachment":[{"href":"https:\/\/bisbalpenedes.com\/web\/wp-json\/wp\/v2\/media?parent=15678"}],"wp:term":[{"taxonomy":"category","embeddable":true,"href":"https:\/\/bisbalpenedes.com\/web\/wp-json\/wp\/v2\/categories?post=15678"},{"taxonomy":"post_tag","embeddable":true,"href":"https:\/\/bisbalpenedes.com\/web\/wp-json\/wp\/v2\/tags?post=15678"}],"curies":[{"name":"wp","href":"https:\/\/api.w.org\/{rel}","templated":true}]}}