{"id":15672,"date":"2020-12-07T13:56:43","date_gmt":"2020-12-07T11:56:43","guid":{"rendered":"http:\/\/bisbalpenedes.com\/web\/?p=15672"},"modified":"2020-12-07T15:07:42","modified_gmt":"2020-12-07T13:07:42","slug":"jordi-ferran-ofereix-una-seccio-mensual-sobre-la-historia-local-i-comarcal-a-domenys-radio","status":"publish","type":"post","link":"https:\/\/bisbalpenedes.com\/web\/2020\/12\/07\/jordi-ferran-ofereix-una-seccio-mensual-sobre-la-historia-local-i-comarcal-a-domenys-radio\/","title":{"rendered":"Jordi Ferran ofereix una secci\u00f3 mensual sobre la hist\u00f2ria local i comarcal a Domenys R\u00e0dio"},"content":{"rendered":"<p style=\"text-align: justify;\"><a href=\"http:\/\/bisbalpenedes.com\/web\/wp-content\/uploads\/2020\/12\/FOTO-JORDI-FERRAN-A-LA-RaDIO.jpg\"><img loading=\"lazy\" class=\"aligncenter size-medium wp-image-15674\" src=\"http:\/\/bisbalpenedes.com\/web\/wp-content\/uploads\/2020\/12\/FOTO-JORDI-FERRAN-A-LA-RaDIO-225x300.jpg\" alt=\"FOTO JORDI FERRAN A LA RaDIO\" width=\"225\" height=\"300\" srcset=\"https:\/\/bisbalpenedes.com\/web\/wp-content\/uploads\/2020\/12\/FOTO-JORDI-FERRAN-A-LA-RaDIO-225x300.jpg 225w, https:\/\/bisbalpenedes.com\/web\/wp-content\/uploads\/2020\/12\/FOTO-JORDI-FERRAN-A-LA-RaDIO-600x800.jpg 600w, https:\/\/bisbalpenedes.com\/web\/wp-content\/uploads\/2020\/12\/FOTO-JORDI-FERRAN-A-LA-RaDIO-768x1024.jpg 768w, https:\/\/bisbalpenedes.com\/web\/wp-content\/uploads\/2020\/12\/FOTO-JORDI-FERRAN-A-LA-RaDIO-scaled.jpg 1920w\" sizes=\"(max-width: 225px) 100vw, 225px\" \/><\/a><\/p>\n<p style=\"text-align: justify;\"><span style=\"color: #000000;\">El Jordi Ferran, t\u00e8cnic de la biblioteca i de l\u2019arxiu i historiador de professi\u00f3, visita els estudis de Domenys R\u00e0dio, cada primer divendres de mes, per oferir una secci\u00f3 d\u2019hist\u00f2ria local en qu\u00e8 parla de diversos episodis hist\u00f2rics de la Bisbal i la comarca amb la periodista Laia Batlle.<\/span><\/p>\n<p style=\"text-align: justify;\"><span style=\"color: #000000;\">A l\u2019enlla\u00e7 podreu escoltar el programa de la setmana passada, dedicat a la Setmana Tr\u00e0gica. Tamb\u00e9 podreu recuperar programes anteriors, com el que es va dedicar a la Grip Espanyola o a la figura del president Llu\u00eds Companys.<\/span><\/p>\n<p style=\"text-align: justify;\"><span style=\"color: #000000;\">Enlla\u00e7 al darrer programa:<\/span> <a href=\"https:\/\/go.ivoox.com\/rf\/61385361\">https:\/\/go.ivoox.com\/rf\/61385361<\/a><\/p>\n<hr \/>\n<p><span style=\"color: #000000;\"><strong>CASTELLANO |<\/strong> Jordi Ferran, t\u00e9cnico de la biblioteca y del archivo e historiador de profesi\u00f3n, visita los estudios de Domenys R\u00e0dio, cada primer viernes de mes, para ofrecer una secci\u00f3n de historia local en la que habla de varios episodios hist\u00f3ricos de la Bisbal y la comarca con la periodista Laia Batlle.<\/span><\/p>\n<p><span style=\"color: #000000;\">En el enlace podr\u00e9is escuchar el programa de la semana pasada, dedicado a la Semana Tr\u00e1gica. Tambi\u00e9n podr\u00e9is recuperar programas anteriores, como los que dedic\u00f3 a la Gripe Espa\u00f1ola o a la figura del presidente Llu\u00eds Companys.<\/span><\/p>\n<p><span style=\"color: #000000;\">Enlace al \u00faltimo programa<\/span>: <a href=\"https:\/\/go.ivoox.com\/rf\/61385361\">https:\/\/go.ivoox.com\/rf\/61385361<\/a><\/p>\n<p>&nbsp;<\/p>\n","protected":false},"excerpt":{"rendered":"<p>El Jordi Ferran, t\u00e8cnic de la biblioteca i de l\u2019arxiu i historiador de professi\u00f3, visita els estudis de Domenys R\u00e0dio, cada primer divendres de mes, per oferir una secci\u00f3 d\u2019hist\u00f2ria &hellip; <a href=\"https:\/\/bisbalpenedes.com\/web\/2020\/12\/07\/jordi-ferran-ofereix-una-seccio-mensual-sobre-la-historia-local-i-comarcal-a-domenys-radio\/\" class=\"more-link\">Read More<\/a><\/p>\n","protected":false},"author":4,"featured_media":15674,"comment_status":"closed","ping_status":"closed","sticky":false,"template":"","format":"standard","meta":[],"categories":[13,8],"tags":[459,225,852,1850,393],"_links":{"self":[{"href":"https:\/\/bisbalpenedes.com\/web\/wp-json\/wp\/v2\/posts\/15672"}],"collection":[{"href":"https:\/\/bisbalpenedes.com\/web\/wp-json\/wp\/v2\/posts"}],"about":[{"href":"https:\/\/bisbalpenedes.com\/web\/wp-json\/wp\/v2\/types\/post"}],"author":[{"embeddable":true,"href":"https:\/\/bisbalpenedes.com\/web\/wp-json\/wp\/v2\/users\/4"}],"replies":[{"embeddable":true,"href":"https:\/\/bisbalpenedes.com\/web\/wp-json\/wp\/v2\/comments?post=15672"}],"version-history":[{"count":2,"href":"https:\/\/bisbalpenedes.com\/web\/wp-json\/wp\/v2\/posts\/15672\/revisions"}],"predecessor-version":[{"id":15677,"href":"https:\/\/bisbalpenedes.com\/web\/wp-json\/wp\/v2\/posts\/15672\/revisions\/15677"}],"wp:featuredmedia":[{"embeddable":true,"href":"https:\/\/bisbalpenedes.com\/web\/wp-json\/wp\/v2\/media\/15674"}],"wp:attachment":[{"href":"https:\/\/bisbalpenedes.com\/web\/wp-json\/wp\/v2\/media?parent=15672"}],"wp:term":[{"taxonomy":"category","embeddable":true,"href":"https:\/\/bisbalpenedes.com\/web\/wp-json\/wp\/v2\/categories?post=15672"},{"taxonomy":"post_tag","embeddable":true,"href":"https:\/\/bisbalpenedes.com\/web\/wp-json\/wp\/v2\/tags?post=15672"}],"curies":[{"name":"wp","href":"https:\/\/api.w.org\/{rel}","templated":true}]}}