{"id":15669,"date":"2020-12-07T13:45:29","date_gmt":"2020-12-07T11:45:29","guid":{"rendered":"http:\/\/bisbalpenedes.com\/web\/?p=15669"},"modified":"2020-12-07T13:45:29","modified_gmt":"2020-12-07T11:45:29","slug":"sha-convocat-un-ple-extraordinari-a-peticio-de-tres-membres-de-la-oposicio-per-al-dilluns-21-de-desembre-a-les-9h","status":"publish","type":"post","link":"https:\/\/bisbalpenedes.com\/web\/2020\/12\/07\/sha-convocat-un-ple-extraordinari-a-peticio-de-tres-membres-de-la-oposicio-per-al-dilluns-21-de-desembre-a-les-9h\/","title":{"rendered":"S\u2019ha convocat un Ple extraordinari a petici\u00f3 de tres membres de la oposici\u00f3 per al dilluns 21 de desembre a les 9h"},"content":{"rendered":"<p style=\"text-align: justify;\"><span style=\"color: #000000;\">El dilluns 21 de desembre a les 09:00h, tindr\u00e0 lloc un Ple extraordinari a l\u2019Ajuntament de La Bisbal del Pened\u00e8s.<\/span><br \/>\n<span style=\"color: #000000;\"> Aquest Ple es convoca per la sol\u00b7licitud de convocat\u00f2ria presentada pels regidors Daniel Caballero del PSC, Xavier Faura d\u2019Units-FIC i S\u00edlvia Monfort d\u2019ERC-AM.<\/span><br \/>\n<span style=\"color: #000000;\"> L\u2019ordre del dia \u00e9s el seg\u00fcent:<\/span><\/p>\n<p style=\"padding-left: 30px; text-align: justify;\"><span style=\"color: #000000;\">&#8220;1. Constituci\u00f3 d\u2019una taula de di\u00e0leg formada pels portaveus dels grups municipals del ple amb els representants del Club Segle XX a fi de trobar una soluci\u00f3 pol\u00edtica.<\/span><\/p>\n<p style=\"padding-left: 30px; text-align: justify;\"><span style=\"color: #000000;\">2.Reserva de 20.000 euros del cr\u00e8dit disponible amb vinculaci\u00f3 jur\u00eddica, per a la creaci\u00f3 de unes noves subvencions destinades a les persones aut\u00f2nomes, petites empreses i mutualistes de la bisbal del pened\u00e8s afectades per la situaci\u00f3 generada per la covid-19.<\/span><\/p>\n<p style=\"padding-left: 30px; text-align: justify;\"><span style=\"color: #000000;\">3.Bases reguladores subvencions destinades a les persones aut\u00f2nomes, mutualistes i petites empreses de la bisbal del pened\u00e8s afectades per la situaci\u00f3 generada per la covid-19.<\/span><\/p>\n<p style=\"padding-left: 30px; text-align: justify;\"><span style=\"color: #000000;\">4.Reserva de 40.000 euros del cr\u00e8dit disponible amb vinculaci\u00f3 jur\u00eddica, per a la creaci\u00f3 d\u2019unes noves subvencions a persones i unitats familiars o de conviv\u00e8ncia afectades per la crisi sanit\u00e0ria ocasionada per la covid-19.<\/span><\/p>\n<p style=\"padding-left: 30px; text-align: justify;\"><span style=\"color: #000000;\">5.Bases reguladores de subvencions destinades a a persones i unitats familiars o de conviv\u00e8ncia afectades per la crisi sanit\u00e0ria ocasionada per la covid-19.\u201d<\/span><\/p>\n<p style=\"text-align: justify;\"><span style=\"color: #000000;\">El Ple se celebrar\u00e0 de forma presencial i a porta tancada per poder garantir totes les mesures de prevenci\u00f3 de contagis per la Covid-19. Posteriorment es podr\u00e0 veure l\u2019enregistrament a Youtube.<\/span><\/p>\n<hr \/>\n<p style=\"text-align: justify;\"><span style=\"color: #000000;\"><strong>CASTELLANO |<\/strong> El lunes 21 de diciembre a las 09:00h, tendr\u00e1 lugar un Pleno extraordinario en el Ayuntamiento de la Bisbal del Pened\u00e8s.<\/span><br \/>\n<span style=\"color: #000000;\"> Este Pleno se convoca por la solicitud de convocatoria presentada por los concejales Daniel Caballero del PSC, Xavier Faura de Units per la Bisbal \u2013 FIC y S\u00edlvia Monfort de ERC-AM.<\/span><br \/>\n<span style=\"color: #000000;\"> El orden del d\u00eda es el siguiente:<\/span><\/p>\n<p style=\"padding-left: 30px; text-align: justify;\"><span style=\"color: #000000;\">\u201c1.Constituci\u00f3n de una mesa de di\u00e1logo formada por los portavoces de los grupos municipales y representantes de la entidad Club Siglo XX con la finalidad de encontrar una soluci\u00f3n pol\u00edtica.<\/span><\/p>\n<p style=\"padding-left: 30px; text-align: justify;\"><span style=\"color: #000000;\">2.Reserva de 20.000 euros del cr\u00e9dito disponible con vinculaci\u00f3n jur\u00eddica, para la creaci\u00f3n de nuevas subvenciones destinadas a las personas aut\u00f3nomas, peque\u00f1as empresas y mutualistas de la bisbal del pened\u00e9s afectadas por la situaci\u00f3n generada por la covid-19.<\/span><\/p>\n<p style=\"padding-left: 30px; text-align: justify;\"><span style=\"color: #000000;\">3.Bases reguladoras subvenciones destinadas a las personas aut\u00f3nomas, mutualistas y peque\u00f1as empresas de la bisbal del pened\u00e9s afectadas por la situaci\u00f3n generada por la covid-19.<\/span><\/p>\n<p style=\"padding-left: 30px; text-align: justify;\"><span style=\"color: #000000;\">4.Reserva de 20.000 euros del cr\u00e9dito disponible con vinculaci\u00f3n jur\u00eddica, para la creaci\u00f3n de nuevas subvenciones a personas y unidades familiares o de convivencia afectadas por la crisis sanitaria ocasionada por la covid-19.<\/span><\/p>\n<p style=\"padding-left: 30px; text-align: justify;\"><span style=\"color: #000000;\">5.Bases reguladoras subvenciones destinadas a a personas y unidades familiares o de convivencia afectadas por la crisis sanitaria ocasionada por la covid-19.\u201d<\/span><\/p>\n<p style=\"text-align: justify;\"><span style=\"color: #000000;\">El Pleno se celebrar\u00e1 de forma presencial y a puerta cerrada para poder garantizar todas las medidas de prevenci\u00f3n de contagios por la Covid-19. Posteriormente se podr\u00e1 ver la grabaci\u00f3n en Youtube.<\/span><\/p>\n<p>&nbsp;<\/p>\n<p>&nbsp;<\/p>\n<p>&nbsp;<\/p>\n","protected":false},"excerpt":{"rendered":"<p>El dilluns 21 de desembre a les 09:00h, tindr\u00e0 lloc un Ple extraordinari a l\u2019Ajuntament de La Bisbal del Pened\u00e8s. Aquest Ple es convoca per la sol\u00b7licitud de convocat\u00f2ria presentada &hellip; <a href=\"https:\/\/bisbalpenedes.com\/web\/2020\/12\/07\/sha-convocat-un-ple-extraordinari-a-peticio-de-tres-membres-de-la-oposicio-per-al-dilluns-21-de-desembre-a-les-9h\/\" class=\"more-link\">Read More<\/a><\/p>\n","protected":false},"author":4,"featured_media":8717,"comment_status":"closed","ping_status":"closed","sticky":false,"template":"","format":"standard","meta":[],"categories":[8,2250],"tags":[4261,139,423,102,4262,4260],"_links":{"self":[{"href":"https:\/\/bisbalpenedes.com\/web\/wp-json\/wp\/v2\/posts\/15669"}],"collection":[{"href":"https:\/\/bisbalpenedes.com\/web\/wp-json\/wp\/v2\/posts"}],"about":[{"href":"https:\/\/bisbalpenedes.com\/web\/wp-json\/wp\/v2\/types\/post"}],"author":[{"embeddable":true,"href":"https:\/\/bisbalpenedes.com\/web\/wp-json\/wp\/v2\/users\/4"}],"replies":[{"embeddable":true,"href":"https:\/\/bisbalpenedes.com\/web\/wp-json\/wp\/v2\/comments?post=15669"}],"version-history":[{"count":2,"href":"https:\/\/bisbalpenedes.com\/web\/wp-json\/wp\/v2\/posts\/15669\/revisions"}],"predecessor-version":[{"id":15671,"href":"https:\/\/bisbalpenedes.com\/web\/wp-json\/wp\/v2\/posts\/15669\/revisions\/15671"}],"wp:featuredmedia":[{"embeddable":true,"href":"https:\/\/bisbalpenedes.com\/web\/wp-json\/wp\/v2\/media\/8717"}],"wp:attachment":[{"href":"https:\/\/bisbalpenedes.com\/web\/wp-json\/wp\/v2\/media?parent=15669"}],"wp:term":[{"taxonomy":"category","embeddable":true,"href":"https:\/\/bisbalpenedes.com\/web\/wp-json\/wp\/v2\/categories?post=15669"},{"taxonomy":"post_tag","embeddable":true,"href":"https:\/\/bisbalpenedes.com\/web\/wp-json\/wp\/v2\/tags?post=15669"}],"curies":[{"name":"wp","href":"https:\/\/api.w.org\/{rel}","templated":true}]}}