{"id":15666,"date":"2020-12-07T10:40:15","date_gmt":"2020-12-07T08:40:15","guid":{"rendered":"http:\/\/bisbalpenedes.com\/web\/?p=15666"},"modified":"2020-12-07T10:40:37","modified_gmt":"2020-12-07T08:40:37","slug":"15666","status":"publish","type":"post","link":"https:\/\/bisbalpenedes.com\/web\/2020\/12\/07\/15666\/","title":{"rendered":"De l&#8217;11 al 19 de desembre &#8216;Troba la Llum del Nadal&#8217; a la Bisbal"},"content":{"rendered":"<p style=\"text-align: center;\"><iframe loading=\"lazy\" style=\"border: none; overflow: hidden;\" src=\"https:\/\/www.facebook.com\/plugins\/video.php?height=315&amp;href=https%3A%2F%2Fwww.facebook.com%2FBisbalPenedes%2Fvideos%2F447733843287050%2F&amp;show_text=false&amp;width=560\" width=\"560\" height=\"315\" frameborder=\"0\" scrolling=\"no\" allowfullscreen=\"allowfullscreen\"><\/iframe><\/p>\n<p style=\"text-align: justify;\"><span style=\"color: #000000;\">L\u2019Ajuntament de la Bisbal del Pened\u00e8s i la Cambra de Comer\u00e7 de Tarragona duran a terme una campanya per dinamitzar i donar visibilitat al teixit comercial local entre l\u201911 i el 19 de desembre. Aquesta campanya compta amb el suport de la Diputaci\u00f3 de Tarragona i consistir\u00e0 a premiar la fidelitat dels ve\u00efns que comprin a la Bisbal amb obsequis, promocions i amb la participaci\u00f3 en un sorteig de vals de compra. La iniciativa compta amb la participaci\u00f3 d\u2019una trentena de comer\u00e7os i empreses de serveis bisbalenques que duran a terme accions presencials i tamb\u00e9 iniciatives a trav\u00e9s d\u2019Instagram. Per aquest motiu, s\u2019ha ofert l\u2019opci\u00f3 de participar en una formaci\u00f3 gratu\u00efta sobre aquesta xarxa social a tots els comer\u00e7os i serveis del municipi.<\/span><\/p>\n<p style=\"text-align: justify;\"><span style=\"color: #000000;\"><strong>FUNCIONAMENT DE LA CAMPANYA<\/strong><\/span><\/p>\n<p style=\"text-align: justify;\"><span style=\"color: #000000;\">El funcionament de la campanya ser\u00e0 el seg\u00fcent: els clients que adquireixin serveis o vagin a comprar als comer\u00e7os bisbalencs, podran anar omplint una butlleta amb els segells d\u2019aquestes empreses. Quan tinguin el segell de cinc establiments diferents, podran passar per l\u2019Ajuntament per recollir un obsequi, \u201cLa Llum del Nadal\u201d (se n\u2019entregar\u00e0 una per fam\u00edlia). D\u2019altra banda, totes aquelles persones que entreguin les seves butlletes a l\u2019Ajuntament participaran en el sorteig de dos vals de compra de 100\u20ac cadascun per adquirir productes o serveis a la Bisbal.<\/span><\/p>\n<p style=\"text-align: justify;\"><span style=\"color: #000000;\">Quant a Instagram, els comer\u00e7os i serveis que participen en la campanya ja han comen\u00e7at a mostrar els seus productes, serveis, ofertes i promocions a trav\u00e9s d\u2019aquesta xarxa social. La campanya es vehicula a trav\u00e9s de l\u2019etiqueta <a href=\"https:\/\/www.instagram.com\/explore\/tags\/jocomproalabisbal\/\" target=\"_blank\">#JoComproALaBisbal<\/a> i les botigues amb establiment f\u00edsic tamb\u00e9 oferiran, durant la campanya, una bossa reutilitzable a aquells clients que pengin una foto seva etiquetant l\u2019establiment on l\u2019hagin obtingut i afegint l\u2019etiqueta #JoComproALaBisbal a la publicaci\u00f3.<\/span><\/p>\n<p style=\"text-align: justify;\"><span style=\"color: #000000;\">L\u2019Ajuntament de la Bisbal del Pened\u00e8s tamb\u00e9 ha comen\u00e7at a difondre v\u00eddeos dels comerciants i les empreses de serveis que participen en la campanya. Es poden veure en aquest enlla\u00e7:\u00a0<a style=\"color: #000000;\" href=\"http:\/\/www.instagram.com\/bisbalpenedes\">http:\/\/www.instagram.com\/bisbalpenedes<\/a><\/span><\/p>\n<hr \/>\n<p style=\"text-align: justify;\"><span style=\"color: #000000;\"><strong>CASTELLANO |<\/strong>\u00a0El Ayuntamiento de la Bisbal del Pened\u00e8s y la C\u00e1mara de Comercio de Tarragona llevar\u00e1n a cabo una campa\u00f1a para dinamizar y dar visibilidad al tejido comercial local entre el 11 y el 19 de diciembre. Esta campa\u00f1a cuenta con el soporte de la Diputaci\u00f3n de Tarragona y consistir\u00e1 en premiar la fidelidad de los vecinos que compren en la Bisbal con obsequios, promociones y con la participaci\u00f3n en un sorteo de vales de compra. La iniciativa cuenta con la participaci\u00f3n de una treintena de comercios y empresas de servicios de la Bisbal que llevar\u00e1n a cabo acciones presenciales y tambi\u00e9n iniciativas a trav\u00e9s de Instagram. Por este motivo, se les ha ofrecido la opci\u00f3n de participar en una formaci\u00f3n gratuita sobre esta red social a todos los comercios y servicios del municipio.<\/span><\/p>\n<p style=\"text-align: justify;\"><span style=\"color: #000000;\"><strong>FUNCIONAMIENTO DE LA CAMPA\u00d1A<\/strong><\/span><\/p>\n<p style=\"text-align: justify;\"><span style=\"color: #000000;\">El funcionamiento de la campa\u00f1a ser\u00e1 el siguiente: los clientes que adquieran servicios o vayan a comprar a los comercios de la Bisbal, podr\u00e1n ir rellenando un tarjet\u00f3n con los sellos de estas empresas. Cuando tengan el sello de cinco establecimientos distintos, podr\u00e1n pasar por el Ayuntamiento para recoger un obsequio, \u201cLa luz de la Navidad\u201d (se entregar\u00e1 una por familia). Por otro lado, todas aquellas personas que entreguen sus tarjetones en el Ayuntamiento participar\u00e1n en el sorteo de dos vales de compra de 100\u20ac cada uno para adquirir productos o servicios en la Bisbal.<\/span><\/p>\n<p style=\"text-align: justify;\"><span style=\"color: #000000;\">En cuanto a Instagram, los comercios y servicios que participen en la campa\u00f1a ya han empezado a mostrar sus productos, servicios, ofertas y promociones a trav\u00e9s de esta red social. La campa\u00f1a se vehicula a trav\u00e9s de la etiqueta <a href=\"https:\/\/www.instagram.com\/explore\/tags\/jocomproalabisbal\/\" target=\"_blank\">#JoComproALaBisbal<\/a> y las tiendas con establecimiento f\u00edsico tambi\u00e9n ofrecer\u00e1n una bolsa reutilizable a aquellos clientes que cuelguen una foto suya etiquetando el establecimiento donde la hayan obtenido y a\u00f1adiendo la etiqueta #JoComproALaBisbal en la publicaci\u00f3n.<\/span><\/p>\n<p style=\"text-align: justify;\"><span style=\"color: #000000;\">El Ayuntamiento de la Bisbal del Pened\u00e8s tambi\u00e9n ha empezado a difundir v\u00eddeos de los comerciantes y las empresas de servicios que participan en la campa\u00f1a. Se pueden ver en este enlace:\u00a0<a style=\"color: #000000;\" href=\"http:\/\/www.instagram.com\/bisbalpenedes\">www.instagram.com\/bisbalpenedes<\/a><\/span><\/p>\n","protected":false},"excerpt":{"rendered":"<p>L\u2019Ajuntament de la Bisbal del Pened\u00e8s i la Cambra de Comer\u00e7 de Tarragona duran a terme una campanya per dinamitzar i donar visibilitat al teixit comercial local entre l\u201911 i &hellip; <a href=\"https:\/\/bisbalpenedes.com\/web\/2020\/12\/07\/15666\/\" class=\"more-link\">Read More<\/a><\/p>\n","protected":false},"author":4,"featured_media":15582,"comment_status":"closed","ping_status":"closed","sticky":false,"template":"","format":"standard","meta":[],"categories":[3860,8],"tags":[1896,4194,4204,999,4245],"_links":{"self":[{"href":"https:\/\/bisbalpenedes.com\/web\/wp-json\/wp\/v2\/posts\/15666"}],"collection":[{"href":"https:\/\/bisbalpenedes.com\/web\/wp-json\/wp\/v2\/posts"}],"about":[{"href":"https:\/\/bisbalpenedes.com\/web\/wp-json\/wp\/v2\/types\/post"}],"author":[{"embeddable":true,"href":"https:\/\/bisbalpenedes.com\/web\/wp-json\/wp\/v2\/users\/4"}],"replies":[{"embeddable":true,"href":"https:\/\/bisbalpenedes.com\/web\/wp-json\/wp\/v2\/comments?post=15666"}],"version-history":[{"count":2,"href":"https:\/\/bisbalpenedes.com\/web\/wp-json\/wp\/v2\/posts\/15666\/revisions"}],"predecessor-version":[{"id":15668,"href":"https:\/\/bisbalpenedes.com\/web\/wp-json\/wp\/v2\/posts\/15666\/revisions\/15668"}],"wp:featuredmedia":[{"embeddable":true,"href":"https:\/\/bisbalpenedes.com\/web\/wp-json\/wp\/v2\/media\/15582"}],"wp:attachment":[{"href":"https:\/\/bisbalpenedes.com\/web\/wp-json\/wp\/v2\/media?parent=15666"}],"wp:term":[{"taxonomy":"category","embeddable":true,"href":"https:\/\/bisbalpenedes.com\/web\/wp-json\/wp\/v2\/categories?post=15666"},{"taxonomy":"post_tag","embeddable":true,"href":"https:\/\/bisbalpenedes.com\/web\/wp-json\/wp\/v2\/tags?post=15666"}],"curies":[{"name":"wp","href":"https:\/\/api.w.org\/{rel}","templated":true}]}}