{"id":15660,"date":"2020-12-07T12:28:59","date_gmt":"2020-12-07T10:28:59","guid":{"rendered":"http:\/\/bisbalpenedes.com\/web\/?p=15660"},"modified":"2020-12-07T12:28:59","modified_gmt":"2020-12-07T10:28:59","slug":"lajuntament-de-la-bisbal-del-penedes-sadhereix-a-la-campanya-fes-que-destaqui-de-lassociacio-catalana-de-municipis-acm","status":"publish","type":"post","link":"https:\/\/bisbalpenedes.com\/web\/2020\/12\/07\/lajuntament-de-la-bisbal-del-penedes-sadhereix-a-la-campanya-fes-que-destaqui-de-lassociacio-catalana-de-municipis-acm\/","title":{"rendered":"L\u2019Ajuntament de la Bisbal del Pened\u00e8s s\u2019adhereix a la campanya \u201cFes que destaqui\u201d de l\u2019Associaci\u00f3 Catalana de Municipis (ACM)"},"content":{"rendered":"<p style=\"text-align: justify;\"><a href=\"http:\/\/bisbalpenedes.com\/web\/wp-content\/uploads\/2020\/12\/Foto-7-12-20-7-09-20.jpg\"><img loading=\"lazy\" class=\"aligncenter size-large wp-image-15663\" src=\"http:\/\/bisbalpenedes.com\/web\/wp-content\/uploads\/2020\/12\/Foto-7-12-20-7-09-20-1024x512.jpg\" alt=\"Foto 7-12-20 7 09 20\" width=\"630\" height=\"315\" srcset=\"https:\/\/bisbalpenedes.com\/web\/wp-content\/uploads\/2020\/12\/Foto-7-12-20-7-09-20.jpg 1024w, https:\/\/bisbalpenedes.com\/web\/wp-content\/uploads\/2020\/12\/Foto-7-12-20-7-09-20-600x300.jpg 600w, https:\/\/bisbalpenedes.com\/web\/wp-content\/uploads\/2020\/12\/Foto-7-12-20-7-09-20-300x150.jpg 300w, https:\/\/bisbalpenedes.com\/web\/wp-content\/uploads\/2020\/12\/Foto-7-12-20-7-09-20-768x384.jpg 768w\" sizes=\"(max-width: 630px) 100vw, 630px\" \/><\/a><\/p>\n<p style=\"text-align: justify;\"><span style=\"color: #000000;\">L\u2019Ajuntament de la Bisbal del Pened\u00e8s s\u2019adhereix a la campanya \u201cFes que destaqui\u201d de l\u2019Associaci\u00f3 Catalana de Municipis (ACM).<\/span><\/p>\n<p style=\"text-align: justify;\"><span style=\"color: #000000;\">La campanya persegueix l\u2019objectiu de conscienciar, informar, difondre i sensibilitzar en l\u2019\u00fas de la mascareta i el compliment de les mesures de seguretat, higiene i protecci\u00f3 i s\u2019ha organitzat perqu\u00e8 funcioni en paral\u00b7lel i vinculada a La Marat\u00f3 de TV3 d\u2019enguany, que se centra en la pand\u00e8mia de COVID-19.<\/span><\/p>\n<p style=\"text-align: justify;\"><span style=\"color: #000000;\">L\u2019ACM far\u00e0 un donatiu de 50\u20ac a La Marat\u00f3 per cada municipi que s\u2019adhereixi a la campanya, com \u00e9s el cas de La Bisbal del Pened\u00e8s, que difondr\u00e0 el material i els missatges a trav\u00e9s de les xarxes socials.<\/span><\/p>\n<hr \/>\n<p style=\"text-align: justify;\"><span style=\"color: #000000;\"><strong>CASTELLANO |<\/strong> El Ayuntamiento de la Bisbal del Pened\u00e8s se adhiere a la campa\u00f1a \u201cFes que destaqui\u201d de la Associaci\u00f3 Catalana de Municipis (ACM).<\/span><\/p>\n<p style=\"text-align: justify;\"><span style=\"color: #000000;\">La campa\u00f1a persigue el objetivo de concienciar, informar, difundir y sensibilizar en el uso de la mascarilla y el cumplimiento de las medidas de seguridad, higiene y protecci\u00f3n y se ha organizado para que funcione en paralelo y vinculada a La Marat\u00f3 de TV3 de este a\u00f1o, que se centra en la pandemia de COVID-19.<\/span><\/p>\n<p style=\"text-align: justify;\"><span style=\"color: #000000;\">La ACM har\u00e1 un donativo de 50\u20ac a La Marat\u00f3 por cada municipio que se adhiera a la campa\u00f1a, como es el caso de La Bisbal del Pened\u00e8s, que difundir\u00e1 el material y los mensajes a trav\u00e9s de las redes sociales.<\/span><\/p>\n<p>&nbsp;<\/p>\n<p>&nbsp;<\/p>\n","protected":false},"excerpt":{"rendered":"<p>L\u2019Ajuntament de la Bisbal del Pened\u00e8s s\u2019adhereix a la campanya \u201cFes que destaqui\u201d de l\u2019Associaci\u00f3 Catalana de Municipis (ACM). La campanya persegueix l\u2019objectiu de conscienciar, informar, difondre i sensibilitzar en &hellip; <a href=\"https:\/\/bisbalpenedes.com\/web\/2020\/12\/07\/lajuntament-de-la-bisbal-del-penedes-sadhereix-a-la-campanya-fes-que-destaqui-de-lassociacio-catalana-de-municipis-acm\/\" class=\"more-link\">Read More<\/a><\/p>\n","protected":false},"author":4,"featured_media":15662,"comment_status":"closed","ping_status":"closed","sticky":false,"template":"","format":"standard","meta":[],"categories":[8,14],"tags":[874,4259,2624,4258],"_links":{"self":[{"href":"https:\/\/bisbalpenedes.com\/web\/wp-json\/wp\/v2\/posts\/15660"}],"collection":[{"href":"https:\/\/bisbalpenedes.com\/web\/wp-json\/wp\/v2\/posts"}],"about":[{"href":"https:\/\/bisbalpenedes.com\/web\/wp-json\/wp\/v2\/types\/post"}],"author":[{"embeddable":true,"href":"https:\/\/bisbalpenedes.com\/web\/wp-json\/wp\/v2\/users\/4"}],"replies":[{"embeddable":true,"href":"https:\/\/bisbalpenedes.com\/web\/wp-json\/wp\/v2\/comments?post=15660"}],"version-history":[{"count":3,"href":"https:\/\/bisbalpenedes.com\/web\/wp-json\/wp\/v2\/posts\/15660\/revisions"}],"predecessor-version":[{"id":15665,"href":"https:\/\/bisbalpenedes.com\/web\/wp-json\/wp\/v2\/posts\/15660\/revisions\/15665"}],"wp:featuredmedia":[{"embeddable":true,"href":"https:\/\/bisbalpenedes.com\/web\/wp-json\/wp\/v2\/media\/15662"}],"wp:attachment":[{"href":"https:\/\/bisbalpenedes.com\/web\/wp-json\/wp\/v2\/media?parent=15660"}],"wp:term":[{"taxonomy":"category","embeddable":true,"href":"https:\/\/bisbalpenedes.com\/web\/wp-json\/wp\/v2\/categories?post=15660"},{"taxonomy":"post_tag","embeddable":true,"href":"https:\/\/bisbalpenedes.com\/web\/wp-json\/wp\/v2\/tags?post=15660"}],"curies":[{"name":"wp","href":"https:\/\/api.w.org\/{rel}","templated":true}]}}