{"id":15654,"date":"2020-12-07T07:24:09","date_gmt":"2020-12-07T05:24:09","guid":{"rendered":"http:\/\/bisbalpenedes.com\/web\/?p=15654"},"modified":"2020-12-07T07:35:27","modified_gmt":"2020-12-07T05:35:27","slug":"calendari-del-contribuent-de-lany-2021","status":"publish","type":"post","link":"https:\/\/bisbalpenedes.com\/web\/2020\/12\/07\/calendari-del-contribuent-de-lany-2021\/","title":{"rendered":"Calendari del contribuent de l&#8217;any 2021"},"content":{"rendered":"<p style=\"text-align: justify;\"><span style=\"color: #000000;\">El Ple extraordinari del 4 de desembre de 2020 va aprovar el calendari fiscal per a l\u2019any 2021. Els per\u00edodes de pagament en volunt\u00e0ria s\u00f3n els que s\u2019indiquen a continuaci\u00f3.<\/span><\/p>\n<table>\n<tbody>\n<tr>\n<td width=\"216\"><span style=\"color: #000000;\">CONCEPTE<\/span><\/td>\n<td width=\"216\"><span style=\"color: #000000;\">PER\u00cdODE DE PAGAMENT<\/span><\/td>\n<\/tr>\n<tr>\n<td width=\"216\"><span style=\"color: #000000;\">Taxa de conservaci\u00f3 cementiri<\/span><\/td>\n<td width=\"216\"><span style=\"color: #000000;\">31\/01\/2021 \u2013 31\/03\/2021<\/span><\/td>\n<\/tr>\n<tr>\n<td width=\"216\"><span style=\"color: #000000;\">Taxa d\u2019escombraries (1r rebut)<\/span><\/td>\n<td width=\"216\"><span style=\"color: #000000;\">31\/03\/2021 \u2013 31\/05\/2021<\/span><\/td>\n<\/tr>\n<tr>\n<td width=\"216\"><span style=\"color: #000000;\">Impost Vehicles tracci\u00f3 mec\u00e0nica<\/span><\/td>\n<td width=\"216\"><span style=\"color: #000000;\">31\/03\/2021 \u2013 31\/05\/2021<\/span><\/td>\n<\/tr>\n<tr>\n<td width=\"216\"><span style=\"color: #000000;\">IBI urbana (1r rebut)<\/span><\/td>\n<td width=\"216\"><span style=\"color: #000000;\">30\/04\/2021 \u2013 30\/06\/2021<\/span><\/td>\n<\/tr>\n<tr>\n<td width=\"216\"><span style=\"color: #000000;\">IBI caracter\u00edstiques especials<\/span><\/td>\n<td width=\"216\"><span style=\"color: #000000;\">30\/04\/2021 \u2013 30\/06\/2021<\/span><\/td>\n<\/tr>\n<tr>\n<td width=\"216\"><span style=\"color: #000000;\">IBI r\u00fastica<\/span><\/td>\n<td width=\"216\"><span style=\"color: #000000;\">30\/06\/2021 \u2013 31\/08\/2021<\/span><\/td>\n<\/tr>\n<tr>\n<td width=\"216\"><span style=\"color: #000000;\">Taxa d\u2019Ocupaci\u00f3 domini p\u00fablic<\/span><\/td>\n<td width=\"216\"><span style=\"color: #000000;\">30\/06\/2021 \u2013 31\/08\/2021<\/span><\/td>\n<\/tr>\n<tr>\n<td width=\"216\"><span style=\"color: #000000;\">IAE<\/span><\/td>\n<td width=\"216\"><span style=\"color: #000000;\">30\/07\/2021 \u2013 30\/09\/2021<\/span><\/td>\n<\/tr>\n<tr>\n<td width=\"216\"><span style=\"color: #000000;\">Taxa d\u2019escombraries (2n rebut)<\/span><\/td>\n<td width=\"216\"><span style=\"color: #000000;\">30\/07\/2021 \u2013 30\/09\/2021<\/span><\/td>\n<\/tr>\n<tr>\n<td width=\"216\"><span style=\"color: #000000;\">IBI urbana (2n rebut)<\/span><\/td>\n<td width=\"216\"><span style=\"color: #000000;\">27\/08\/2021 \u2013 29\/10\/2021<\/span><\/td>\n<\/tr>\n<\/tbody>\n<\/table>\n<p style=\"text-align: justify;\"><span style=\"color: #000000;\">BASE ofereix el Compte de Pagament Personalitzat, que facilita el\u00a0<strong>pagament en 9 mensualitats\u00a0<\/strong>dels tributs en venciment peri\u00f2dic i per\u00edode voluntari que el subjecte hagi de satisfer al llarg d\u2019un exercici, corresponents a:<\/span><\/p>\n<ul style=\"text-align: justify;\">\n<li><span style=\"color: #000000;\"><strong>Impost d\u2019Activitats Econ\u00f2miques<\/strong>.\u00a0<\/span><\/li>\n<li><span style=\"color: #000000;\"><strong>Impost sobre B\u00e9ns Immobles\u00a0<\/strong>(R\u00fastica i Urbana).\u00a0<\/span><\/li>\n<li><span style=\"color: #000000;\"><strong>Impost sobre Vehicles de Tracci\u00f3 Mec\u00e0nica<\/strong>.\u00a0<\/span><\/li>\n<li><span style=\"color: #000000;\"><strong>Taxes de venciment peri\u00f2dic de car\u00e0cter col\u00b7lectiu<\/strong>, excepte la taxa de subministrament d\u2019aigua.<\/span><\/li>\n<\/ul>\n<p style=\"text-align: justify;\"><span style=\"color: #000000;\">El podeu sol\u00b7licitar fins al 31 de desembre de 2020 a <a href=\"http:\/\/www.base.cat\" target=\"_blank\">www.base.cat <\/a>o presencialment, en qualsevol de les oficines de BASE.<\/span><\/p>\n<p style=\"text-align: justify;\"><span style=\"color: #000000;\">Per a m\u00e9s informaci\u00f3 podeu descarregar-vos el\u00a0<a style=\"color: #000000;\" href=\"https:\/\/www.base.cat\/web\/_recursos\/PDF\/Premsa\/base_triptic_WEB.pdf\">tr\u00edptic<\/a>\u00a0o entrar a l\u2019enlla\u00e7:\u00a0<a style=\"color: #000000;\" href=\"https:\/\/www.base.cat\/web\/ca\/ciutadans\/Tramits\/RecaptacioImpostos\/Voluntaria\/PagamentPersonalitzat\/PagamentPersonalitzat.html\">https:\/\/www.base.cat\/web\/ca\/ciutadans\/Tramits\/RecaptacioImpostos\/Voluntaria\/PagamentPersonalitzat\/PagamentPersonalitzat.html<\/a>\u00a0<\/span><\/p>\n<hr \/>\n<p style=\"text-align: justify;\"><span style=\"color: #000000;\"><strong>CASTELLANO |<\/strong> El Pleno extraordinario del 4 de diciembre de 2020 aprob\u00f3 el calendario fiscal para el a\u00f1o 2021. Los periodos de pago en voluntaria son los que se indican a continuaci\u00f3n:<\/span><\/p>\n<table width=\"432\">\n<tbody>\n<tr>\n<td width=\"225\"><span style=\"color: #000000;\">CONCEPTO<\/span><\/td>\n<td width=\"207\"><span style=\"color: #000000;\">PERIODO DE PAGO<\/span><\/td>\n<\/tr>\n<tr>\n<td width=\"225\"><span style=\"color: #000000;\">Tasa de conservaci\u00f3n del cementerio<\/span><\/td>\n<td width=\"207\"><span style=\"color: #000000;\">31\/01\/2021 \u2013 31\/03\/2021<\/span><\/td>\n<\/tr>\n<tr>\n<td width=\"225\"><span style=\"color: #000000;\">Tasa de basuras (1\u00ba recibo)<\/span><\/td>\n<td width=\"207\"><span style=\"color: #000000;\">31\/03\/2021 \u2013 31\/05\/2021<\/span><\/td>\n<\/tr>\n<tr>\n<td width=\"225\"><span style=\"color: #000000;\">Impuesto Veh\u00edculos tracci\u00f3n mec\u00e1nica<\/span><\/td>\n<td width=\"207\"><span style=\"color: #000000;\">31\/03\/2021 \u2013 31\/05\/2021<\/span><\/td>\n<\/tr>\n<tr>\n<td width=\"225\"><span style=\"color: #000000;\">IBI urbana (1\u00ba recibo)<\/span><\/td>\n<td width=\"207\"><span style=\"color: #000000;\">30\/04\/2021 \u2013 30\/06\/2021<\/span><\/td>\n<\/tr>\n<tr>\n<td width=\"225\"><span style=\"color: #000000;\">IBI caracter\u00edsticas especiales<\/span><\/td>\n<td width=\"207\"><span style=\"color: #000000;\">30\/04\/2021 \u2013 30\/06\/2021<\/span><\/td>\n<\/tr>\n<tr>\n<td width=\"225\"><span style=\"color: #000000;\">IBI r\u00fastica<\/span><\/td>\n<td width=\"207\"><span style=\"color: #000000;\">30\/06\/2021 \u2013 31\/08\/2021<\/span><\/td>\n<\/tr>\n<tr>\n<td width=\"225\"><span style=\"color: #000000;\">Tasa de Ocupaci\u00f3n dominio p\u00fablico<\/span><\/td>\n<td width=\"207\"><span style=\"color: #000000;\">30\/06\/2021 \u2013 31\/08\/2021<\/span><\/td>\n<\/tr>\n<tr>\n<td width=\"225\"><span style=\"color: #000000;\">IAE<\/span><\/td>\n<td width=\"207\"><span style=\"color: #000000;\">30\/07\/2021 \u2013 30\/09\/2021<\/span><\/td>\n<\/tr>\n<tr>\n<td width=\"225\"><span style=\"color: #000000;\">Tasa de basuras (2\u00ba recibo)<\/span><\/td>\n<td width=\"207\"><span style=\"color: #000000;\">30\/07\/2021 \u2013 30\/09\/2021<\/span><\/td>\n<\/tr>\n<tr>\n<td width=\"225\"><span style=\"color: #000000;\">IBI urbana (2\u00ba recibo)<\/span><\/td>\n<td width=\"207\"><span style=\"color: #000000;\">27\/08\/2021 \u2013 29\/10\/2021<\/span><\/td>\n<\/tr>\n<\/tbody>\n<\/table>\n<p style=\"text-align: justify;\"><span style=\"color: #000000;\">BASE ofrece el Compte de Pagament Personalitzat, que\u00a0<strong>facilita el pago en 9 mensualidades<\/strong>\u00a0de los tributos en vencimiento peri\u00f3dico y per\u00edodo voluntario que el sujeto tenga que satisfacer a lo largo de un ejercicio, correspondientes a:<\/span><\/p>\n<ul style=\"text-align: justify;\">\n<li><span style=\"color: #000000;\"><strong>Impuesto de Actividades Econ\u00f3micas<\/strong><\/span><\/li>\n<li><span style=\"color: #000000;\"><strong>Impuesto sobre Bienes Inmuebles (R\u00fastica y Urbana)<\/strong><\/span><\/li>\n<li><span style=\"color: #000000;\"><strong>Impuesto sobre Veh\u00edculos de Tracci\u00f3n Mec\u00e1nica\u00a0<\/strong><\/span><\/li>\n<li><span style=\"color: #000000;\"><strong>Tasas de vencimiento peri\u00f3dico de car\u00e1cter colectivo, excepto la tasa de suministro de agua.\u00a0<\/strong><\/span><\/li>\n<\/ul>\n<p style=\"text-align: justify;\"><span style=\"color: #000000;\">Lo pod\u00e9is solicitar hasta el 31 de diciembre de 2020 en www.base.cat o presencialmente, en cualquier oficina de BASE.<\/span><\/p>\n<p style=\"text-align: justify;\"><span style=\"color: #000000;\">Para m\u00e1s informaci\u00f3n pod\u00e9is descargaros el\u00a0<a style=\"color: #000000;\" href=\"https:\/\/www.base.cat\/web\/_recursos\/PDF\/Premsa\/base_triptic_WEB.pdf\">tr\u00edptico<\/a>\u00a0o entrar en el enlace:\u00a0<a style=\"color: #000000;\" href=\"https:\/\/www.base.cat\/web\/ca\/ciutadans\/Tramits\/RecaptacioImpostos\/Voluntaria\/PagamentPersonalitzat\/PagamentPersonalitzat.html\">https:\/\/www.base.cat\/web\/ca\/ciutadans\/Tramits\/RecaptacioImpostos\/Voluntaria\/PagamentPersonalitzat\/PagamentPersonalitzat.html<\/a>\u00a0\u00a0<\/span><\/p>\n","protected":false},"excerpt":{"rendered":"<p>El Ple extraordinari del 4 de desembre de 2020 va aprovar el calendari fiscal per a l\u2019any 2021. Els per\u00edodes de pagament en volunt\u00e0ria s\u00f3n els que s\u2019indiquen a continuaci\u00f3. &hellip; <a href=\"https:\/\/bisbalpenedes.com\/web\/2020\/12\/07\/calendari-del-contribuent-de-lany-2021\/\" class=\"more-link\">Read More<\/a><\/p>\n","protected":false},"author":4,"featured_media":6188,"comment_status":"closed","ping_status":"closed","sticky":false,"template":"","format":"standard","meta":[],"categories":[3835,8],"tags":[2012,1130,4257,2430,978,976,979],"_links":{"self":[{"href":"https:\/\/bisbalpenedes.com\/web\/wp-json\/wp\/v2\/posts\/15654"}],"collection":[{"href":"https:\/\/bisbalpenedes.com\/web\/wp-json\/wp\/v2\/posts"}],"about":[{"href":"https:\/\/bisbalpenedes.com\/web\/wp-json\/wp\/v2\/types\/post"}],"author":[{"embeddable":true,"href":"https:\/\/bisbalpenedes.com\/web\/wp-json\/wp\/v2\/users\/4"}],"replies":[{"embeddable":true,"href":"https:\/\/bisbalpenedes.com\/web\/wp-json\/wp\/v2\/comments?post=15654"}],"version-history":[{"count":4,"href":"https:\/\/bisbalpenedes.com\/web\/wp-json\/wp\/v2\/posts\/15654\/revisions"}],"predecessor-version":[{"id":15658,"href":"https:\/\/bisbalpenedes.com\/web\/wp-json\/wp\/v2\/posts\/15654\/revisions\/15658"}],"wp:featuredmedia":[{"embeddable":true,"href":"https:\/\/bisbalpenedes.com\/web\/wp-json\/wp\/v2\/media\/6188"}],"wp:attachment":[{"href":"https:\/\/bisbalpenedes.com\/web\/wp-json\/wp\/v2\/media?parent=15654"}],"wp:term":[{"taxonomy":"category","embeddable":true,"href":"https:\/\/bisbalpenedes.com\/web\/wp-json\/wp\/v2\/categories?post=15654"},{"taxonomy":"post_tag","embeddable":true,"href":"https:\/\/bisbalpenedes.com\/web\/wp-json\/wp\/v2\/tags?post=15654"}],"curies":[{"name":"wp","href":"https:\/\/api.w.org\/{rel}","templated":true}]}}