{"id":15651,"date":"2020-12-07T07:05:50","date_gmt":"2020-12-07T05:05:50","guid":{"rendered":"http:\/\/bisbalpenedes.com\/web\/?p=15651"},"modified":"2020-12-07T07:06:33","modified_gmt":"2020-12-07T05:06:33","slug":"el-cmc-acollira-la-projeccio-de-las-ninas-del-cicle-gaudi-el-dissabte-12-de-desembre-a-les-18h","status":"publish","type":"post","link":"https:\/\/bisbalpenedes.com\/web\/2020\/12\/07\/el-cmc-acollira-la-projeccio-de-las-ninas-del-cicle-gaudi-el-dissabte-12-de-desembre-a-les-18h\/","title":{"rendered":"El CMC acollir\u00e0 la projecci\u00f3 de &#8216;Las ni\u00f1as&#8217; del Cicle Gaud\u00ed el dissabte 12 de desembre a les 18h"},"content":{"rendered":"<p style=\"text-align: justify;\"><a href=\"http:\/\/bisbalpenedes.com\/web\/wp-content\/uploads\/2020\/12\/cicle-gaudi-desembre-VISUAL_A3_LAS_NINAS_LA_BISBAL_PENEDES.jpg\"><img loading=\"lazy\" class=\"aligncenter size-large wp-image-15652\" src=\"http:\/\/bisbalpenedes.com\/web\/wp-content\/uploads\/2020\/12\/cicle-gaudi-desembre-VISUAL_A3_LAS_NINAS_LA_BISBAL_PENEDES-725x1024.jpg\" alt=\"cicle gaudi desembre VISUAL_A3_LAS_NINAS_LA_BISBAL_PENEDES\" width=\"630\" height=\"890\" srcset=\"https:\/\/bisbalpenedes.com\/web\/wp-content\/uploads\/2020\/12\/cicle-gaudi-desembre-VISUAL_A3_LAS_NINAS_LA_BISBAL_PENEDES-725x1024.jpg 725w, https:\/\/bisbalpenedes.com\/web\/wp-content\/uploads\/2020\/12\/cicle-gaudi-desembre-VISUAL_A3_LAS_NINAS_LA_BISBAL_PENEDES-600x848.jpg 600w, https:\/\/bisbalpenedes.com\/web\/wp-content\/uploads\/2020\/12\/cicle-gaudi-desembre-VISUAL_A3_LAS_NINAS_LA_BISBAL_PENEDES-212x300.jpg 212w, https:\/\/bisbalpenedes.com\/web\/wp-content\/uploads\/2020\/12\/cicle-gaudi-desembre-VISUAL_A3_LAS_NINAS_LA_BISBAL_PENEDES-768x1085.jpg 768w, https:\/\/bisbalpenedes.com\/web\/wp-content\/uploads\/2020\/12\/cicle-gaudi-desembre-VISUAL_A3_LAS_NINAS_LA_BISBAL_PENEDES.jpg 1124w\" sizes=\"(max-width: 630px) 100vw, 630px\" \/><\/a><\/p>\n<p style=\"text-align: center;\"><iframe loading=\"lazy\" src=\"https:\/\/www.youtube.com\/embed\/RIs3LnUiEHo\" width=\"560\" height=\"315\" frameborder=\"0\" allowfullscreen=\"allowfullscreen\"><\/iframe><\/p>\n<p style=\"text-align: justify;\"><span style=\"color: #000000;\">El dissabte 12 de desembre, a les 18h, projectarem la pel\u00b7l\u00edcula Las ni\u00f1as.<\/span><\/p>\n<p style=\"text-align: justify;\"><span style=\"color: #000000;\">Les taquilles s\u2019obriran 30 minuts abans amb l\u2019objectiu de tenir un control dels assistents i poder-los ubicar respectant totes les mesures de seguretat per la Covid-19. L\u2019aforament ser\u00e0 limitat.<\/span><\/p>\n<p style=\"text-align: justify;\"><span style=\"color: #000000;\">El preu general de l\u2019entrada \u00e9s de 4,5\u20ac i s\u2019ofereix un preu redu\u00eft de 3\u20ac presentant el carnet de la Biblioteca Municipal de La Bisbal.<\/span><\/p>\n<p style=\"text-align: justify;\"><span style=\"color: #000000;\">Quant a la recaptaci\u00f3, aquesta es destinar\u00e0 a l\u2019entitat del poble que s\u2019encarregui de gestionar la taquilla.<\/span><\/p>\n<p style=\"text-align: justify;\"><span style=\"color: #000000;\"><strong>FITXA T\u00c8CNICA<\/strong><\/span><\/p>\n<p style=\"text-align: justify;\"><span style=\"color: #000000;\">Direcci\u00f3: Pilar Palomero<\/span><\/p>\n<p style=\"text-align: justify;\"><span style=\"color: #000000;\">Gui\u00f3: Pilar Palomero<\/span><\/p>\n<p style=\"text-align: justify;\"><span style=\"color: #000000;\">Direcci\u00f3 art\u00edstica: M\u00f3nica Bernuy<\/span><\/p>\n<p style=\"text-align: justify;\"><span style=\"color: #000000;\">Direcci\u00f3 de fotografia: Daniela Cajias<\/span><\/p>\n<p style=\"text-align: justify;\"><span style=\"color: #000000;\">Estrena: Setembre de 2020<\/span><\/p>\n<p style=\"text-align: justify;\"><span style=\"color: #000000;\">Durada: 90 minuts<\/span><\/p>\n<p style=\"text-align: justify;\"><span style=\"color: #000000;\">G\u00e8nere: Drama per a tots els p\u00fablics<\/span><\/p>\n<p style=\"text-align: justify;\"><span style=\"color: #000000;\">Int\u00e8rprets: Natalia de Molina, Andrea Fandos, Francesca Pi\u00f1\u00f3n, Zoe Arnao, Julia Sierra<\/span><\/p>\n<p style=\"text-align: justify;\"><span style=\"color: #000000;\"><strong>SINOPSI<\/strong><\/span><\/p>\n<p style=\"text-align: justify;\"><span style=\"color: #000000;\">La C\u00e8lia, una nena d\u2019onze anys que viu amb la seva mare a Saragossa, ha crescut sense q\u00fcestionar mai res d\u2019all\u00f2 que l\u2019envolta. L\u2019arribada de la Brisa a l\u2019escola de monges on estudia i la seva nova amistat amb un grup de noies m\u00e9s grans que ella, l\u2019empeny cap a una nova etapa de la seva vida: l\u2019adolesc\u00e8ncia.<\/span><\/p>\n<p style=\"text-align: justify;\"><span style=\"color: #000000;\">En aquest viatge, en l\u2019Espanya de les Olimp\u00edades i l\u2019Expo de Sevilla, la C\u00e8lia descobreix que la vida est\u00e0 feta de moltes veritats i algunes mentides.<\/span><\/p>\n<hr \/>\n<p style=\"text-align: justify;\"><span style=\"color: #000000;\"><strong>CASTELLANO |\u00a0<\/strong>El s\u00e1bado 12 de diciembre, a las 18h, proyectaremos la pel\u00edcula Las ni\u00f1as.<\/span><\/p>\n<p style=\"text-align: justify;\"><span style=\"color: #000000;\">Las taquillas se abrir\u00e1n 30 minutos antes con el objetivo de tener el control de los asistentes y poderlos ubicar respetando todas las medidas de seguridad por la Covid-19. El aforo ser\u00e1 limitado.<\/span><\/p>\n<p style=\"text-align: justify;\"><span style=\"color: #000000;\">El precio general de la entrada es de 4,5\u20ac y se ofrece un precio reducido de 3\u20ac presentando el carn\u00e9 de la Biblioteca Municipal de la Bisbal.<\/span><\/p>\n<p style=\"text-align: justify;\"><span style=\"color: #000000;\">En cuanto a la recaudaci\u00f3n, esta se destinar\u00e1 a la entidad del pueblo que se encargue de gestionar la taquilla.<\/span><\/p>\n<p style=\"text-align: justify;\"><span style=\"color: #000000;\"><strong>FICHA T\u00c9CNICA<\/strong><\/span><br \/>\n<span style=\"color: #000000;\"> Direcci\u00f3n: Pilar Palomero<\/span><\/p>\n<p style=\"text-align: justify;\"><span style=\"color: #000000;\">Gui\u00f3n: Pilar Palomero<\/span><\/p>\n<p style=\"text-align: justify;\"><span style=\"color: #000000;\">Direcci\u00f3n art\u00edstica: M\u00f3nica Mernuy<\/span><\/p>\n<p style=\"text-align: justify;\"><span style=\"color: #000000;\">Direcci\u00f3n de fotograf\u00eda: Daniela Cajias<\/span><\/p>\n<p style=\"text-align: justify;\"><span style=\"color: #000000;\">Estreno: Septiembre de 2020<\/span><\/p>\n<p style=\"text-align: justify;\"><span style=\"color: #000000;\">Duraci\u00f3n: 90 minutos<\/span><\/p>\n<p style=\"text-align: justify;\"><span style=\"color: #000000;\">G\u00e9nero: Drama para todos los p\u00fablicos<\/span><\/p>\n<p style=\"text-align: justify;\"><span style=\"color: #000000;\">Int\u00e9rpretes: Natalia de Molina, Andrea Fandos, Francesca Pi\u00f1\u00f3n, Zoe Arnao, Julia Sierra.<\/span><\/p>\n<p style=\"text-align: justify;\"><span style=\"color: #000000;\"><strong>SINOPSIS<\/strong><\/span><\/p>\n<p style=\"text-align: justify;\"><span style=\"color: #000000;\">C\u00e9lia, una ni\u00f1a de once a\u00f1os que vive con su madre en Zaragoza, ha crecido sin cuestionar nunca nada de aquello que la rodea. La llegada de Brisa al colegio de monjas en el que estudia y su nueva amistad con un grupo de chicas mayores que ella, la empuja hacia una nueva etapa de su vida: la adolescencia.<\/span><\/p>\n<p style=\"text-align: justify;\"><span style=\"color: #000000;\">En este viaje, en la Espa\u00f1a de las Olimpiadas y la Expo de Sevilla, C\u00e9lia descubre que la vida est\u00e1 hecha de muchas verdades y algunas mentiras.<\/span><\/p>\n","protected":false},"excerpt":{"rendered":"<p>El dissabte 12 de desembre, a les 18h, projectarem la pel\u00b7l\u00edcula Las ni\u00f1as. Les taquilles s\u2019obriran 30 minuts abans amb l\u2019objectiu de tenir un control dels assistents i poder-los ubicar &hellip; <a href=\"https:\/\/bisbalpenedes.com\/web\/2020\/12\/07\/el-cmc-acollira-la-projeccio-de-las-ninas-del-cicle-gaudi-el-dissabte-12-de-desembre-a-les-18h\/\" class=\"more-link\">Read More<\/a><\/p>\n","protected":false},"author":4,"featured_media":15652,"comment_status":"closed","ping_status":"closed","sticky":false,"template":"","format":"standard","meta":[],"categories":[2942,13,8],"tags":[308,307,771,350],"_links":{"self":[{"href":"https:\/\/bisbalpenedes.com\/web\/wp-json\/wp\/v2\/posts\/15651"}],"collection":[{"href":"https:\/\/bisbalpenedes.com\/web\/wp-json\/wp\/v2\/posts"}],"about":[{"href":"https:\/\/bisbalpenedes.com\/web\/wp-json\/wp\/v2\/types\/post"}],"author":[{"embeddable":true,"href":"https:\/\/bisbalpenedes.com\/web\/wp-json\/wp\/v2\/users\/4"}],"replies":[{"embeddable":true,"href":"https:\/\/bisbalpenedes.com\/web\/wp-json\/wp\/v2\/comments?post=15651"}],"version-history":[{"count":1,"href":"https:\/\/bisbalpenedes.com\/web\/wp-json\/wp\/v2\/posts\/15651\/revisions"}],"predecessor-version":[{"id":15653,"href":"https:\/\/bisbalpenedes.com\/web\/wp-json\/wp\/v2\/posts\/15651\/revisions\/15653"}],"wp:featuredmedia":[{"embeddable":true,"href":"https:\/\/bisbalpenedes.com\/web\/wp-json\/wp\/v2\/media\/15652"}],"wp:attachment":[{"href":"https:\/\/bisbalpenedes.com\/web\/wp-json\/wp\/v2\/media?parent=15651"}],"wp:term":[{"taxonomy":"category","embeddable":true,"href":"https:\/\/bisbalpenedes.com\/web\/wp-json\/wp\/v2\/categories?post=15651"},{"taxonomy":"post_tag","embeddable":true,"href":"https:\/\/bisbalpenedes.com\/web\/wp-json\/wp\/v2\/tags?post=15651"}],"curies":[{"name":"wp","href":"https:\/\/api.w.org\/{rel}","templated":true}]}}