{"id":15645,"date":"2020-12-06T12:28:36","date_gmt":"2020-12-06T10:28:36","guid":{"rendered":"http:\/\/bisbalpenedes.com\/web\/?p=15645"},"modified":"2020-12-06T12:28:36","modified_gmt":"2020-12-06T10:28:36","slug":"avis-per-vent-per-diumenge","status":"publish","type":"post","link":"https:\/\/bisbalpenedes.com\/web\/2020\/12\/06\/avis-per-vent-per-diumenge\/","title":{"rendered":"Av\u00eds per vent per diumenge"},"content":{"rendered":"<p style=\"text-align: justify;\"><span style=\"color: #000000;\">Hi ha un av\u00eds per vent, del Servei Meteorol\u00f2gic de Catalunya, actiu fins a la tarda. Extremeu les precaucions.<\/span><\/p>\n<hr \/>\n<p style=\"text-align: justify;\"><span style=\"color: #000000;\">Hay un aviso por viento, del Servei Meteorol\u00f2gic de Catalunya, activo hasta esta tarde. Extremad las precauciones.<\/span><\/p>\n<p style=\"text-align: justify;\"><a href=\"http:\/\/bisbalpenedes.com\/web\/wp-content\/uploads\/2020\/12\/EF9D1F58-A351-4AE7-A513-B71A0449FD4F.jpeg\"><img loading=\"lazy\" class=\"aligncenter size-large wp-image-15646\" src=\"http:\/\/bisbalpenedes.com\/web\/wp-content\/uploads\/2020\/12\/EF9D1F58-A351-4AE7-A513-B71A0449FD4F-768x1024.jpeg\" alt=\"EF9D1F58-A351-4AE7-A513-B71A0449FD4F\" width=\"630\" height=\"840\" srcset=\"https:\/\/bisbalpenedes.com\/web\/wp-content\/uploads\/2020\/12\/EF9D1F58-A351-4AE7-A513-B71A0449FD4F-768x1024.jpeg 768w, https:\/\/bisbalpenedes.com\/web\/wp-content\/uploads\/2020\/12\/EF9D1F58-A351-4AE7-A513-B71A0449FD4F-600x800.jpeg 600w, https:\/\/bisbalpenedes.com\/web\/wp-content\/uploads\/2020\/12\/EF9D1F58-A351-4AE7-A513-B71A0449FD4F-225x300.jpeg 225w, https:\/\/bisbalpenedes.com\/web\/wp-content\/uploads\/2020\/12\/EF9D1F58-A351-4AE7-A513-B71A0449FD4F-scaled.jpeg 1920w\" sizes=\"(max-width: 630px) 100vw, 630px\" \/><br \/>\n<\/a><a href=\"http:\/\/bisbalpenedes.com\/web\/wp-content\/uploads\/2020\/10\/quan-bufa-el-vent.jpg\"><img loading=\"lazy\" class=\"aligncenter size-full wp-image-14798\" src=\"http:\/\/bisbalpenedes.com\/web\/wp-content\/uploads\/2020\/10\/quan-bufa-el-vent.jpg\" alt=\"quan bufa el vent\" width=\"800\" height=\"800\" srcset=\"https:\/\/bisbalpenedes.com\/web\/wp-content\/uploads\/2020\/10\/quan-bufa-el-vent.jpg 800w, https:\/\/bisbalpenedes.com\/web\/wp-content\/uploads\/2020\/10\/quan-bufa-el-vent-300x300.jpg 300w, https:\/\/bisbalpenedes.com\/web\/wp-content\/uploads\/2020\/10\/quan-bufa-el-vent-100x100.jpg 100w, https:\/\/bisbalpenedes.com\/web\/wp-content\/uploads\/2020\/10\/quan-bufa-el-vent-600x600.jpg 600w, https:\/\/bisbalpenedes.com\/web\/wp-content\/uploads\/2020\/10\/quan-bufa-el-vent-150x150.jpg 150w, https:\/\/bisbalpenedes.com\/web\/wp-content\/uploads\/2020\/10\/quan-bufa-el-vent-768x768.jpg 768w\" sizes=\"(max-width: 800px) 100vw, 800px\" \/><\/a><\/p>\n","protected":false},"excerpt":{"rendered":"<p>Hi ha un av\u00eds per vent, del Servei Meteorol\u00f2gic de Catalunya, actiu fins a la tarda. Extremeu les precaucions. Hay un aviso por viento, del Servei Meteorol\u00f2gic de Catalunya, activo &hellip; <a href=\"https:\/\/bisbalpenedes.com\/web\/2020\/12\/06\/avis-per-vent-per-diumenge\/\" class=\"more-link\">Read More<\/a><\/p>\n","protected":false},"author":4,"featured_media":15646,"comment_status":"closed","ping_status":"closed","sticky":false,"template":"","format":"standard","meta":[],"categories":[1628,2543,8],"tags":[],"_links":{"self":[{"href":"https:\/\/bisbalpenedes.com\/web\/wp-json\/wp\/v2\/posts\/15645"}],"collection":[{"href":"https:\/\/bisbalpenedes.com\/web\/wp-json\/wp\/v2\/posts"}],"about":[{"href":"https:\/\/bisbalpenedes.com\/web\/wp-json\/wp\/v2\/types\/post"}],"author":[{"embeddable":true,"href":"https:\/\/bisbalpenedes.com\/web\/wp-json\/wp\/v2\/users\/4"}],"replies":[{"embeddable":true,"href":"https:\/\/bisbalpenedes.com\/web\/wp-json\/wp\/v2\/comments?post=15645"}],"version-history":[{"count":1,"href":"https:\/\/bisbalpenedes.com\/web\/wp-json\/wp\/v2\/posts\/15645\/revisions"}],"predecessor-version":[{"id":15647,"href":"https:\/\/bisbalpenedes.com\/web\/wp-json\/wp\/v2\/posts\/15645\/revisions\/15647"}],"wp:featuredmedia":[{"embeddable":true,"href":"https:\/\/bisbalpenedes.com\/web\/wp-json\/wp\/v2\/media\/15646"}],"wp:attachment":[{"href":"https:\/\/bisbalpenedes.com\/web\/wp-json\/wp\/v2\/media?parent=15645"}],"wp:term":[{"taxonomy":"category","embeddable":true,"href":"https:\/\/bisbalpenedes.com\/web\/wp-json\/wp\/v2\/categories?post=15645"},{"taxonomy":"post_tag","embeddable":true,"href":"https:\/\/bisbalpenedes.com\/web\/wp-json\/wp\/v2\/tags?post=15645"}],"curies":[{"name":"wp","href":"https:\/\/api.w.org\/{rel}","templated":true}]}}