{"id":15635,"date":"2020-12-05T20:31:45","date_gmt":"2020-12-05T18:31:45","guid":{"rendered":"http:\/\/bisbalpenedes.com\/web\/?p=15635"},"modified":"2020-12-05T20:31:45","modified_gmt":"2020-12-05T18:31:45","slug":"aquest-divendres-4-de-desembre-sha-celebrat-el-ple-extraordinari-de-pressupostos","status":"publish","type":"post","link":"https:\/\/bisbalpenedes.com\/web\/2020\/12\/05\/aquest-divendres-4-de-desembre-sha-celebrat-el-ple-extraordinari-de-pressupostos\/","title":{"rendered":"Aquest divendres 4 de desembre s&#8217;ha celebrat el Ple extraordinari de pressupostos"},"content":{"rendered":"<p style=\"text-align: center;\"><iframe loading=\"lazy\" src=\"https:\/\/www.youtube.com\/embed\/vXZXDFPUe5Y\" width=\"560\" height=\"315\" frameborder=\"0\" allowfullscreen=\"allowfullscreen\"><\/iframe><\/p>\n<p style=\"text-align: justify;\"><span style=\"color: #000000;\">Aquest divendres 4 de desembre, a les 08h, s\u2019ha celebrat un Ple extraordinari a l\u2019Ajuntament de la Bisbal del Pened\u00e8s. El Ple s\u2019ha celebrat presencialment i a porta tancada i posteriorment s\u2019ha publicat la gravaci\u00f3 a <a style=\"color: #000000;\" href=\"https:\/\/youtu.be\/vXZXDFPUe5Y\">Youtube<\/a>.<\/span><\/p>\n<p style=\"text-align: justify;\"><span style=\"color: #000000;\">El regidor d\u2019Units-FIC, Xavier Faura, ha assistit al Ple per\u00f2 ha hagut de marxar, fet pel qual no ha pogut votar en cap dels punts de l\u2019ordre del dia.<\/span><\/p>\n<p style=\"text-align: justify;\"><span style=\"color: #000000;\">Tot seguit us detallem els punts que s\u2019hi han tractat i el resultat de les votacions.<\/span><\/p>\n<p style=\"text-align: justify;\"><span style=\"color: #000000;\"><strong><u>1.-Elaboraci\u00f3 i aprovaci\u00f3 del pressupost de l\u2019exercici 2021.<\/u><\/strong><\/span><\/p>\n<p style=\"text-align: justify;\"><span style=\"color: #000000;\"><strong>S\u2019ha aprovat<\/strong>\u00a0inicialment amb els vots seg\u00fcents:<\/span><\/p>\n<p style=\"text-align: justify;\"><span style=\"color: #000000;\"><u>Vots a favor:<\/u>\u00a0Comprom\u00eds amb la Bisbal (6)<\/span><\/p>\n<p style=\"text-align: justify;\"><span style=\"color: #000000;\"><u>Vots en contra:<\/u> PSC (2), Ara la Bisbal (1) i ERC-AM (1)<\/span><\/p>\n<p style=\"text-align: justify;\"><span style=\"color: #000000;\"><u>Abstencions:<\/u> &#8211;<\/span><\/p>\n<p style=\"text-align: justify;\"><span style=\"color: #000000;\">Enlla\u00e7 al resum del pressupost aprovat:\u00a0<a href=\"http:\/\/bisbalpenedes.com\/web\/wp-content\/uploads\/2020\/12\/PRESSUPOST-MUNICIPAL-2021_Ajuntament-de-la-Bisbal-del-Penedes.pdf\">PRESSUPOST MUNICIPAL 2021_Ajuntament de la Bisbal del Penedes<\/a><\/span><\/p>\n<p style=\"text-align: justify;\"><span style=\"color: #000000;\"><strong>2.-Aprovaci\u00f3 del Calendari Fiscal 2021<\/strong><\/span><\/p>\n<p style=\"text-align: justify;\"><span style=\"color: #000000;\"><strong>S\u2019ha aprovat<\/strong> el Calendari Fiscal 2021.<\/span><\/p>\n<p style=\"text-align: justify;\"><span style=\"color: #000000;\"><u>Vots a favor :<\/u> Comprom\u00eds amb la Bisbal (6), PSC (2), Ara la Bisbal (1) i ERC-AM (1).<\/span><\/p>\n<p style=\"text-align: justify;\"><span style=\"color: #000000;\"><u>Vots en contra:<\/u> &#8211;<\/span><\/p>\n<p style=\"text-align: justify;\"><span style=\"color: #000000;\"><u>Abstencions:<\/u> &#8211;<\/span><\/p>\n<p style=\"text-align: justify;\"><span style=\"color: #000000;\">\u00c9s el seg\u00fcent:<\/span><\/p>\n<table>\n<tbody>\n<tr>\n<td width=\"216\"><span style=\"color: #000000;\">CONCEPTE<\/span><\/td>\n<td width=\"216\"><span style=\"color: #000000;\">PER\u00cdODE DE PAGAMENT<\/span><\/td>\n<\/tr>\n<tr>\n<td width=\"216\"><span style=\"color: #000000;\">Taxa de conservaci\u00f3 cementiri<\/span><\/td>\n<td width=\"216\"><span style=\"color: #000000;\">31\/01\/2021 \u2013 31\/03\/2021<\/span><\/td>\n<\/tr>\n<tr>\n<td width=\"216\"><span style=\"color: #000000;\">Taxa d\u2019escombraries (1r rebut)<\/span><\/td>\n<td width=\"216\"><span style=\"color: #000000;\">31\/03\/2021 \u2013 31\/05\/2021<\/span><\/td>\n<\/tr>\n<tr>\n<td width=\"216\"><span style=\"color: #000000;\">Impost Vehicles tracci\u00f3 mec\u00e0nica<\/span><\/td>\n<td width=\"216\"><span style=\"color: #000000;\">31\/03\/2021 \u2013 31\/05\/2021<\/span><\/td>\n<\/tr>\n<tr>\n<td width=\"216\"><span style=\"color: #000000;\">IBI urbana (1r rebut)<\/span><\/td>\n<td width=\"216\"><span style=\"color: #000000;\">30\/04\/2021 \u2013 30\/06\/2021<\/span><\/td>\n<\/tr>\n<tr>\n<td width=\"216\"><span style=\"color: #000000;\">IBI caracter\u00edstiques especials<\/span><\/td>\n<td width=\"216\"><span style=\"color: #000000;\">30\/04\/2021 \u2013 30\/06\/2021<\/span><\/td>\n<\/tr>\n<tr>\n<td width=\"216\"><span style=\"color: #000000;\">IBI r\u00fastica<\/span><\/td>\n<td width=\"216\"><span style=\"color: #000000;\">30\/06\/2021 \u2013 31\/08\/2021<\/span><\/td>\n<\/tr>\n<tr>\n<td width=\"216\"><span style=\"color: #000000;\">Taxa d\u2019Ocupaci\u00f3 domini p\u00fablic<\/span><\/td>\n<td width=\"216\"><span style=\"color: #000000;\">30\/06\/2021 \u2013 31\/08\/2021<\/span><\/td>\n<\/tr>\n<tr>\n<td width=\"216\"><span style=\"color: #000000;\">IAE<\/span><\/td>\n<td width=\"216\"><span style=\"color: #000000;\">30\/07\/2021 \u2013 30\/09\/2021<\/span><\/td>\n<\/tr>\n<tr>\n<td width=\"216\"><span style=\"color: #000000;\">Taxa d\u2019escombraries (2n rebut)<\/span><\/td>\n<td width=\"216\"><span style=\"color: #000000;\">30\/07\/2021 \u2013 30\/09\/2021<\/span><\/td>\n<\/tr>\n<tr>\n<td width=\"216\"><span style=\"color: #000000;\">IBI urbana (2n rebut)<\/span><\/td>\n<td width=\"216\"><span style=\"color: #000000;\">27\/08\/2021 \u2013 29\/10\/2021<\/span><\/td>\n<\/tr>\n<\/tbody>\n<\/table>\n<p style=\"text-align: justify;\"><span style=\"color: #000000;\"><strong>3.- Plans Estrat\u00e8gics de Subvencions per al 2021<\/strong><\/span><\/p>\n<p style=\"text-align: justify;\"><span style=\"color: #000000;\"><strong>S\u2019ha aprovat.<\/strong><\/span><\/p>\n<p style=\"text-align: justify;\"><span style=\"color: #000000;\"><u>Vots a favor:<\/u> Comprom\u00eds amb la Bisbal (6)<\/span><\/p>\n<p style=\"text-align: justify;\"><span style=\"color: #000000;\"><u>Vots en contra:<\/u> Ara la Bisbal (1)<\/span><\/p>\n<p style=\"text-align: justify;\"><span style=\"color: #000000;\"><u>Abstencions:<\/u> PSC (2) i ERC-AM (1)<\/span><\/p>\n<p style=\"text-align: justify;\"><span style=\"color: #000000;\">S\u2019aprova el Pla estrat\u00e8gic de subvencions per al 2021 amb un total de 177.750\u20ac (el 2020 s\u2019hi van destinar 170.550\u20ac), per a la concessi\u00f3 de subvencions a favor de persones o entitats privades amb la finalitat de fomentar la realitzaci\u00f3 d\u2019activitats d\u2019utilitat p\u00fablica o d\u2019inter\u00e8s local. Les subvencions, per al 2011, es divideixen en set \u00e0rees:<\/span><\/p>\n<ul style=\"text-align: justify;\">\n<li><span style=\"color: #000000;\"><strong>Prevenci\u00f3 I extinci\u00f3 d\u2019incendis: 5.000\u20ac. Conveni amb l\u2019ADF Clot de Bou.<\/strong><\/span><\/li>\n<\/ul>\n<ul style=\"text-align: justify;\">\n<li><span style=\"color: #000000;\"><strong>Ajudes assist\u00e8ncia social: 30.000\u20ac<\/strong><\/span><\/li>\n<\/ul>\n<p style=\"padding-left: 60px; text-align: justify;\"><span style=\"color: #000000;\"><strong>-Fam\u00edlies vulnerables:<\/strong> <strong>10.000\u20ac<\/strong><\/span><\/p>\n<p style=\"padding-left: 60px; text-align: justify;\"><span style=\"color: #000000;\">Ajudes econ\u00f2miques d\u2019urg\u00e8ncia social per atendre necessitats puntuals i b\u00e0siques de subsist\u00e8ncia de persones en situaci\u00f3 de vulnerabilitat i exclusi\u00f3 social. S\u00f3n de concessi\u00f3 directa, pr\u00e8via valoraci\u00f3 de Serveis Socials.<\/span><\/p>\n<p style=\"padding-left: 60px; text-align: justify;\"><span style=\"color: #000000;\"><strong>-Subvencions a persones o unitats familiars o de conviv\u00e8ncia afectades per la crisi sanit\u00e0ria ocasionada per la Covid-19: 20.000\u20ac<\/strong><\/span><\/p>\n<p style=\"padding-left: 60px; text-align: justify;\"><span style=\"color: #000000;\">Es tracta d\u2019unes subvencions de nova creaci\u00f3 per al 2021. La partida ser\u00e0 ampliable per a finals d\u2019any, amb el romanent de tresoreria, en cas que sigui necessari. Es tracta d\u2019unes subvencions per a persones i unitats familiars o de conviv\u00e8ncia afectades per la situaci\u00f3 generada per la Covid-19, amb la finalitat d\u2019ajudar-les a fer front a les despeses derivades del lloguer o de la hipoteca de l\u2019habitatge habitual, dels subministraments b\u00e0sics i de l\u2019adquisici\u00f3 de productes d\u2019alimentaci\u00f3 i farm\u00e0cia.<\/span><\/p>\n<p style=\"padding-left: 60px; text-align: justify;\"><span style=\"color: #000000;\"><strong>-Ajudes al foment de l\u2019ocupaci\u00f3:<\/strong> <strong>20.000\u20ac<\/strong><\/span><\/p>\n<p style=\"padding-left: 60px; text-align: justify;\"><span style=\"color: #000000;\">Es tracta de subvencions per a persones treballadores aut\u00f2nomes i empreses afectades per la situaci\u00f3 generada per la Covid-19. Es tracta d\u2019unes subvencions de nova creaci\u00f3 per al 2021. La partida ser\u00e0 ampliable per a finals d\u2019any, amb el romanent de tresoreria, en cas que sigui necessari. Es tracta d\u2019unes subvencions per a persones treballadores aut\u00f2nomes i empreses amb seu al municipi que s\u2019hagin vist afectades per la crisi sanit\u00e0ria ocasionada per la Covid-19.<\/span><\/p>\n<ul style=\"text-align: justify;\">\n<li><span style=\"color: #000000;\"><strong>Subvencions en mat\u00e8ria d\u2019ensenyament: 50.500\u20ac<\/strong><\/span><\/li>\n<\/ul>\n<p style=\"padding-left: 60px; text-align: justify;\"><span style=\"color: #000000;\"><strong>-Subvenci\u00f3 a l\u2019Escola Ull de Vent: 14.500\u20ac<\/strong><\/span><\/p>\n<p style=\"padding-left: 60px; text-align: justify;\"><span style=\"color: #000000;\">Subvenci\u00f3 nominativa a l\u2019Escola Ull de Vent de La Bisbal del Pened\u00e8s per al curs 2020\/2021 per a material escolar.<\/span><\/p>\n<p style=\"padding-left: 60px; text-align: justify;\"><span style=\"color: #000000;\"><strong>-Subvenci\u00f3 a l\u2019AMPA de l\u2019Escola Ull de Vent: 17.000\u20ac<\/strong><\/span><\/p>\n<p style=\"padding-left: 60px; text-align: justify;\"><span style=\"color: #000000;\">Subvenci\u00f3 per a l\u2019adquisici\u00f3 dels llibres de text de prim\u00e0ria.<\/span><\/p>\n<p style=\"padding-left: 60px; text-align: justify;\"><span style=\"color: #000000;\"><strong>-Subvencions per a l\u2019adquisici\u00f3 dels llibres de text de secund\u00e0ria: 10.000\u20ac.<\/strong><\/span><\/p>\n<ul style=\"text-align: justify;\">\n<li><span style=\"color: #000000;\"><strong>Subvencions en mat\u00e8ria d\u2019ensenyament per a l\u2019adquisici\u00f3 dels llibres de text de l\u2019Institut Coster de la Torre.<\/strong><\/span><\/li>\n<\/ul>\n<p style=\"text-align: justify;\"><span style=\"color: #000000;\">&#8211;<strong>Subvencions per al transport escolar del CCBP: 4.000\u20ac<\/strong><\/span><\/p>\n<p style=\"padding-left: 90px; text-align: justify;\"><span style=\"color: #000000;\">Subvencions per al servei de transport escolar intramunicipal que presta el Consell Comarcal del Baix Pened\u00e8s.<\/span><\/p>\n<p style=\"text-align: justify;\"><span style=\"color: #000000;\">\u00a0 \u00a0 \u00a0 \u00a0 \u00a0 \u00a0 \u00a0 \u00a0 \u00a0 \u00a0 \u00a0 \u00a0\u00a0<strong>-Subvencions per al servei de menjador escolar: 15.000\u20ac<\/strong><\/span><\/p>\n<p style=\"padding-left: 90px; text-align: justify;\"><span style=\"color: #000000;\">Subvencions en mat\u00e8ria d\u2019ensenyament per al servei de menjador de l\u2019Escola Ull de Vent.<\/span><\/p>\n<ul style=\"text-align: justify;\">\n<li><span style=\"color: #000000;\"><strong>Subvencions en mat\u00e8ria de promoci\u00f3 cultural: 44.250\u20ac<\/strong><\/span><\/li>\n<\/ul>\n<p style=\"padding-left: 60px; text-align: justify;\"><span style=\"color: #000000;\"><strong>-Premis del concurs literari de Sant Jordi 2021: 750\u20ac<\/strong><\/span><\/p>\n<p style=\"padding-left: 60px; text-align: justify;\"><span style=\"color: #000000;\"><strong>-Subvencions en mat\u00e8ria de cultura: 5.000\u20ac<\/strong><\/span><\/p>\n<p style=\"padding-left: 60px; text-align: justify;\"><span style=\"color: #000000;\">Subvencions a entitats culturals i associacions de ve\u00efns del municipi destinades al finan\u00e7ament de les activitats que organitzin i de les despeses ordin\u00e0ries que suportin durant l\u2019exercici 2021.<\/span><\/p>\n<p style=\"padding-left: 60px; text-align: justify;\"><span style=\"color: #000000;\"><strong>-Subvenci\u00f3 a la Societat: 12.000\u20ac<\/strong><\/span><\/p>\n<p style=\"padding-left: 60px; text-align: justify;\"><span style=\"color: #000000;\">Subvenci\u00f3 nominativa a La Societat Cultural i Recreativa Bisbalenca per a la realitzaci\u00f3 de les activitats previstes durant l\u2019any 2021.<\/span><\/p>\n<p style=\"padding-left: 60px; text-align: justify;\"><span style=\"color: #000000;\"><strong>-Subvenci\u00f3 al Ball de Diables de la Bisbal: 15.000\u20ac<\/strong><\/span><\/p>\n<p style=\"padding-left: 60px; text-align: justify;\"><span style=\"color: #000000;\">Subvenci\u00f3 nominativa al Ball de Diables de la Bisbal per a la realitzaci\u00f3 de les activitats previstes per a l\u2019any 2011, inclosa la festa del 15\u00e8 aniversari del ball.<\/span><\/p>\n<p style=\"padding-left: 60px; text-align: justify;\"><span style=\"color: #000000;\"><strong>-Subvenci\u00f3 a la Colla Castellera de la Bisbal \u2013 Els Bous: 11.500\u20ac<\/strong><\/span><\/p>\n<p style=\"padding-left: 60px; text-align: justify;\"><span style=\"color: #000000;\">Subvenci\u00f3 nominativa a la Colla Castellera de la Bisbal per a la realitzaci\u00f3 de les activitats previstes per a l\u2019any 2021.<\/span><\/p>\n<ul style=\"text-align: justify;\">\n<li><span style=\"color: #000000;\"><strong>Subvencions en mat\u00e8ria de promoci\u00f3 esportiva: 25.000\u20ac<\/strong><\/span><\/li>\n<\/ul>\n<p style=\"padding-left: 60px; text-align: justify;\"><span style=\"color: #000000;\"><strong>-Subvencions a entitats esportistes individuals: 2.000\u20ac<\/strong><\/span><\/p>\n<p style=\"padding-left: 60px; text-align: justify;\"><span style=\"color: #000000;\">Subvencions a persones que facin activitats esportives i participin en competicions o esdeveniments esportius.<\/span><\/p>\n<p style=\"padding-left: 60px; text-align: justify;\"><span style=\"color: #000000;\"><strong>-Subvenci\u00f3 a la Joventut Bisbalenca, CF: 23.000\u20ac<\/strong><\/span><\/p>\n<p style=\"padding-left: 60px; text-align: justify;\"><span style=\"color: #000000;\">Subvenci\u00f3 nominativa a la Joventut Bisbalenca, CF per a la realitzaci\u00f3 de les activitats previstes per a l\u2019any 2021.<\/span><\/p>\n<ul style=\"text-align: justify;\">\n<li><span style=\"color: #000000;\"><strong>Subvencions a la natalitat i adopci\u00f3: 3.000\u20ac<\/strong><\/span><\/li>\n<\/ul>\n<p style=\"padding-left: 60px; text-align: justify;\"><span style=\"color: #000000;\">Xec Nad\u00f3: subvencions a les fam\u00edlies que hagin tingut o adoptat un\/a fill\/a durant l\u2019any 2020. S\u2019entrega un ajut econ\u00f2mic de 100\u20ac mitjan\u00e7ant 10 vals de compra de 10\u20ac cadascun per ser gastats als comer\u00e7os bisbalencs adherits a la campanya.<\/span><\/p>\n<p style=\"padding-left: 60px; text-align: justify;\"><span style=\"color: #000000;\">El Ple ha aprovat el Pla estrat\u00e8gic de subvencions de l\u2019Ajuntament de la Bisbal del Pened\u00e8s per a l\u2019exercici 2021 i la seva publicaci\u00f3 al Portal de Transpar\u00e8ncia de l\u2019Ajuntament de la Bisbal del Pened\u00e8s als efectes del seu coneixement general.<\/span><\/p>\n<p style=\"text-align: justify;\"><span style=\"color: #000000;\"><strong>Punt 4: E<\/strong><strong>smena de l\u2019error material detectat en la <\/strong><strong>modificaci\u00f3 de cr\u00e8dit n\u00fam. 2PLE\/2020 en la modalitat de cr\u00e8dits extraordinaris<\/strong><\/span><\/p>\n<p style=\"text-align: justify;\"><span style=\"color: #000000;\"><strong>S\u2019ha aprovat.<\/strong><\/span><\/p>\n<p style=\"text-align: justify;\"><span style=\"color: #000000;\"><u>Vots a favor:<\/u> Comprom\u00eds amb la Bisbal (6), PSC (2), Ara la Bisbal (1) i ERC-AM (1)<\/span><\/p>\n<p style=\"text-align: justify;\"><span style=\"color: #000000;\"><u>Vots en contra:<\/u> &#8211;<\/span><\/p>\n<p style=\"text-align: justify;\"><span style=\"color: #000000;\"><u>Abstencions:<\/u> &#8211;<\/span><\/p>\n<p style=\"text-align: justify;\"><span style=\"color: #000000;\">Al Ple ordinari del 21 de setembre es va aprovar inicialment l\u2019expedient de modificaci\u00f3 de cr\u00e8dit n\u00fam. 2PLE\/2020 del pressupost vigent, en la modalitat de cr\u00e8dits extraordinaris finan\u00e7ats mitjan\u00e7ant baixes de cr\u00e8dits d\u2019altres aplicacions del pressupost vigent no compromeses, el qual va quedar definitivament aprovat, at\u00e8s que durant el termini d\u2019exposici\u00f3 al p\u00fablic no es van presentar al\u00b7legacions.<\/span><\/p>\n<p style=\"text-align: justify;\"><span style=\"color: #000000;\">S\u2019hi ha detectat un error material, que no afecta els imports totals. S\u2019ha proposat al Ple esmenar l\u2019acord del Ple de 21 de setembre de 2020 on s\u2019aprov\u00e0 l\u2019expedient de modificaci\u00f3 de cr\u00e8dit n\u00fam. 2PLE\/2020.<\/span><\/p>\n<hr \/>\n<p style=\"text-align: justify;\"><span style=\"color: #000000;\"><strong>CASTELLANO |\u00a0<\/strong>Este viernes 4 de diciembre, a las 08h, se ha celebrado un Pleno extraordinario en el Ayuntamiento de la Bisbal del Pened\u00e8s. El Pleno se ha celebrado presencialmente y a puerta cerrada y posteriormente se ha publicado la grabaci\u00f3n en <a style=\"color: #000000;\" href=\"https:\/\/youtu.be\/vXZXDFPUe5Y\">Youtube<\/a>.<\/span><\/p>\n<p style=\"text-align: justify;\"><span style=\"color: #000000;\">El concejal de Units-FIC, Xavier Faura, ha asistido al Pleno, pero ha tenido que irse, por ese motivo no ha podido votar en ninguno de los puntos del orden del d\u00eda.<\/span><\/p>\n<p style=\"text-align: justify;\"><span style=\"color: #000000;\">A continuaci\u00f3n os detallamos los puntos que se han tratado y el resultado de las votaciones:<\/span><\/p>\n<p style=\"text-align: justify;\"><span style=\"color: #000000;\"><strong><u>1.-Elaboraci\u00f3n y aprobaci\u00f3n del presupuesto del ejercicio 2021<\/u><\/strong><\/span><\/p>\n<p style=\"text-align: justify;\"><span style=\"color: #000000;\"><strong>Se ha aprobado <\/strong><strong>inicialmente con los votos siguientes:<\/strong><\/span><\/p>\n<p style=\"text-align: justify;\"><span style=\"color: #000000;\"><span style=\"text-decoration: underline;\">Votos a favor:<\/span> Comprom\u00eds amb la Bisbal (6)<\/span><\/p>\n<p style=\"text-align: justify;\"><span style=\"color: #000000;\"><span style=\"text-decoration: underline;\">Votos en contra:<\/span> PSC (2), Ara la Bisbal (1) y ERC-AM (1)<\/span><\/p>\n<p style=\"text-align: justify;\"><span style=\"color: #000000;\"><span style=\"text-decoration: underline;\">Abstenciones:<\/span> &#8211; <\/span><\/p>\n<p style=\"text-align: justify;\"><span style=\"color: #000000;\"><strong>\u00a0<\/strong><\/span><\/p>\n<p style=\"text-align: justify;\"><span style=\"color: #000000;\">Enlace al resumen del presupuesto aprobado:\u00a0\u00a0<a href=\"http:\/\/bisbalpenedes.com\/web\/wp-content\/uploads\/2020\/12\/PRESSUPOST-MUNICIPAL-2021_Ajuntament-de-la-Bisbal-del-Penedes.pdf\">PRESSUPOST MUNICIPAL 2021_Ajuntament de la Bisbal del Penedes<\/a><\/span><\/p>\n<p style=\"text-align: justify;\"><span style=\"color: #000000;\"><strong>2.-Aprobaci\u00f3n del Calendario Fiscal 2021<\/strong><\/span><\/p>\n<p style=\"text-align: justify;\"><span style=\"color: #000000;\"><strong>Se ha aprobado<\/strong> el Calendario Fiscal 2021.<\/span><\/p>\n<p style=\"text-align: justify;\"><span style=\"color: #000000;\"><u>Votos a favor:<\/u> Comprom\u00eds amb la Bisbal (6), PSC (2), Ara la Bisbal (1) y ERC-AM (1).<\/span><\/p>\n<p style=\"text-align: justify;\"><span style=\"color: #000000;\"><u>Votos en contra:<\/u> &#8211;<\/span><\/p>\n<p style=\"text-align: justify;\"><span style=\"color: #000000;\"><u>Abstenciones:<\/u> &#8211;<\/span><\/p>\n<p style=\"text-align: justify;\"><span style=\"color: #000000;\">Es el siguiente:<\/span><\/p>\n<table>\n<tbody>\n<tr>\n<td width=\"225\"><span style=\"color: #000000;\">CONCEPTO<\/span><\/td>\n<td width=\"207\"><span style=\"color: #000000;\">PERIODO DE PAGO<\/span><\/td>\n<\/tr>\n<tr>\n<td width=\"225\"><span style=\"color: #000000;\">Tasa de conservaci\u00f3n del cementerio<\/span><\/td>\n<td width=\"207\"><span style=\"color: #000000;\">31\/01\/2021 \u2013 31\/03\/2021<\/span><\/td>\n<\/tr>\n<tr>\n<td width=\"225\"><span style=\"color: #000000;\">Tasa de basuras (1\u00ba recibo)<\/span><\/td>\n<td width=\"207\"><span style=\"color: #000000;\">31\/03\/2021 \u2013 31\/05\/2021<\/span><\/td>\n<\/tr>\n<tr>\n<td width=\"225\"><span style=\"color: #000000;\">Impuesto Veh\u00edculos tracci\u00f3n mec\u00e1nica<\/span><\/td>\n<td width=\"207\"><span style=\"color: #000000;\">31\/03\/2021 \u2013 31\/05\/2021<\/span><\/td>\n<\/tr>\n<tr>\n<td width=\"225\"><span style=\"color: #000000;\">IBI urbana (1\u00ba recibo)<\/span><\/td>\n<td width=\"207\"><span style=\"color: #000000;\">30\/04\/2021 \u2013 30\/06\/2021<\/span><\/td>\n<\/tr>\n<tr>\n<td width=\"225\"><span style=\"color: #000000;\">IBI caracter\u00edsticas especiales<\/span><\/td>\n<td width=\"207\"><span style=\"color: #000000;\">30\/04\/2021 \u2013 30\/06\/2021<\/span><\/td>\n<\/tr>\n<tr>\n<td width=\"225\"><span style=\"color: #000000;\">IBI r\u00fastica<\/span><\/td>\n<td width=\"207\"><span style=\"color: #000000;\">30\/06\/2021 \u2013 31\/08\/2021<\/span><\/td>\n<\/tr>\n<tr>\n<td width=\"225\"><span style=\"color: #000000;\">Tasa de Ocupaci\u00f3n dominio p\u00fablico<\/span><\/td>\n<td width=\"207\"><span style=\"color: #000000;\">30\/06\/2021 \u2013 31\/08\/2021<\/span><\/td>\n<\/tr>\n<tr>\n<td width=\"225\"><span style=\"color: #000000;\">IAE<\/span><\/td>\n<td width=\"207\"><span style=\"color: #000000;\">30\/07\/2021 \u2013 30\/09\/2021<\/span><\/td>\n<\/tr>\n<tr>\n<td width=\"225\"><span style=\"color: #000000;\">Tasa de basuras (2\u00ba recibo)<\/span><\/td>\n<td width=\"207\"><span style=\"color: #000000;\">30\/07\/2021 \u2013 30\/09\/2021<\/span><\/td>\n<\/tr>\n<tr>\n<td width=\"225\"><span style=\"color: #000000;\">IBI urbana (2\u00ba recibo)<\/span><\/td>\n<td width=\"207\"><span style=\"color: #000000;\">27\/08\/2021 \u2013 29\/10\/2021<\/span><\/td>\n<\/tr>\n<\/tbody>\n<\/table>\n<p style=\"text-align: justify;\"><span style=\"color: #000000;\"><strong>3.- Planes Estrat\u00e9gicos de Subvenciones para el 2021<\/strong><\/span><\/p>\n<p style=\"text-align: justify;\"><span style=\"color: #000000;\"><strong>Se ha aprobado.<\/strong><\/span><\/p>\n<p style=\"text-align: justify;\"><span style=\"color: #000000;\"><u>Votos a favor:<\/u> Comprom\u00eds amb la Bisbal (6)<\/span><\/p>\n<p style=\"text-align: justify;\"><span style=\"color: #000000;\"><u>Votos en contra:<\/u> Ara la Bisbal (1)<\/span><\/p>\n<p style=\"text-align: justify;\"><span style=\"color: #000000;\"><u>Abstenciones:<\/u> PSC (2) y ERC-AM (1)<\/span><\/p>\n<p style=\"text-align: justify;\"><span style=\"color: #000000;\">Se aprueba el Plan estrat\u00e9gico de subvenciones para el 2021 con un total de 177.750\u20ac (el 2020 se destinaron 170.550\u20ac), para la concesi\u00f3n de subvenciones a favor de personas o entidades privadas con la finalidad de fomentar la realizaci\u00f3n de actividades de utilidad p\u00fablica o de inter\u00e9s local. Las subvenciones, para el 2011, se dividen en siete \u00e1reas:<\/span><\/p>\n<ul style=\"text-align: justify;\">\n<li><span style=\"color: #000000;\"><strong>Prevenci\u00f3n y extinci\u00f3n de incendios: 5.000\u20ac. Convenio con la ADF Clot de Bou.<\/strong><\/span><\/li>\n<\/ul>\n<ul style=\"text-align: justify;\">\n<li><span style=\"color: #000000;\"><strong>Ayudas asistencia social: 30.000\u20ac<\/strong><\/span><\/li>\n<\/ul>\n<p style=\"padding-left: 60px; text-align: justify;\"><span style=\"color: #000000;\"><strong>-Familias vulnerables: 10.000\u20ac<\/strong><\/span><\/p>\n<p style=\"padding-left: 60px; text-align: justify;\"><span style=\"color: #000000;\">Ayudas econ\u00f3micas de urgencia social para atender necesidades puntuales y b\u00e1sicas de subsistencia de personas en situaci\u00f3n de vulnerabilidad y exclusi\u00f3n social. Son de concesi\u00f3n directa, previa valoraci\u00f3n de Servicios Sociales.<\/span><\/p>\n<p style=\"padding-left: 60px; text-align: justify;\"><span style=\"color: #000000;\"><strong>-Subvenciones a personas o unidades familiares o de convivencia afectadas por la crisis sanitaria ocasionada por la Covid-19: 20.000\u20ac <\/strong><\/span><\/p>\n<p style=\"padding-left: 60px; text-align: justify;\"><span style=\"color: #000000;\">Se trata de unas subvenciones de nueva creaci\u00f3n para el 2021. La partida ser\u00e1 ampliable para finales de a\u00f1o, con el remanente de tesorer\u00eda, en el caso de que sea necesario. Se trata de unas subvenciones para personas y unidades familiares o de convivencia afectadas por la situaci\u00f3n generada por la Covid-19, con la finalidad de ayudar a las mismas a hacer frente a los gastos derivados por el alquiler o de la hipoteca de la vivienda habitual, de los suministros b\u00e1sicos y de la adquisici\u00f3n de productos de alimentaci\u00f3n y farmacia.<\/span><\/p>\n<p style=\"padding-left: 60px; text-align: justify;\"><span style=\"color: #000000;\"><strong>-Ayudas al fomento de la ocupaci\u00f3n:<\/strong> <strong>20.000\u20ac<\/strong><\/span><\/p>\n<p style=\"padding-left: 60px; text-align: justify;\"><span style=\"color: #000000;\">Se trata de subvenciones para personas trabajadoras aut\u00f3nomas y empresas afectadas por la situaci\u00f3n generada por la Covid-19. Se trata de unas subvenciones de nueva creaci\u00f3n para el 2021. La partida ser\u00e1 ampliable para finales de a\u00f1o, con el remanente de tesorer\u00eda, en el caso de que sea necesario. Se trata de unas subvenciones para personas trabajadoras aut\u00f3nomas y empresas con sede en el municipio que se hayan visto afectadas por la crisis sanitaria ocasionada por la Covid-19.<\/span><\/p>\n<ul style=\"text-align: justify;\">\n<li><span style=\"color: #000000;\"><strong>Subvenciones en materia de educaci\u00f3n: 50.500\u20ac<\/strong><\/span><\/li>\n<\/ul>\n<p style=\"padding-left: 60px; text-align: justify;\"><span style=\"color: #000000;\"><strong>-Subvenci\u00f3n a la Escola Ull de Vent: 14.500\u20ac<\/strong><\/span><\/p>\n<p style=\"padding-left: 60px; text-align: justify;\"><span style=\"color: #000000;\">Subvenci\u00f3n nominativa a la Escola Ull de Vent de La Bisbal del Pened\u00e8s para el curso 2020\/2021 para material escolar.<\/span><\/p>\n<p style=\"padding-left: 60px; text-align: justify;\"><span style=\"color: #000000;\"><strong>-Subvenci\u00f3n a la AMPA de la Escola Ull de Vent: 17.000\u20ac<\/strong><\/span><\/p>\n<p style=\"padding-left: 60px; text-align: justify;\"><span style=\"color: #000000;\">Subvenci\u00f3n para la adquisici\u00f3n de los libros de texto de primaria.<\/span><\/p>\n<p style=\"padding-left: 60px; text-align: justify;\"><span style=\"color: #000000;\"><strong>-Subvenciones para la adquisici\u00f3n de los libros de texto de secundaria: 10.000\u20ac <\/strong><\/span><\/p>\n<ul style=\"text-align: justify;\">\n<li><span style=\"color: #000000;\"><strong>Subvenciones en materia de educaci\u00f3n para la adquisici\u00f3n de los libros de texto del Institut Coster de la Torre. <\/strong><\/span><\/li>\n<\/ul>\n<p style=\"text-align: justify;\"><span style=\"color: #000000;\">&#8211;<strong>Subvenciones para el transporte escolar del CCBP: 4.000\u20ac<\/strong><\/span><\/p>\n<p style=\"padding-left: 90px; text-align: justify;\"><span style=\"color: #000000;\">Subvenciones para el servicio de transporte escolar intermunicipal que presta el Consell Comarcal del Baix Pened\u00e8s.<\/span><\/p>\n<p style=\"text-align: justify;\"><span style=\"color: #000000;\">\u00a0 \u00a0 \u00a0 \u00a0 \u00a0 \u00a0 \u00a0 \u00a0 \u00a0 \u00a0 \u00a0 \u00a0\u00a0<strong>-Subvenciones para el servicio de comedor escolar: 15.000\u20ac<\/strong><\/span><\/p>\n<p style=\"padding-left: 90px; text-align: justify;\"><span style=\"color: #000000;\">Subvenciones en materia de educaci\u00f3n para el servicio de comedor de la Escola Ull de Vent.<\/span><\/p>\n<ul style=\"text-align: justify;\">\n<li><span style=\"color: #000000;\"><strong>Subvenciones en materia de promoci\u00f3n cultural: 44.250\u20ac<\/strong><\/span><\/li>\n<\/ul>\n<p style=\"padding-left: 90px; text-align: justify;\"><span style=\"color: #000000;\"><strong>-Premios del concurso literario de Sant Jordi 2021: 750\u20ac<\/strong><\/span><\/p>\n<p style=\"padding-left: 90px; text-align: justify;\"><span style=\"color: #000000;\"><strong>-Subvenciones en materia de cultura: 5.000\u20ac<\/strong><\/span><\/p>\n<p style=\"padding-left: 90px; text-align: justify;\"><span style=\"color: #000000;\">Subvenciones a entidades culturales y asociaciones de vecinos del municipio destinadas a la financiaci\u00f3n de las actividades que organicen y de los gastos ordinarios que soporten durante el ejercicio 2021.<\/span><\/p>\n<p style=\"padding-left: 90px; text-align: justify;\"><span style=\"color: #000000;\"><strong>-Subvenci\u00f3n a la Societat: 12.000\u20ac<\/strong><\/span><\/p>\n<p style=\"padding-left: 90px; text-align: justify;\"><span style=\"color: #000000;\">Subvenci\u00f3n nominativa a La Societat Cultural i Recreativa Bisbalenca para la realizaci\u00f3n de las actividades previstas durante el a\u00f1o 2021.<strong>\u00a0<\/strong><\/span><\/p>\n<p style=\"padding-left: 90px; text-align: justify;\"><span style=\"color: #000000;\"><strong>-Subvenci\u00f3n al Ball de Diables de la Bisbal: 15.000\u20ac<\/strong><\/span><\/p>\n<p style=\"padding-left: 90px; text-align: justify;\"><span style=\"color: #000000;\">Subvenci\u00f3n nominativa al Ball de Diables de la Bisbal para la realizaci\u00f3n de las actividades previstas para el a\u00f1o 2011, incluida la fiesta del 15\u00ba aniversario del <em>ball<\/em>.<\/span><\/p>\n<p style=\"padding-left: 90px; text-align: justify;\"><span style=\"color: #000000;\"><strong>-Subvenci\u00f3n a la Colla Castellera de la Bisbal \u2013 Els Bous: 11.500\u20ac<\/strong><\/span><\/p>\n<p style=\"padding-left: 90px; text-align: justify;\"><span style=\"color: #000000;\">Subvenci\u00f3n nominativa a la Colla Castellera de la Bisbal para la realizaci\u00f3n de las actividades previstas para el a\u00f1o 2021.<\/span><\/p>\n<ul style=\"text-align: justify;\">\n<li><span style=\"color: #000000;\"><strong>Subvenciones en materia de promoci\u00f3n deportiva: 25.000\u20ac<\/strong><\/span><\/li>\n<\/ul>\n<p style=\"padding-left: 90px; text-align: justify;\"><span style=\"color: #000000;\"><strong>-Subvenciones a entidades deportivas individuales: 2.000\u20ac<\/strong><\/span><\/p>\n<p style=\"padding-left: 90px; text-align: justify;\"><span style=\"color: #000000;\">Subvenciones a personas que hagan actividades deportivas y participen en competiciones o eventos deportivos.<\/span><\/p>\n<p style=\"padding-left: 90px; text-align: justify;\"><span style=\"color: #000000;\"><strong>-Subvenci\u00f3n a la Joventut Bisbalenca, CF: 23.000\u20ac<\/strong><\/span><\/p>\n<p style=\"padding-left: 90px; text-align: justify;\"><span style=\"color: #000000;\">Subvenci\u00f3n nominativa a la Joventut Bisbalenca, CF para la realizaci\u00f3n de las actividades previstas para el a\u00f1o 2021.<\/span><\/p>\n<ul style=\"text-align: justify;\">\n<li><span style=\"color: #000000;\"><strong>Subvenciones a la natalidad y adopci\u00f3n: 3.000\u20ac<\/strong><\/span><\/li>\n<\/ul>\n<p style=\"padding-left: 90px; text-align: justify;\"><span style=\"color: #000000;\">Xec Nad\u00f3: subvenciones a las familias que hayan tenido o adoptado un\/a hijo\/a durante el a\u00f1o 2020. Se entrega una ayuda econ\u00f3mica de 100\u20ac mediante 10 vales de compra de 10\u20ac cada uno para ser gastados en los comercios adheridos a la campa\u00f1a.<\/span><\/p>\n<p style=\"padding-left: 90px; text-align: justify;\"><span style=\"color: #000000;\">El Pleno ha aprobado el Plan estrat\u00e9gico de subvenciones del Ayuntamiento de la Bisbal del Pened\u00e8s para el ejercicio 2021 y su publicaci\u00f3n en el Portal de Transparencia del Ayuntamiento de la Bisbal del Pened\u00e8s a efectos de su conocimiento general.<\/span><\/p>\n<p style=\"text-align: justify;\"><span style=\"color: #000000;\"><strong>Punto 4: E<\/strong><strong>nmienda del error material detectado en la <\/strong><strong>modificaci\u00f3n de cr\u00e9dito n\u00fam. 2PLE\/2020 en la modalidad de cr\u00e9ditos extraordinarios<\/strong><\/span><\/p>\n<p style=\"text-align: justify;\"><span style=\"color: #000000;\"><strong>Se ha aprobado.<\/strong><\/span><\/p>\n<p style=\"text-align: justify;\"><span style=\"color: #000000;\"><u>Votos a favor:<\/u> Comprom\u00eds amb la Bisbal (6), PSC (2), Ara la Bisbal (1) y ERC-AM (1)<\/span><\/p>\n<p style=\"text-align: justify;\"><span style=\"color: #000000;\"><u>Votos en contra:<\/u> &#8211;<\/span><\/p>\n<p style=\"text-align: justify;\"><span style=\"color: #000000;\"><u>Abstenciones:<\/u> &#8211;<\/span><\/p>\n<p style=\"text-align: justify;\"><span style=\"color: #000000;\">En el Pleno ordinario del 21 de septiembre se aprob\u00f3 inicialmente el expediente de modificaci\u00f3n de cr\u00e9dito n\u00fam. 2PLE\/2020 del presupuesto vigente, en la modalidad de cr\u00e9ditos extraordinarios financiados mediante bajas de cr\u00e9ditos de otras aplicaciones del presupuesto vigente no comprometidas, el cual qued\u00f3 definitivamente aprobado, ya que durante el plazo de exposici\u00f3n al p\u00fablico no se presentaron alegaciones.<\/span><\/p>\n<p style=\"text-align: justify;\"><span style=\"color: #000000;\">Se ha detectado un error material, que no afecta a los importes totales. Se ha propuesto al Pleno enmendar el acuerdo del Pleno del 21 de septiembre de 2020 en el que se aprob\u00f3 el expediente de modificaci\u00f3n de cr\u00e9dito n\u00fam. 2PLE\/2020.<\/span><\/p>\n<p>&nbsp;<\/p>\n","protected":false},"excerpt":{"rendered":"<p>Aquest divendres 4 de desembre, a les 08h, s\u2019ha celebrat un Ple extraordinari a l\u2019Ajuntament de la Bisbal del Pened\u00e8s. El Ple s\u2019ha celebrat presencialment i a porta tancada i &hellip; <a href=\"https:\/\/bisbalpenedes.com\/web\/2020\/12\/05\/aquest-divendres-4-de-desembre-sha-celebrat-el-ple-extraordinari-de-pressupostos\/\" class=\"more-link\">Read More<\/a><\/p>\n","protected":false},"author":4,"featured_media":15637,"comment_status":"closed","ping_status":"closed","sticky":false,"template":"","format":"standard","meta":[],"categories":[8,2250],"tags":[1130,4256,423,522],"_links":{"self":[{"href":"https:\/\/bisbalpenedes.com\/web\/wp-json\/wp\/v2\/posts\/15635"}],"collection":[{"href":"https:\/\/bisbalpenedes.com\/web\/wp-json\/wp\/v2\/posts"}],"about":[{"href":"https:\/\/bisbalpenedes.com\/web\/wp-json\/wp\/v2\/types\/post"}],"author":[{"embeddable":true,"href":"https:\/\/bisbalpenedes.com\/web\/wp-json\/wp\/v2\/users\/4"}],"replies":[{"embeddable":true,"href":"https:\/\/bisbalpenedes.com\/web\/wp-json\/wp\/v2\/comments?post=15635"}],"version-history":[{"count":6,"href":"https:\/\/bisbalpenedes.com\/web\/wp-json\/wp\/v2\/posts\/15635\/revisions"}],"predecessor-version":[{"id":15644,"href":"https:\/\/bisbalpenedes.com\/web\/wp-json\/wp\/v2\/posts\/15635\/revisions\/15644"}],"wp:featuredmedia":[{"embeddable":true,"href":"https:\/\/bisbalpenedes.com\/web\/wp-json\/wp\/v2\/media\/15637"}],"wp:attachment":[{"href":"https:\/\/bisbalpenedes.com\/web\/wp-json\/wp\/v2\/media?parent=15635"}],"wp:term":[{"taxonomy":"category","embeddable":true,"href":"https:\/\/bisbalpenedes.com\/web\/wp-json\/wp\/v2\/categories?post=15635"},{"taxonomy":"post_tag","embeddable":true,"href":"https:\/\/bisbalpenedes.com\/web\/wp-json\/wp\/v2\/tags?post=15635"}],"curies":[{"name":"wp","href":"https:\/\/api.w.org\/{rel}","templated":true}]}}