{"id":15633,"date":"2020-12-04T21:06:22","date_gmt":"2020-12-04T19:06:22","guid":{"rendered":"http:\/\/bisbalpenedes.com\/web\/?p=15633"},"modified":"2020-12-04T21:06:22","modified_gmt":"2020-12-04T19:06:22","slug":"saprova-la-constitucio-de-les-borses-de-treball-de-la-brigada-municipal","status":"publish","type":"post","link":"https:\/\/bisbalpenedes.com\/web\/2020\/12\/04\/saprova-la-constitucio-de-les-borses-de-treball-de-la-brigada-municipal\/","title":{"rendered":"S&#8217;aprova la constituci\u00f3 de les borses de treball de la brigada municipal"},"content":{"rendered":"<p style=\"text-align: justify;\"><a href=\"http:\/\/bisbalpenedes.com\/web\/wp-content\/uploads\/2020\/03\/IMG_4555-e1584093456465.jpg\"><img loading=\"lazy\" class=\"aligncenter size-large wp-image-12172\" src=\"http:\/\/bisbalpenedes.com\/web\/wp-content\/uploads\/2020\/03\/IMG_4555-e1584093456465-1024x990.jpg\" alt=\"AJUNTAMENT FACANA\" width=\"630\" height=\"609\" srcset=\"https:\/\/bisbalpenedes.com\/web\/wp-content\/uploads\/2020\/03\/IMG_4555-e1584093456465-1024x990.jpg 1024w, https:\/\/bisbalpenedes.com\/web\/wp-content\/uploads\/2020\/03\/IMG_4555-e1584093456465-600x580.jpg 600w, https:\/\/bisbalpenedes.com\/web\/wp-content\/uploads\/2020\/03\/IMG_4555-e1584093456465-300x290.jpg 300w, https:\/\/bisbalpenedes.com\/web\/wp-content\/uploads\/2020\/03\/IMG_4555-e1584093456465-768x742.jpg 768w\" sizes=\"(max-width: 630px) 100vw, 630px\" \/><\/a><\/p>\n<p style=\"text-align: justify;\"><span style=\"color: #000000;\">L\u2019alcaldessa Agn\u00e8s Ferr\u00e9 ha signat els dies 3 i 4 de desembre tres Decrets d\u2019Alcaldia per aprovar la constituci\u00f3 de les borses de treball de personal laboral temporal d\u2019operaris\/\u00e0ries:<\/span><\/p>\n<p style=\"padding-left: 30px; text-align: justify;\"><span style=\"color: #000000;\">-De jardineria i neteja de la via p\u00fablica \u2013 constitu\u00efda per 21 persones<\/span><\/p>\n<p style=\"padding-left: 30px; text-align: justify;\"><span style=\"color: #000000;\">-D\u2019electricitat i enllumenat \u2013 constitu\u00efda per 6 persones<\/span><\/p>\n<p style=\"padding-left: 30px; text-align: justify;\"><span style=\"color: #000000;\">-De reparacions i obres \u2013 constitu\u00efda per 10 persones<\/span><\/p>\n<p style=\"text-align: justify;\"><span style=\"color: #000000;\">Les relacions es poden trobar al tauler d\u2019anuncis de la seu electr\u00f2nica on consten l\u2019ordre, segons la puntuaci\u00f3, dels membres de les borses de treball. Es pot accedir al taulell d\u2019anuncis entrant en aquest enlla\u00e7:<\/span> <a href=\"http:\/\/bisbalpenedes.eadministracio.cat\/board\">http:\/\/bisbalpenedes.eadministracio.cat\/board<\/a><\/p>\n<p style=\"text-align: justify;\"><span style=\"color: #000000;\">A partir d\u2019ara, quan faci falta cobrir baixes, vacances o contractar per feines espec\u00edfiques de temes de brigada, es contractar\u00e0 seguint l\u2019ordre comen\u00e7ant per la persona de major puntuaci\u00f3.<\/span><\/p>\n<hr \/>\n<p style=\"text-align: justify;\"><span style=\"color: #000000;\"><strong>CASTELLANO |<\/strong> La alcaldesa Agn\u00e8s Ferr\u00e9 firm\u00f3 los d\u00edas 3 y 4 de diciembre tres Decretos de Alcald\u00eda para aprobar la constituci\u00f3n de las bolsas de trabajo de personal laboral temporal de operarios\/as:<\/span><\/p>\n<p style=\"padding-left: 30px; text-align: justify;\"><span style=\"color: #000000;\">-De jardiner\u00eda y limpieza de la v\u00eda p\u00fablica \u2013 constituida por 21 personas<\/span><\/p>\n<p style=\"padding-left: 30px; text-align: justify;\"><span style=\"color: #000000;\">-De electricidad y alumbrado \u2013 constituida por 6 personas<\/span><\/p>\n<p style=\"padding-left: 30px; text-align: justify;\"><span style=\"color: #000000;\">-De reparaciones y obras \u2013 constituida por 10 personas<\/span><\/p>\n<p style=\"text-align: justify;\"><span style=\"color: #000000;\">Las relaciones se pueden encontrar en el tabl\u00f3n de anuncios de la sede electr\u00f3nica donde constan el orden seg\u00fan puntuaci\u00f3n, de los miembros de las bolsas de trabajo. Se puede acceder al tabl\u00f3n de anuncios entrando en este enlace:<\/span> <a href=\"http:\/\/bisbalpenedes.eadministracio.cat\/board\">http:\/\/bisbalpenedes.eadministracio.cat\/board<\/a><\/p>\n<p style=\"text-align: justify;\"><span style=\"color: #000000;\">A partir de ahora, cuando haga falta cubrir bajas, vacaciones o contratar trabajos espec\u00edficos de brigada, se contratar\u00e1 seg\u00fan el orden empezando por la persona con mayor puntuaci\u00f3n.<\/span><\/p>\n","protected":false},"excerpt":{"rendered":"<p>L\u2019alcaldessa Agn\u00e8s Ferr\u00e9 ha signat els dies 3 i 4 de desembre tres Decrets d\u2019Alcaldia per aprovar la constituci\u00f3 de les borses de treball de personal laboral temporal d\u2019operaris\/\u00e0ries: -De &hellip; <a href=\"https:\/\/bisbalpenedes.com\/web\/2020\/12\/04\/saprova-la-constitucio-de-les-borses-de-treball-de-la-brigada-municipal\/\" class=\"more-link\">Read More<\/a><\/p>\n","protected":false},"author":4,"featured_media":10830,"comment_status":"closed","ping_status":"closed","sticky":false,"template":"","format":"standard","meta":[],"categories":[2057,8],"tags":[2456,156,442,1106,1422,4255,21,4005],"_links":{"self":[{"href":"https:\/\/bisbalpenedes.com\/web\/wp-json\/wp\/v2\/posts\/15633"}],"collection":[{"href":"https:\/\/bisbalpenedes.com\/web\/wp-json\/wp\/v2\/posts"}],"about":[{"href":"https:\/\/bisbalpenedes.com\/web\/wp-json\/wp\/v2\/types\/post"}],"author":[{"embeddable":true,"href":"https:\/\/bisbalpenedes.com\/web\/wp-json\/wp\/v2\/users\/4"}],"replies":[{"embeddable":true,"href":"https:\/\/bisbalpenedes.com\/web\/wp-json\/wp\/v2\/comments?post=15633"}],"version-history":[{"count":1,"href":"https:\/\/bisbalpenedes.com\/web\/wp-json\/wp\/v2\/posts\/15633\/revisions"}],"predecessor-version":[{"id":15634,"href":"https:\/\/bisbalpenedes.com\/web\/wp-json\/wp\/v2\/posts\/15633\/revisions\/15634"}],"wp:featuredmedia":[{"embeddable":true,"href":"https:\/\/bisbalpenedes.com\/web\/wp-json\/wp\/v2\/media\/10830"}],"wp:attachment":[{"href":"https:\/\/bisbalpenedes.com\/web\/wp-json\/wp\/v2\/media?parent=15633"}],"wp:term":[{"taxonomy":"category","embeddable":true,"href":"https:\/\/bisbalpenedes.com\/web\/wp-json\/wp\/v2\/categories?post=15633"},{"taxonomy":"post_tag","embeddable":true,"href":"https:\/\/bisbalpenedes.com\/web\/wp-json\/wp\/v2\/tags?post=15633"}],"curies":[{"name":"wp","href":"https:\/\/api.w.org\/{rel}","templated":true}]}}