{"id":15589,"date":"2020-12-01T17:55:20","date_gmt":"2020-12-01T15:55:20","guid":{"rendered":"http:\/\/bisbalpenedes.com\/web\/?p=15589"},"modified":"2020-12-01T17:57:19","modified_gmt":"2020-12-01T15:57:19","slug":"sha-convocat-el-ple-extraordinari-de-pressupostos-2021-pel-divendres-4-de-desembre-a-les-0800h","status":"publish","type":"post","link":"https:\/\/bisbalpenedes.com\/web\/2020\/12\/01\/sha-convocat-el-ple-extraordinari-de-pressupostos-2021-pel-divendres-4-de-desembre-a-les-0800h\/","title":{"rendered":"S\u2019ha convocat el Ple extraordinari de pressupostos 2021 per al divendres 4 de desembre a les 08:00h"},"content":{"rendered":"<p><u><\/u><span style=\"color: #000000;\">El divendres 4 de desembre a les 08:00h, tindr\u00e0 lloc un Ple extraordinari a l\u2019Ajuntament de La Bisbal del Pened\u00e8s.<\/span><\/p>\n<p><span style=\"color: #000000;\">L\u2019ordre del dia \u00e9s el seg\u00fcent:<\/span><\/p>\n<ol>\n<li><span style=\"color: #000000;\">Aprovaci\u00f3 del Pressupost 2021<\/span><\/li>\n<li><span style=\"color: #000000;\">Aprovaci\u00f3 del Calendari Fiscal 2021<\/span><\/li>\n<li><span style=\"color: #000000;\">Plans Estrat\u00e8gics de Subvencions pel 2021<\/span><\/li>\n<li><span style=\"color: #000000;\">Esmena de l\u2019error material detectat en la modificaci\u00f3 de cr\u00e8dit n\u00fam. 2PLE\/2020<\/span><\/li>\n<\/ol>\n<p><span style=\"color: #000000;\">El Ple se celebrar\u00e0 de forma presencial i a porta tancada per poder garantir totes les mesures de prevenci\u00f3 de contagis per la Covid-19. Posteriorment es podr\u00e0 veure l\u2019enregistrament a Youtube.<\/span><\/p>\n<hr \/>\n<p><span style=\"color: #000000;\"><strong>CASTELLANO |<\/strong> El viernes 4 de diciembre a las 08:00h, tendr\u00e1 lugar un Pleno extraordinario en el Ayuntamiento de la Bisbal del Pened\u00e8s.<\/span><br \/>\n<span style=\"color: #000000;\"> El orden del d\u00eda es el siguiente:<\/span><\/p>\n<ol>\n<li><span style=\"color: #000000;\">Aprobaci\u00f3n del Presupuesto 2021<\/span><\/li>\n<li><span style=\"color: #000000;\">Aprobaci\u00f3n del Calendario Fiscal 2021<\/span><\/li>\n<li><span style=\"color: #000000;\">Planes Estrat\u00e9gico de Subvenciones para el 2021<\/span><\/li>\n<li><span style=\"color: #000000;\">Enmienda del error material detectado en la modificaci\u00f3n de cr\u00e9dito n\u00fam. 2PLE\/2020<\/span><\/li>\n<\/ol>\n<p><span style=\"color: #000000;\">El Pleno se celebrar\u00e1 de forma presencial y a puerta cerrada para poder garantizar todas las medidas de prevenci\u00f3n de contagios por la Covid-19. Posteriormente se podr\u00e1 ver la grabaci\u00f3n en Youtube.<\/span><\/p>\n","protected":false},"excerpt":{"rendered":"<p>El divendres 4 de desembre a les 08:00h, tindr\u00e0 lloc un Ple extraordinari a l\u2019Ajuntament de La Bisbal del Pened\u00e8s. L\u2019ordre del dia \u00e9s el seg\u00fcent: Aprovaci\u00f3 del Pressupost 2021 &hellip; <a href=\"https:\/\/bisbalpenedes.com\/web\/2020\/12\/01\/sha-convocat-el-ple-extraordinari-de-pressupostos-2021-pel-divendres-4-de-desembre-a-les-0800h\/\" class=\"more-link\">Read More<\/a><\/p>\n","protected":false},"author":4,"featured_media":14975,"comment_status":"closed","ping_status":"closed","sticky":false,"template":"","format":"standard","meta":[],"categories":[8,2250],"tags":[1130,4249,139,423,515],"_links":{"self":[{"href":"https:\/\/bisbalpenedes.com\/web\/wp-json\/wp\/v2\/posts\/15589"}],"collection":[{"href":"https:\/\/bisbalpenedes.com\/web\/wp-json\/wp\/v2\/posts"}],"about":[{"href":"https:\/\/bisbalpenedes.com\/web\/wp-json\/wp\/v2\/types\/post"}],"author":[{"embeddable":true,"href":"https:\/\/bisbalpenedes.com\/web\/wp-json\/wp\/v2\/users\/4"}],"replies":[{"embeddable":true,"href":"https:\/\/bisbalpenedes.com\/web\/wp-json\/wp\/v2\/comments?post=15589"}],"version-history":[{"count":3,"href":"https:\/\/bisbalpenedes.com\/web\/wp-json\/wp\/v2\/posts\/15589\/revisions"}],"predecessor-version":[{"id":15592,"href":"https:\/\/bisbalpenedes.com\/web\/wp-json\/wp\/v2\/posts\/15589\/revisions\/15592"}],"wp:featuredmedia":[{"embeddable":true,"href":"https:\/\/bisbalpenedes.com\/web\/wp-json\/wp\/v2\/media\/14975"}],"wp:attachment":[{"href":"https:\/\/bisbalpenedes.com\/web\/wp-json\/wp\/v2\/media?parent=15589"}],"wp:term":[{"taxonomy":"category","embeddable":true,"href":"https:\/\/bisbalpenedes.com\/web\/wp-json\/wp\/v2\/categories?post=15589"},{"taxonomy":"post_tag","embeddable":true,"href":"https:\/\/bisbalpenedes.com\/web\/wp-json\/wp\/v2\/tags?post=15589"}],"curies":[{"name":"wp","href":"https:\/\/api.w.org\/{rel}","templated":true}]}}