{"id":15581,"date":"2020-12-01T14:29:19","date_gmt":"2020-12-01T12:29:19","guid":{"rendered":"http:\/\/bisbalpenedes.com\/web\/?p=15581"},"modified":"2020-12-01T14:29:19","modified_gmt":"2020-12-01T12:29:19","slug":"de-l11-al-19-de-desembre-es-dura-a-terme-la-campanya-comercial-troba-la-llum-del-nadal","status":"publish","type":"post","link":"https:\/\/bisbalpenedes.com\/web\/2020\/12\/01\/de-l11-al-19-de-desembre-es-dura-a-terme-la-campanya-comercial-troba-la-llum-del-nadal\/","title":{"rendered":"De l&#8217;11 al 19 de desembre es dur\u00e0 a terme la campanya comercial &#8220;Troba la llum del Nadal&#8221;"},"content":{"rendered":"<p style=\"text-align: justify;\"><a href=\"http:\/\/bisbalpenedes.com\/web\/wp-content\/uploads\/2020\/12\/ESTRELLA_troba1.jpg\"><img loading=\"lazy\" class=\"aligncenter size-medium wp-image-15582\" src=\"http:\/\/bisbalpenedes.com\/web\/wp-content\/uploads\/2020\/12\/ESTRELLA_troba1-300x248.jpg\" alt=\"ESTRELLA_troba1\" width=\"300\" height=\"248\" srcset=\"https:\/\/bisbalpenedes.com\/web\/wp-content\/uploads\/2020\/12\/ESTRELLA_troba1-300x248.jpg 300w, https:\/\/bisbalpenedes.com\/web\/wp-content\/uploads\/2020\/12\/ESTRELLA_troba1-600x496.jpg 600w, https:\/\/bisbalpenedes.com\/web\/wp-content\/uploads\/2020\/12\/ESTRELLA_troba1-768x635.jpg 768w, https:\/\/bisbalpenedes.com\/web\/wp-content\/uploads\/2020\/12\/ESTRELLA_troba1-1024x846.jpg 1024w\" sizes=\"(max-width: 300px) 100vw, 300px\" \/><\/a><\/p>\n<p style=\"text-align: justify;\"><span style=\"color: #000000;\">L\u2019Ajuntament de la Bisbal del Pened\u00e8s i la Cambra de Comer\u00e7 de Tarragona duran a terme una campanya per dinamitzar i donar visibilitat al teixit comercial local entre l\u201911 i el 19 de desembre. Aquesta campanya compta amb el suport de la Diputaci\u00f3 de Tarragona i consistir\u00e0 a premiar la fidelitat dels ve\u00efns que comprin a la Bisbal amb obsequis, promocions i amb la participaci\u00f3 en un sorteig de vals de compra. La iniciativa compta amb la participaci\u00f3 d\u2019una trentena de comer\u00e7os i empreses de serveis bisbalenques que duran a terme accions presencials i tamb\u00e9 iniciatives a trav\u00e9s d\u2019Instagram. Per aquest motiu, s\u2019ha ofert l\u2019opci\u00f3 de participar en una formaci\u00f3 gratu\u00efta sobre aquesta xarxa social a tots els comer\u00e7os i serveis del municipi.<\/span><\/p>\n<p style=\"text-align: justify;\"><span style=\"color: #000000;\"><strong>FUNCIONAMENT DE LA CAMPANYA<\/strong><\/span><\/p>\n<p style=\"text-align: justify;\"><span style=\"color: #000000;\">El funcionament de la campanya ser\u00e0 el seg\u00fcent: els clients que adquireixin serveis o vagin a comprar als comer\u00e7os bisbalencs, podran anar omplint una butlleta amb els segells d\u2019aquestes empreses. Quan tinguin el segell de cinc establiments diferents, podran passar per l\u2019Ajuntament per recollir un obsequi, \u201cLa Llum del Nadal\u201d (se n\u2019entregar\u00e0 una per fam\u00edlia). D\u2019altra banda, totes aquelles persones que entreguin les seves butlletes a l\u2019Ajuntament participaran en el sorteig de dos vals de compra de 100\u20ac cadascun per adquirir productes o serveis a la Bisbal.<\/span><\/p>\n<p style=\"text-align: justify;\"><a href=\"http:\/\/bisbalpenedes.com\/web\/wp-content\/uploads\/2020\/12\/EN_TROBALLUM3_detras.jpg\"><img loading=\"lazy\" class=\"aligncenter size-medium wp-image-15585\" src=\"http:\/\/bisbalpenedes.com\/web\/wp-content\/uploads\/2020\/12\/EN_TROBALLUM3_detras-300x300.jpg\" alt=\"EN_TROBALLUM3_detras\" width=\"300\" height=\"300\" srcset=\"https:\/\/bisbalpenedes.com\/web\/wp-content\/uploads\/2020\/12\/EN_TROBALLUM3_detras-300x300.jpg 300w, https:\/\/bisbalpenedes.com\/web\/wp-content\/uploads\/2020\/12\/EN_TROBALLUM3_detras-100x100.jpg 100w, https:\/\/bisbalpenedes.com\/web\/wp-content\/uploads\/2020\/12\/EN_TROBALLUM3_detras-600x600.jpg 600w, https:\/\/bisbalpenedes.com\/web\/wp-content\/uploads\/2020\/12\/EN_TROBALLUM3_detras-150x150.jpg 150w, https:\/\/bisbalpenedes.com\/web\/wp-content\/uploads\/2020\/12\/EN_TROBALLUM3_detras-768x768.jpg 768w, https:\/\/bisbalpenedes.com\/web\/wp-content\/uploads\/2020\/12\/EN_TROBALLUM3_detras-1024x1024.jpg 1024w\" sizes=\"(max-width: 300px) 100vw, 300px\" \/><\/a><\/p>\n<p style=\"text-align: justify;\"><span style=\"color: #000000;\">Quant a Instagram, els comer\u00e7os i serveis que participen en la campanya aniran mostrant els seus productes, serveis, ofertes i promocions a trav\u00e9s d\u2019aquesta xarxa social. La campanya es vehicular\u00e0 a trav\u00e9s de l\u2019etiqueta #JoComproALaBisbal i les botigues amb establiment f\u00edsic tamb\u00e9 oferiran una bossa reutilitzable a aquells clients que pengin una foto seva etiquetant l\u2019establiment on l\u2019hagin obtingut i afegint l\u2019etiqueta #JoComproALaBisbal a la publicaci\u00f3.<\/span><\/p>\n<p style=\"text-align: justify;\"><a href=\"http:\/\/bisbalpenedes.com\/web\/wp-content\/uploads\/2020\/12\/BOSSA_BAK_verde1.jpg\"><img loading=\"lazy\" class=\"aligncenter size-medium wp-image-15586\" src=\"http:\/\/bisbalpenedes.com\/web\/wp-content\/uploads\/2020\/12\/BOSSA_BAK_verde1-188x300.jpg\" alt=\"BOSSA_BAK_verde1\" width=\"188\" height=\"300\" srcset=\"https:\/\/bisbalpenedes.com\/web\/wp-content\/uploads\/2020\/12\/BOSSA_BAK_verde1-188x300.jpg 188w, https:\/\/bisbalpenedes.com\/web\/wp-content\/uploads\/2020\/12\/BOSSA_BAK_verde1-600x956.jpg 600w, https:\/\/bisbalpenedes.com\/web\/wp-content\/uploads\/2020\/12\/BOSSA_BAK_verde1-768x1223.jpg 768w, https:\/\/bisbalpenedes.com\/web\/wp-content\/uploads\/2020\/12\/BOSSA_BAK_verde1-643x1024.jpg 643w, https:\/\/bisbalpenedes.com\/web\/wp-content\/uploads\/2020\/12\/BOSSA_BAK_verde1-scaled.jpg 1607w\" sizes=\"(max-width: 188px) 100vw, 188px\" \/><\/a><\/p>\n<p style=\"text-align: justify;\"><span style=\"color: #000000;\">L\u2019alcaldessa de la Bisbal del Pened\u00e8s, Agn\u00e8s Ferr\u00e9, ha explicat que \u201cel programa s\u2019ha enfocat en dinamitzar el teixit comercial del municipi perqu\u00e8 aqu\u00ed tenim productes i serveis de proximitat i de molt bona qualitat i que, a m\u00e9s, donen molta vida a la Bisbal\u201d. D\u2019aquesta manera, l\u2019ajuntament vol potenciar l\u2019activitat comercial, ja que \u201camb motiu de la pand\u00e8mia de COVID-19 molts negocis han vist afectada la seva activitat econ\u00f2mica i, amb iniciatives com aquesta, el que pretenem \u00e9s donar-los un impuls, alhora que els dotem d\u2019eines perqu\u00e8 puguin potenciar la seva comunicaci\u00f3 a trav\u00e9s d\u2019internet\u201d.<\/span><\/p>\n<p style=\"text-align: justify;\"><span style=\"color: #000000;\"><strong>FORMACI\u00d3 SOBRE INSTAGRAM<\/strong><\/span><\/p>\n<p style=\"text-align: justify;\"><span style=\"color: #000000;\">El passat 10 de novembre la Cambra de Comer\u00e7 de Tarragona va engegar una formaci\u00f3 gratu\u00efta, sobre promoci\u00f3 i din\u00e0miques comercials a Instagram, adre\u00e7ada als comer\u00e7os i serveis bisbalencs. Aquesta preparaci\u00f3, que s\u2019imparteix en l\u00ednia, persegueix l\u2019objectiu que el teixit comercial local pugui aprendre a utilitzar aquesta eina per arribar als seus p\u00fablics objectiu de forma efectiva. La formaci\u00f3 culminar\u00e0 amb la campanya \u201cTroba la llum del Nadal\u201d, que es dur\u00e0 a terme de l\u201911 al 19 de desembre.<\/span><\/p>\n<p style=\"text-align: justify;\"><span style=\"color: #000000;\">La majoria dels establiments locals ja han comen\u00e7at a treballar amb Instagram, obrint o dinamitzant els seus perfils, i durant els dies de la campanya es potenciar\u00e0 l\u2019\u00fas d\u2019aquesta xarxa social tant des dels establiments com des de l\u2019<a href=\"https:\/\/www.instagram.com\/bisbalpenedes\/\" target=\"_blank\">Ajuntament de la Bisbal del Pened\u00e8s<\/a>, que publicar\u00e0 v\u00eddeos de presentaci\u00f3 dels establiments, comer\u00e7os i serveis de la Bisbal i difondr\u00e0 un anunci de la campanya.<\/span><\/p>\n<p style=\"text-align: justify;\"><span style=\"color: #000000;\">La presidenta de la Cambra de Comer\u00e7 de Tarragona, Laura Roig\u00e9, ha explicat que \u201caquesta campanya ha estat tot un repte per a la Cambra de Comer\u00e7 de Tarragona, perqu\u00e8 posa en pr\u00e0ctica un model demostratiu de treball que podr\u00e0 servir per a altres municipis petits o mitjans amb establiments de proximitat que fan m\u00e9s vius encara els nostres pobles i territoris\u201d. Roig\u00e9 ha destacat que \u201cl\u2019objectiu de la campanya \u00e9s donar visibilitat als establiments i les activitats econ\u00f2miques del municipi entre els seus habitants i els de la contornada, especialment a trav\u00e9s del m\u00f3n digital\u201d. Quant a la feina conjunta, Roig\u00e9 ha valorat positivament el treball realitzat a la Bisbal \u201cperqu\u00e8 hem aconseguit generar sinergies de treball entre l\u2019Ajuntament, la Cambra i els establiments, fent que aquests darrers siguin els protagonistes de la campanya de Nadal, aportant-los formaci\u00f3, assessorament i recursos\u201d.<\/span><\/p>\n<p style=\"text-align: justify;\"><span style=\"color: #000000;\">La regidora de Comer\u00e7, Judith Vidal, ha remarcat la import\u00e0ncia \u201cde donar suport al comer\u00e7 i als serveis locals en moments com l\u2019actual. Per\u00f2 no nom\u00e9s com a Ajuntament, tamb\u00e9 com a ciutadans. Comprant al comer\u00e7 local obtindrem un tracte personalitzat i de confian\u00e7a, un producte de proximitat i qualitat i, a m\u00e9s, ajudarem a enfortir l\u2019economia local. Els negocis locals donen molta vida al poble i ajuden a crear teixit social. Si tots contribu\u00efm en el seu funcionament, podem fer que puguin continuar treballant per a nosaltres, oferint-nos els seus productes i serveis\u201d.<\/span><\/p>\n<hr \/>\n<p style=\"text-align: justify;\"><a href=\"http:\/\/bisbalpenedes.com\/web\/wp-content\/uploads\/2020\/12\/ESTRELLA_troba1.jpg\"><img loading=\"lazy\" class=\"aligncenter size-medium wp-image-15582\" src=\"http:\/\/bisbalpenedes.com\/web\/wp-content\/uploads\/2020\/12\/ESTRELLA_troba1-300x248.jpg\" alt=\"ESTRELLA_troba1\" width=\"300\" height=\"248\" srcset=\"https:\/\/bisbalpenedes.com\/web\/wp-content\/uploads\/2020\/12\/ESTRELLA_troba1-300x248.jpg 300w, https:\/\/bisbalpenedes.com\/web\/wp-content\/uploads\/2020\/12\/ESTRELLA_troba1-600x496.jpg 600w, https:\/\/bisbalpenedes.com\/web\/wp-content\/uploads\/2020\/12\/ESTRELLA_troba1-768x635.jpg 768w, https:\/\/bisbalpenedes.com\/web\/wp-content\/uploads\/2020\/12\/ESTRELLA_troba1-1024x846.jpg 1024w\" sizes=\"(max-width: 300px) 100vw, 300px\" \/><\/a><\/p>\n<p style=\"text-align: justify;\"><span style=\"color: #000000;\"><strong>CASTELLANO |<\/strong>\u00a0El Ayuntamiento de la Bisbal del Pened\u00e8s y la C\u00e1mara de Comercio de Tarragona llevar\u00e1n a cabo una campa\u00f1a para dinamizar y dar visibilidad al tejido comercial local entre el 11 y el 19 de diciembre. Esta campa\u00f1a cuenta con el soporte de la Diputaci\u00f3n de Tarragona y consistir\u00e1 en premiar la fidelidad de los vecinos que compren en la Bisbal con obsequios, promociones y con la participaci\u00f3n en un sorteo de vales de compra. La iniciativa cuenta con la participaci\u00f3n de una treintena de comercios y empresas de servicios de la Bisbal que llevar\u00e1n a cabo acciones presenciales y tambi\u00e9n iniciativas a trav\u00e9s de Instagram. Por este motivo, se les ha ofrecido la opci\u00f3n de participar en una formaci\u00f3n gratuita sobre esta red social a todos los comercios y servicios del municipio.<\/span><\/p>\n<p style=\"text-align: justify;\"><span style=\"color: #000000;\"><strong>FUNCIONAMIENTO DE LA CAMPA\u00d1A<\/strong><\/span><\/p>\n<p style=\"text-align: justify;\"><span style=\"color: #000000;\">El funcionamiento de la campa\u00f1a ser\u00e1 el siguiente: los clientes que adquieran servicios o vayan a comprar a los comercios de la Bisbal, podr\u00e1n ir rellenando un tarjet\u00f3n con los sellos de estas empresas. Cuando tengan el sello de cinco establecimientos distintos, podr\u00e1n pasar por el Ayuntamiento para recoger un obsequio, \u201cLa luz de la Navidad\u201d (se entregar\u00e1 una por familia). Por otro lado, todas aquellas personas que entreguen sus tarjetones en el Ayuntamiento participar\u00e1n en el sorteo de dos vales de compra de 100\u20ac cada uno para adquirir productos o servicios en la Bisbal.<\/span><\/p>\n<p style=\"text-align: justify;\"><a href=\"http:\/\/bisbalpenedes.com\/web\/wp-content\/uploads\/2020\/12\/EN_TROBALLUM3_detras.jpg\"><img loading=\"lazy\" class=\"aligncenter size-medium wp-image-15585\" src=\"http:\/\/bisbalpenedes.com\/web\/wp-content\/uploads\/2020\/12\/EN_TROBALLUM3_detras-300x300.jpg\" alt=\"EN_TROBALLUM3_detras\" width=\"300\" height=\"300\" srcset=\"https:\/\/bisbalpenedes.com\/web\/wp-content\/uploads\/2020\/12\/EN_TROBALLUM3_detras-300x300.jpg 300w, https:\/\/bisbalpenedes.com\/web\/wp-content\/uploads\/2020\/12\/EN_TROBALLUM3_detras-100x100.jpg 100w, https:\/\/bisbalpenedes.com\/web\/wp-content\/uploads\/2020\/12\/EN_TROBALLUM3_detras-600x600.jpg 600w, https:\/\/bisbalpenedes.com\/web\/wp-content\/uploads\/2020\/12\/EN_TROBALLUM3_detras-150x150.jpg 150w, https:\/\/bisbalpenedes.com\/web\/wp-content\/uploads\/2020\/12\/EN_TROBALLUM3_detras-768x768.jpg 768w, https:\/\/bisbalpenedes.com\/web\/wp-content\/uploads\/2020\/12\/EN_TROBALLUM3_detras-1024x1024.jpg 1024w\" sizes=\"(max-width: 300px) 100vw, 300px\" \/><\/a><\/p>\n<p style=\"text-align: justify;\"><span style=\"color: #000000;\">En cuanto a Instagram, los comercios y servicios que participen en la campa\u00f1a ir\u00e1n mostrando sus productos, servicios, ofertas y promociones a trav\u00e9s de esta red social. La campa\u00f1a se vehicular\u00e1 a trav\u00e9s de la etiqueta #JoComproALaBisbal y las tiendas con establecimiento f\u00edsico tambi\u00e9n ofrecer\u00e1n una bolsa reutilizable a aquellos clientes que cuelguen una foto suya etiquetando el establecimiento donde la hayan obtenido y a\u00f1adiendo la etiqueta #JoComproALaBisbal en la publicaci\u00f3n.<\/span><\/p>\n<p style=\"text-align: justify;\"><a href=\"http:\/\/bisbalpenedes.com\/web\/wp-content\/uploads\/2020\/12\/BOSSA_BAK_verde1.jpg\"><img loading=\"lazy\" class=\"aligncenter size-medium wp-image-15586\" src=\"http:\/\/bisbalpenedes.com\/web\/wp-content\/uploads\/2020\/12\/BOSSA_BAK_verde1-188x300.jpg\" alt=\"BOSSA_BAK_verde1\" width=\"188\" height=\"300\" srcset=\"https:\/\/bisbalpenedes.com\/web\/wp-content\/uploads\/2020\/12\/BOSSA_BAK_verde1-188x300.jpg 188w, https:\/\/bisbalpenedes.com\/web\/wp-content\/uploads\/2020\/12\/BOSSA_BAK_verde1-600x956.jpg 600w, https:\/\/bisbalpenedes.com\/web\/wp-content\/uploads\/2020\/12\/BOSSA_BAK_verde1-768x1223.jpg 768w, https:\/\/bisbalpenedes.com\/web\/wp-content\/uploads\/2020\/12\/BOSSA_BAK_verde1-643x1024.jpg 643w, https:\/\/bisbalpenedes.com\/web\/wp-content\/uploads\/2020\/12\/BOSSA_BAK_verde1-scaled.jpg 1607w\" sizes=\"(max-width: 188px) 100vw, 188px\" \/><\/a><\/p>\n<p style=\"text-align: justify;\"><span style=\"color: #000000;\">La alcaldesa de la Bisbal del Pened\u00e8s, Agn\u00e8s Ferr\u00e9, ha explicado que \u201cEl programa se ha enfocado en dinamizar el tejido comercial del municipio porque aqu\u00ed tenemos productos y servicios de proximidad y de muy buena calidad y que, adem\u00e1s, dan mucha vida a la Bisbal\u201d. De esta manera, el ayuntamiento quiere potenciar la actividad comercial, ya que \u201ccon motivo de la pandemia de COVID-19 muchos negocios han visto afectada su actividad econ\u00f3mica y, con iniciativas como esta, lo que pretendemos es darles un impulso, a la vez que los dotamos de herramientas para que puedan potenciar su comunicaci\u00f3n a trav\u00e9s de internet\u201d.<\/span><\/p>\n<p style=\"text-align: justify;\"><span style=\"color: #000000;\"><strong>FORMACI\u00d3N SOBRE INSTAGRAM<\/strong><\/span><\/p>\n<p style=\"text-align: justify;\"><span style=\"color: #000000;\">El pasado 10 de noviembre la C\u00e1mara de Comercio de Tarragona inici\u00f3 una formaci\u00f3n gratuita, sobre promoci\u00f3n y din\u00e1micas comerciales en Instagram, dirigida a los comercios y servicios bisbalenses. Esta preparaci\u00f3n, que se imparte en l\u00ednea, persigue el objetivo de que el tejido comercial local pueda aprender a utilizar esta herramienta para llegar a sus p\u00fablicos objetivo de forma efectiva. La formaci\u00f3n culminar\u00e1 con la campa\u00f1a \u201cTroba la llum del Nadal\u201d, que se llevar\u00e1 a cabo del 11 al 19 de diciembre.<\/span><\/p>\n<p style=\"text-align: justify;\"><span style=\"color: #000000;\">La mayor\u00eda de los establecimientos locales ya han empezado a trabajar con Instagram, abriendo o dinamizando sus perfiles, y durante los d\u00edas de la campa\u00f1a se potenciar\u00e1 el uso de esta red social tanto desde los establecimientos como desde el <a href=\"https:\/\/www.instagram.com\/bisbalpenedes\/\" target=\"_blank\">Ayuntamiento de la Bisbal del Pened\u00e8s<\/a>, que publicar\u00e1 v\u00eddeos de presentaci\u00f3n de los establecimientos, comercios y servicios de la Bisbal y difundir\u00e1 un anuncio de la campa\u00f1a.<\/span><\/p>\n<p style=\"text-align: justify;\"><span style=\"color: #000000;\">La presidenta de la C\u00e1mara de Comercio de Tarragona, Laura Roig\u00e9, ha explicado que \u201cesta campa\u00f1a ha sido todo un reto para la C\u00e1mara de comercio de Tarragona, porque pone en pr\u00e1ctica un modelo demostrativo de trabajo que podr\u00e1 servir para otros municipios peque\u00f1os o medianos con establecimientos de proximidad que dan todav\u00eda m\u00e1s vida a nuestros pueblos y territorios\u201d. Roig\u00e9 ha destacado que \u201cel objetivo de la campa\u00f1a es dar visibilidad a los establecimientos y las actividades econ\u00f3micas del municipio entre sus habitantes y los de las cercan\u00edas, especialmente a trav\u00e9s del mundo digital\u201d. En cuanto al trabajo conjunto, Roig\u00e9 ha valorado positivamente el trabajo realizado en la Bisbal \u201cporque hemos conseguido generar sinergias de trabajo entre el Ayuntamiento, la C\u00e1mara y los establecimientos, haciendo que estos \u00faltimos sean los protagonistas de la campa\u00f1a de Navidad, aport\u00e1ndoles formaci\u00f3n, asesoramiento y recursos\u201d.<\/span><\/p>\n<p style=\"text-align: justify;\"><span style=\"color: #000000;\">La concejala de Comercio, Judith Vidal, ha remarcado la importancia \u201cde apoyar al comercio y a los servicios locales en momentos como el actual. Pero no solamente como Ayuntamiento, tambi\u00e9n como ciudadanos. Comprando en el comercio local obtendremos un trato personalizado y de confianza, un producto de proximidad y calidad y, adem\u00e1s, ayudaremos a fortalecer la econom\u00eda local. Los negocios locales dan mucha vida al pueblo y ayudan a crear tejido social. Si todos contribuimos a su funcionamiento, podremos hacer que puedan seguir trabajando para nosotros, ofreci\u00e9ndonos sus productos y servicios\u201d.<\/span><\/p>\n<p>&nbsp;<\/p>\n","protected":false},"excerpt":{"rendered":"<p>L\u2019Ajuntament de la Bisbal del Pened\u00e8s i la Cambra de Comer\u00e7 de Tarragona duran a terme una campanya per dinamitzar i donar visibilitat al teixit comercial local entre l\u201911 i &hellip; <a href=\"https:\/\/bisbalpenedes.com\/web\/2020\/12\/01\/de-l11-al-19-de-desembre-es-dura-a-terme-la-campanya-comercial-troba-la-llum-del-nadal\/\" class=\"more-link\">Read More<\/a><\/p>\n","protected":false},"author":4,"featured_media":15582,"comment_status":"closed","ping_status":"closed","sticky":false,"template":"","format":"standard","meta":[],"categories":[3860,8],"tags":[4195,1251,4246,329,4248,3643,673,4204,393,95,4247,999,3152,4245],"_links":{"self":[{"href":"https:\/\/bisbalpenedes.com\/web\/wp-json\/wp\/v2\/posts\/15581"}],"collection":[{"href":"https:\/\/bisbalpenedes.com\/web\/wp-json\/wp\/v2\/posts"}],"about":[{"href":"https:\/\/bisbalpenedes.com\/web\/wp-json\/wp\/v2\/types\/post"}],"author":[{"embeddable":true,"href":"https:\/\/bisbalpenedes.com\/web\/wp-json\/wp\/v2\/users\/4"}],"replies":[{"embeddable":true,"href":"https:\/\/bisbalpenedes.com\/web\/wp-json\/wp\/v2\/comments?post=15581"}],"version-history":[{"count":3,"href":"https:\/\/bisbalpenedes.com\/web\/wp-json\/wp\/v2\/posts\/15581\/revisions"}],"predecessor-version":[{"id":15587,"href":"https:\/\/bisbalpenedes.com\/web\/wp-json\/wp\/v2\/posts\/15581\/revisions\/15587"}],"wp:featuredmedia":[{"embeddable":true,"href":"https:\/\/bisbalpenedes.com\/web\/wp-json\/wp\/v2\/media\/15582"}],"wp:attachment":[{"href":"https:\/\/bisbalpenedes.com\/web\/wp-json\/wp\/v2\/media?parent=15581"}],"wp:term":[{"taxonomy":"category","embeddable":true,"href":"https:\/\/bisbalpenedes.com\/web\/wp-json\/wp\/v2\/categories?post=15581"},{"taxonomy":"post_tag","embeddable":true,"href":"https:\/\/bisbalpenedes.com\/web\/wp-json\/wp\/v2\/tags?post=15581"}],"curies":[{"name":"wp","href":"https:\/\/api.w.org\/{rel}","templated":true}]}}