{"id":15575,"date":"2020-11-30T10:14:51","date_gmt":"2020-11-30T08:14:51","guid":{"rendered":"http:\/\/bisbalpenedes.com\/web\/?p=15575"},"modified":"2020-11-30T10:14:51","modified_gmt":"2020-11-30T08:14:51","slug":"sobre-el-termini-dinscripcions-al-registre-dacces-als-ajuts-al-treball-autonom","status":"publish","type":"post","link":"https:\/\/bisbalpenedes.com\/web\/2020\/11\/30\/sobre-el-termini-dinscripcions-al-registre-dacces-als-ajuts-al-treball-autonom\/","title":{"rendered":"S&#8217;obre el termini d&#8217;inscripcions al registre d&#8217;acc\u00e9s als ajuts al treball aut\u00f2nom"},"content":{"rendered":"<div class=\"\" data-block=\"true\" data-editor=\"f3v0m\" data-offset-key=\"9bi5l-0-0\">\n<div class=\"_1mf _1mj\" style=\"text-align: left;\" data-offset-key=\"9bi5l-0-0\"><span data-offset-key=\"9bi5l-0-0\"><span data-text=\"true\"><span style=\"color: #000000;\">Des d\u2019avui dilluns 30 de novembre i fins al dilluns 7 de desembre els treballadors aut\u00f2noms poden inscriure\u2019s al registre d\u2019acc\u00e9s als ajuts al treball aut\u00f2nom. Trobareu m\u00e9s informaci\u00f3 a la infografia adjunta i en aquest enlla\u00e7:<\/span> <\/span><\/span><a href=\"https:\/\/canalempresa.gencat.cat\/ca\/01_que_voleu_fer\/mesuresempresesiautonoms\/mesures-economiques-i-socials-per-a-empreses-i-autonoms\/ajuts-i-prestacions-per-empreses-i-autonoms\/inscripcio-previa-ajuts-autonoms-microempreses\/\" target=\"_blank\"><span class=\"py34i1dx\"><span data-offset-key=\"9bi5l-1-0\"><span data-text=\"true\">https:\/\/canalempresa.gencat.cat\/ca\/01_que_voleu_fer\/mesuresempresesiautonoms\/mesures-economiques-i-socials-per-a-empreses-i-autonoms\/ajuts-i-prestacions-per-empreses-i-autonoms\/inscripcio-previa-ajuts-autonoms-microempreses\/<\/span><\/span><\/span><\/a><\/div>\n<\/div>\n<div class=\"\" data-block=\"true\" data-editor=\"f3v0m\" data-offset-key=\"f3ke0-0-0\">\n<div class=\"_1mf _1mj\" data-offset-key=\"f3ke0-0-0\"><span data-offset-key=\"f3ke0-0-0\">\u00a0<\/span><\/div>\n<\/div>\n<div class=\"\" data-block=\"true\" data-editor=\"f3v0m\" data-offset-key=\"drels-0-0\">\n<div class=\"_1mf _1mj\" data-offset-key=\"drels-0-0\">\n<hr \/>\n<p><span data-offset-key=\"drels-0-0\"><span data-text=\"true\"><br \/>\n<\/span><\/span><\/div>\n<\/div>\n<div class=\"\" data-block=\"true\" data-editor=\"f3v0m\" data-offset-key=\"fqh43-0-0\">\n<div class=\"_1mf _1mj\" data-offset-key=\"fqh43-0-0\"><span data-offset-key=\"dvcdq-0-0\"><span data-text=\"true\"><span style=\"color: #000000;\"><strong>CASTELLANO |<\/strong> Desde hoy lunes 30 de noviembre y hasta el lunes 7 de diciembre los trabajadores aut\u00f3nomos se pueden inscribir en el registro de acceso a las ayudas al trabajo aut\u00f3nomo. Encontrar\u00e9is m\u00e1s informaci\u00f3n en la infograf\u00eda adjunta y en este enlace:<\/span> <\/span><\/span><a href=\"https:\/\/canalempresa.gencat.cat\/ca\/01_que_voleu_fer\/mesuresempresesiautonoms\/mesures-economiques-i-socials-per-a-empreses-i-autonoms\/ajuts-i-prestacions-per-empreses-i-autonoms\/inscripcio-previa-ajuts-autonoms-microempreses\/\" target=\"_blank\"><span class=\"py34i1dx\"><span data-offset-key=\"dvcdq-1-0\"><span data-text=\"true\">https:\/\/canalempresa.gencat.cat\/ca\/01_que_voleu_fer\/mesuresempresesiautonoms\/mesures-economiques-i-socials-per-a-empreses-i-autonoms\/ajuts-i-prestacions-per-empreses-i-autonoms\/inscripcio-previa-ajuts-autonoms-microempreses\/<\/span><\/span><\/span><\/a><\/div>\n<div class=\"_1mf _1mj\" data-offset-key=\"fqh43-0-0\"><\/div>\n<\/div>\n<div class=\"_1mf _1mj\" data-offset-key=\"fqh43-0-0\"><a href=\"http:\/\/bisbalpenedes.com\/web\/wp-content\/uploads\/2020\/11\/ajuts-autonoms_page-0001.jpg\"><img loading=\"lazy\" class=\"aligncenter size-full wp-image-15576\" src=\"http:\/\/bisbalpenedes.com\/web\/wp-content\/uploads\/2020\/11\/ajuts-autonoms_page-0001.jpg\" alt=\"ajuts autonoms_page-0001\" width=\"1241\" height=\"1754\" srcset=\"https:\/\/bisbalpenedes.com\/web\/wp-content\/uploads\/2020\/11\/ajuts-autonoms_page-0001.jpg 1241w, https:\/\/bisbalpenedes.com\/web\/wp-content\/uploads\/2020\/11\/ajuts-autonoms_page-0001-600x848.jpg 600w, https:\/\/bisbalpenedes.com\/web\/wp-content\/uploads\/2020\/11\/ajuts-autonoms_page-0001-212x300.jpg 212w, https:\/\/bisbalpenedes.com\/web\/wp-content\/uploads\/2020\/11\/ajuts-autonoms_page-0001-768x1085.jpg 768w, https:\/\/bisbalpenedes.com\/web\/wp-content\/uploads\/2020\/11\/ajuts-autonoms_page-0001-725x1024.jpg 725w\" sizes=\"(max-width: 1241px) 100vw, 1241px\" \/><\/a><\/div>\n<div class=\"\" data-block=\"true\" data-editor=\"f3v0m\" data-offset-key=\"9hvvp-0-0\">\n<div class=\"_1mf _1mj\" data-offset-key=\"9hvvp-0-0\"><span data-offset-key=\"9hvvp-0-0\">\u00a0<\/span><\/div>\n<\/div>\n<div class=\"\" data-block=\"true\" data-editor=\"f3v0m\" data-offset-key=\"4siq2-0-0\">\n<div class=\"_1mf _1mj\" data-offset-key=\"4siq2-0-0\"><\/div>\n<\/div>\n","protected":false},"excerpt":{"rendered":"<p>Des d\u2019avui dilluns 30 de novembre i fins al dilluns 7 de desembre els treballadors aut\u00f2noms poden inscriure\u2019s al registre d\u2019acc\u00e9s als ajuts al treball aut\u00f2nom. Trobareu m\u00e9s informaci\u00f3 a &hellip; <a href=\"https:\/\/bisbalpenedes.com\/web\/2020\/11\/30\/sobre-el-termini-dinscripcions-al-registre-dacces-als-ajuts-al-treball-autonom\/\" class=\"more-link\">Read More<\/a><\/p>\n","protected":false},"author":4,"featured_media":15576,"comment_status":"closed","ping_status":"closed","sticky":false,"template":"","format":"standard","meta":[],"categories":[1628,8,3431],"tags":[4241,163,176,4242,4244,102,4243],"_links":{"self":[{"href":"https:\/\/bisbalpenedes.com\/web\/wp-json\/wp\/v2\/posts\/15575"}],"collection":[{"href":"https:\/\/bisbalpenedes.com\/web\/wp-json\/wp\/v2\/posts"}],"about":[{"href":"https:\/\/bisbalpenedes.com\/web\/wp-json\/wp\/v2\/types\/post"}],"author":[{"embeddable":true,"href":"https:\/\/bisbalpenedes.com\/web\/wp-json\/wp\/v2\/users\/4"}],"replies":[{"embeddable":true,"href":"https:\/\/bisbalpenedes.com\/web\/wp-json\/wp\/v2\/comments?post=15575"}],"version-history":[{"count":1,"href":"https:\/\/bisbalpenedes.com\/web\/wp-json\/wp\/v2\/posts\/15575\/revisions"}],"predecessor-version":[{"id":15577,"href":"https:\/\/bisbalpenedes.com\/web\/wp-json\/wp\/v2\/posts\/15575\/revisions\/15577"}],"wp:featuredmedia":[{"embeddable":true,"href":"https:\/\/bisbalpenedes.com\/web\/wp-json\/wp\/v2\/media\/15576"}],"wp:attachment":[{"href":"https:\/\/bisbalpenedes.com\/web\/wp-json\/wp\/v2\/media?parent=15575"}],"wp:term":[{"taxonomy":"category","embeddable":true,"href":"https:\/\/bisbalpenedes.com\/web\/wp-json\/wp\/v2\/categories?post=15575"},{"taxonomy":"post_tag","embeddable":true,"href":"https:\/\/bisbalpenedes.com\/web\/wp-json\/wp\/v2\/tags?post=15575"}],"curies":[{"name":"wp","href":"https:\/\/api.w.org\/{rel}","templated":true}]}}